{"id":31134,"date":"2021-03-12T13:22:39","date_gmt":"2021-03-12T17:22:39","guid":{"rendered":"http:\/\/blogdalucianaoliveira.com.br\/blog\/?p=31134"},"modified":"2021-03-12T13:23:53","modified_gmt":"2021-03-12T17:23:53","slug":"presidente-do-setor-funerario-convida-bolsonaro-a-ser-coveiro-por-um-dia","status":"publish","type":"post","link":"http:\/\/blogdalucianaoliveira.com.br\/blog\/2021\/03\/12\/presidente-do-setor-funerario-convida-bolsonaro-a-ser-coveiro-por-um-dia\/","title":{"rendered":"Presidente do setor funer\u00e1rio convida Bolsonaro a ser coveiro por um dia"},"content":{"rendered":"\n<figure class=\"wp-block-image size-large\"><img data-recalc-dims=\"1\" loading=\"lazy\" decoding=\"async\" width=\"300\" height=\"180\" data-attachment-id=\"31135\" data-permalink=\"http:\/\/blogdalucianaoliveira.com.br\/blog\/2021\/03\/12\/presidente-do-setor-funerario-convida-bolsonaro-a-ser-coveiro-por-um-dia\/e16c2af8-f34c-4f3c-ab2e-e535589b6b02\/\" data-orig-file=\"https:\/\/i0.wp.com\/blogdalucianaoliveira.com.br\/blog\/wp-content\/uploads\/2021\/03\/E16C2AF8-F34C-4F3C-AB2E-E535589B6B02.jpeg?fit=300%2C180\" data-orig-size=\"300,180\" data-comments-opened=\"0\" data-image-meta=\"{&quot;aperture&quot;:&quot;0&quot;,&quot;credit&quot;:&quot;&quot;,&quot;camera&quot;:&quot;&quot;,&quot;caption&quot;:&quot;&quot;,&quot;created_timestamp&quot;:&quot;0&quot;,&quot;copyright&quot;:&quot;&quot;,&quot;focal_length&quot;:&quot;0&quot;,&quot;iso&quot;:&quot;0&quot;,&quot;shutter_speed&quot;:&quot;0&quot;,&quot;title&quot;:&quot;&quot;,&quot;orientation&quot;:&quot;0&quot;}\" data-image-title=\"E16C2AF8-F34C-4F3C-AB2E-E535589B6B02\" data-image-description=\"\" data-image-caption=\"\" data-medium-file=\"https:\/\/i0.wp.com\/blogdalucianaoliveira.com.br\/blog\/wp-content\/uploads\/2021\/03\/E16C2AF8-F34C-4F3C-AB2E-E535589B6B02.jpeg?fit=300%2C180\" data-large-file=\"https:\/\/i0.wp.com\/blogdalucianaoliveira.com.br\/blog\/wp-content\/uploads\/2021\/03\/E16C2AF8-F34C-4F3C-AB2E-E535589B6B02.jpeg?fit=300%2C180\" src=\"https:\/\/i0.wp.com\/blogdalucianaoliveira.com.br\/blog\/wp-content\/uploads\/2021\/03\/E16C2AF8-F34C-4F3C-AB2E-E535589B6B02.jpeg?resize=300%2C180\" alt=\"\" class=\"wp-image-31135\"\/><\/figure>\n\n\n\n<p>O presidente da Associa\u00e7\u00e3o Brasileira de Empresas e Diretores do Setor Funer\u00e1rio, Lourival Panhozzi, afirmou na quinta-feira 11 que o setor come\u00e7a a entrar em colapso. Em entrevista \u00e0 CNNBrasil, ele pediu medidas urgentes de conten\u00e7\u00e3o.<\/p>\n\n\n\n<!--more-->\n\n\n\n<p><strong>Carta Capital<\/strong><\/p>\n\n\n\n<p>\u201cO nosso setor est\u00e1 sendo testado ao limite. V\u00e1rias regi\u00f5es j\u00e1 est\u00e3o trabalhando em sua capacidade m\u00e1xima. E, se n\u00e3o forem tomadas medidas urgentes de conten\u00e7\u00e3o, contra o descontrole no aumento de casos, n\u00f3s vamos ter um cen\u00e1rio muito preocupante. Estamos \u00e0 beira do colapso. Estamos suportando, temos limites, mas \u00e9 bom que a sociedade n\u00e3o teste o nosso limite\u201d, afirmou.<\/p>\n\n\n\n<p> <\/p>\n\n\n\n<p>Panhozzi ainda criticou a condu\u00e7\u00e3o do presidente Jair Bolsonaro e o convidou para ser coveiro por um dia.<\/p>\n\n\n\n<p>\u201cO presidente Bolsonaro disse que n\u00e3o \u00e9 coveiro, n\u00e9? Convido a ser coveiro para ficar um dia numa funer\u00e1ria. S\u00f3 um dia, para acompanhar que est\u00e3o perdendo parentes, para ter a real no\u00e7\u00e3o do que est\u00e1 acontecendo no Brasil. N\u00e3o estamos sepultando urnas, estamos sepultando pessoas\u201d, disse.<\/p>\n\n\n\n<p>\u201cO Brasil tinha, antes, uma m\u00e9dia de 100 mil \u00f3bitos por m\u00eas. Esse n\u00famero se elevou muito. Antes eram em poucas regi\u00f5es, agora est\u00e1 disseminado em todo Brasil, mas principalmente no estado de S\u00e3o Paulo. Ent\u00e3o, v\u00e1rias empresas est\u00e3o trabalhando com o dobro de \u00f3bitos normais. Em Mogi eu fazia sete \u00f3bitos por dia. Ontem fiz 23 em um dia\u201d, esclarece.<\/p>\n\n\n\n<p>O Pa\u00eds registrou na quinta o segundo maior n\u00famero de mortes por Covid-19 em 24 horas: 2.233. Na v\u00e9spera, houve o registro recorde de 2.286 \u00f3bitos. O total de v\u00edtimas fatais da doen\u00e7a chegou a 272.889, segundo&nbsp;divulgado pelo Conselho Nacional de Secret\u00e1rios de Sa\u00fade. <\/p>\n\n\n\n<p><\/p>\n\n\n\n<p><\/p>\n\n\n\n<p><\/p>\n","protected":false},"excerpt":{"rendered":"<p>O presidente da Associa\u00e7\u00e3o Brasileira de Empresas e Diretores do Setor Funer\u00e1rio, Lourival Panhozzi, afirmou na quinta-feira 11 que o setor come\u00e7a a entrar em colapso. Em entrevista \u00e0 CNNBrasil, ele pediu medidas urgentes de conten\u00e7\u00e3o.<\/p>\n","protected":false},"author":1,"featured_media":0,"comment_status":"closed","ping_status":"open","sticky":false,"template":"","format":"standard","meta":{"_exactmetrics_skip_tracking":false,"_exactmetrics_sitenote_active":false,"_exactmetrics_sitenote_note":"","_exactmetrics_sitenote_category":0,"jetpack_post_was_ever_published":false,"_jetpack_newsletter_access":"","_jetpack_dont_email_post_to_subs":false,"_jetpack_newsletter_tier_id":0,"_jetpack_memberships_contains_paywalled_content":false,"_jetpack_memberships_contains_paid_content":false,"footnotes":"","jetpack_publicize_message":"","jetpack_publicize_feature_enabled":true,"jetpack_social_post_already_shared":true,"jetpack_social_options":{"image_generator_settings":{"template":"highway","enabled":false},"version":2}},"categories":[1],"tags":[],"class_list":["post-31134","post","type-post","status-publish","format-standard","hentry","category-notas"],"jetpack_publicize_connections":[],"jetpack_sharing_enabled":true,"jetpack_featured_media_url":"","jetpack_shortlink":"https:\/\/wp.me\/p7wKYW-86a","jetpack-related-posts":[],"_links":{"self":[{"href":"http:\/\/blogdalucianaoliveira.com.br\/blog\/wp-json\/wp\/v2\/posts\/31134","targetHints":{"allow":["GET"]}}],"collection":[{"href":"http:\/\/blogdalucianaoliveira.com.br\/blog\/wp-json\/wp\/v2\/posts"}],"about":[{"href":"http:\/\/blogdalucianaoliveira.com.br\/blog\/wp-json\/wp\/v2\/types\/post"}],"author":[{"embeddable":true,"href":"http:\/\/blogdalucianaoliveira.com.br\/blog\/wp-json\/wp\/v2\/users\/1"}],"replies":[{"embeddable":true,"href":"http:\/\/blogdalucianaoliveira.com.br\/blog\/wp-json\/wp\/v2\/comments?post=31134"}],"version-history":[{"count":2,"href":"http:\/\/blogdalucianaoliveira.com.br\/blog\/wp-json\/wp\/v2\/posts\/31134\/revisions"}],"predecessor-version":[{"id":31137,"href":"http:\/\/blogdalucianaoliveira.com.br\/blog\/wp-json\/wp\/v2\/posts\/31134\/revisions\/31137"}],"wp:attachment":[{"href":"http:\/\/blogdalucianaoliveira.com.br\/blog\/wp-json\/wp\/v2\/media?parent=31134"}],"wp:term":[{"taxonomy":"category","embeddable":true,"href":"http:\/\/blogdalucianaoliveira.com.br\/blog\/wp-json\/wp\/v2\/categories?post=31134"},{"taxonomy":"post_tag","embeddable":true,"href":"http:\/\/blogdalucianaoliveira.com.br\/blog\/wp-json\/wp\/v2\/tags?post=31134"}],"curies":[{"name":"wp","href":"https:\/\/api.w.org\/{rel}","templated":true}]}}