{"id":31141,"date":"2021-03-12T18:27:25","date_gmt":"2021-03-12T22:27:25","guid":{"rendered":"http:\/\/blogdalucianaoliveira.com.br\/blog\/?p=31141"},"modified":"2021-03-12T18:27:30","modified_gmt":"2021-03-12T22:27:30","slug":"fachin-mantem-anulacao-das-condenacoes-de-lula-na-lava-jato-e-envia-caso-ao-plenario-do-stf","status":"publish","type":"post","link":"http:\/\/blogdalucianaoliveira.com.br\/blog\/2021\/03\/12\/fachin-mantem-anulacao-das-condenacoes-de-lula-na-lava-jato-e-envia-caso-ao-plenario-do-stf\/","title":{"rendered":"Fachin mant\u00e9m anula\u00e7\u00e3o das condena\u00e7\u00f5es de Lula na Lava Jato e envia caso ao plen\u00e1rio do STF"},"content":{"rendered":"\n<figure class=\"wp-block-image size-large\"><img data-recalc-dims=\"1\" loading=\"lazy\" decoding=\"async\" width=\"455\" height=\"230\" data-attachment-id=\"31142\" data-permalink=\"http:\/\/blogdalucianaoliveira.com.br\/blog\/2021\/03\/12\/fachin-mantem-anulacao-das-condenacoes-de-lula-na-lava-jato-e-envia-caso-ao-plenario-do-stf\/08590d6b-0c49-4b42-bc70-97d328ab1ec8\/\" data-orig-file=\"https:\/\/i0.wp.com\/blogdalucianaoliveira.com.br\/blog\/wp-content\/uploads\/2021\/03\/08590D6B-0C49-4B42-BC70-97D328AB1EC8.jpeg?fit=455%2C230\" data-orig-size=\"455,230\" data-comments-opened=\"0\" data-image-meta=\"{&quot;aperture&quot;:&quot;0&quot;,&quot;credit&quot;:&quot;&quot;,&quot;camera&quot;:&quot;&quot;,&quot;caption&quot;:&quot;&quot;,&quot;created_timestamp&quot;:&quot;0&quot;,&quot;copyright&quot;:&quot;&quot;,&quot;focal_length&quot;:&quot;0&quot;,&quot;iso&quot;:&quot;0&quot;,&quot;shutter_speed&quot;:&quot;0&quot;,&quot;title&quot;:&quot;&quot;,&quot;orientation&quot;:&quot;0&quot;}\" data-image-title=\"08590D6B-0C49-4B42-BC70-97D328AB1EC8\" data-image-description=\"\" data-image-caption=\"\" data-medium-file=\"https:\/\/i0.wp.com\/blogdalucianaoliveira.com.br\/blog\/wp-content\/uploads\/2021\/03\/08590D6B-0C49-4B42-BC70-97D328AB1EC8.jpeg?fit=300%2C152\" data-large-file=\"https:\/\/i0.wp.com\/blogdalucianaoliveira.com.br\/blog\/wp-content\/uploads\/2021\/03\/08590D6B-0C49-4B42-BC70-97D328AB1EC8.jpeg?fit=455%2C230\" src=\"https:\/\/i0.wp.com\/blogdalucianaoliveira.com.br\/blog\/wp-content\/uploads\/2021\/03\/08590D6B-0C49-4B42-BC70-97D328AB1EC8.jpeg?resize=455%2C230\" alt=\"\" class=\"wp-image-31142\" srcset=\"https:\/\/i0.wp.com\/blogdalucianaoliveira.com.br\/blog\/wp-content\/uploads\/2021\/03\/08590D6B-0C49-4B42-BC70-97D328AB1EC8.jpeg?w=455 455w, https:\/\/i0.wp.com\/blogdalucianaoliveira.com.br\/blog\/wp-content\/uploads\/2021\/03\/08590D6B-0C49-4B42-BC70-97D328AB1EC8.jpeg?resize=300%2C152 300w\" sizes=\"auto, (max-width: 455px) 100vw, 455px\" \/><\/figure>\n\n\n\n<h4 class=\"wp-block-heading\">Ministro anulou condena\u00e7\u00f5es na segunda e, nesta sexta, PGR recorreu e pediu reconsidera\u00e7\u00e3o da decis\u00e3o ou envio do caso ao plen\u00e1rio. Defesa de Lula deve opinar sobre recurso.<\/h4>\n\n\n\n<!--more-->\n\n\n\n<p>Por M\u00e1rcio Falc\u00e3o e Fernanda Vivas, TV Globo&nbsp;\u2014 Bras\u00edlia<\/p>\n\n\n\n<p>O ministro&nbsp;<a href=\"https:\/\/g1.globo.com\/tudo-sobre\/luiz-edson-fachin\/\">Edson Fachin<\/a>, do Supremo Tribunal Federal (<a href=\"https:\/\/g1.globo.com\/tudo-sobre\/supremo-tribunal-federal\/\">STF<\/a>), decidiu nesta sexta-feira (12) manter a decis\u00e3o que&nbsp;<a href=\"https:\/\/g1.globo.com\/politica\/noticia\/2021\/03\/08\/fachin-anula-condenacoes-de-lula-relacionadas-a-operacao-lava-jato.ghtml\">anulou as condena\u00e7\u00f5es<\/a>&nbsp;do ex-presidente&nbsp;<a href=\"https:\/\/g1.globo.com\/politica\/politico\/lula\/\">Luiz In\u00e1cio Lula da Silva<\/a>&nbsp;pela Lava Jato na Justi\u00e7a Federal do Paran\u00e1.&nbsp;<\/p>\n\n\n\n<p>Fachin anulou as condena\u00e7\u00f5es&nbsp;<a href=\"https:\/\/g1.globo.com\/politica\/noticia\/2021\/03\/08\/fachin-anula-condenacoes-de-lula-relacionadas-a-operacao-lava-jato.ghtml\">na segunda-feira<\/a>. Com isso, Lula recuperou os direitos pol\u00edticos e voltou a ser eleg\u00edvel.&nbsp;<\/p>\n\n\n\n<p>Nesta sexta, a Procuradoria Geral da Rep\u00fablica (<a href=\"https:\/\/g1.globo.com\/tudo-sobre\/procuradoria-geral-da-republica\/\">PGR<\/a>)&nbsp;<a href=\"https:\/\/g1.globo.com\/politica\/noticia\/2021\/03\/12\/pgr-recorre-de-decisao-que-anulou-condenacoes-do-ex-presidente-lula-na-lava-jato.ghtml\">recorreu da decis\u00e3o<\/a>&nbsp;e pediu ao ministro que reconsiderasse o entendimento ou submetesse o caso ao plen\u00e1rio do STF.&nbsp;<\/p>\n\n\n\n<p>Fachin, ent\u00e3o, abriu prazo de cinco dias para que os advogados de Lula se manifestem sobre o recurso da PGR. Depois da defesa entregar as considera\u00e7\u00f5es, o ministro levar\u00e1 o caso para julgamento no plen\u00e1rio.&nbsp;<\/p>\n\n\n\n<p>&#8220;Mantenho as raz\u00f5es que levaram a conceder o habeas corpus, porquanto apliquei ao caso a orienta\u00e7\u00e3o majorit\u00e1ria do colegiado, a ser ou n\u00e3o mantida no pleno&#8221;, escreveu o ministro.&nbsp;<\/p>\n\n\n\n<p>Ao decidir sobre pedido de habeas corpus da defesa de Lula, apresentado em novembro do ano passado, Fachin declarou a incompet\u00eancia da Justi\u00e7a Federal do Paran\u00e1 para julgar quatro a\u00e7\u00f5es \u2014 triplex do Guaruj\u00e1; s\u00edtio de Atibaia; e duas relacionadas ao Instituto Lula.&nbsp;<\/p>\n\n\n\n<ul class=\"wp-block-list\"><li><strong>ENTENDA:<\/strong>&nbsp;<a href=\"https:\/\/g1.globo.com\/politica\/noticia\/2021\/03\/08\/entenda-a-decisao-de-fachin-que-anulou-as-condenacoes-de-lula-e-o-que-acontece-agora.ghtml\">a decis\u00e3o de Fachin<\/a><\/li><li><strong>REPERCUSS\u00c3O:<\/strong>&nbsp;<a href=\"https:\/\/g1.globo.com\/politica\/noticia\/2021\/03\/08\/saiba-como-politicos-reagiram-a-decisao-de-fachin-que-anulou-condenacoes-de-lula-na-lava-jato.ghtml\">saiba como o mundo pol\u00edtico reagiu<\/a><\/li><li><strong>\u00cdNTEGRA:<\/strong>&nbsp;<a href=\"http:\/\/estaticog1.globo.com\/2021\/03\/08\/hc193726ed.pdf?_ga=2.175707937.2057320018.1615230758-e2f71483-dd37-c4b5-1491-eee275b84782\">leia a \u00edntegra da decis\u00e3o de Fachin<\/a><\/li><\/ul>\n\n\n\n<p>Segundo o ministro, a 13\u00aa Vara Federal de Curitiba \u2014 cujos titulares na ocasi\u00e3o das condena\u00e7\u00f5es eram Sergio Moro (triplex) e Gabriela Hardt (s\u00edtio) \u2014 n\u00e3o era o &#8220;juiz natural&#8221; dos casos.&nbsp;<\/p>\n\n\n\n<p>Agora, os processos ser\u00e3o analisados pela Justi\u00e7a Federal do Distrito Federal, \u00e0 qual caber\u00e1 dizer se os atos realizados nos quatro processos podem ou n\u00e3o ser validados e reaproveitados.<\/p>\n\n\n\n<h2 class=\"wp-block-heading\">&#8216;Maior mentira jur\u00eddica em 500 anos&#8217;<\/h2>\n\n\n\n<p>Na \u00faltima quarta (10), dois dias ap\u00f3s a decis\u00e3o de Fachin, Lula fez um pronunciamento na sede do Sindicato dos Metal\u00fargicos, em S\u00e3o Bernardo do Campo (SP).&nbsp;<\/p>\n\n\n\n<p>O ex-presidente afirmou ter sido &#8220;<a href=\"https:\/\/g1.globo.com\/sp\/sao-paulo\/noticia\/2021\/03\/10\/lula-entrevista-anulacao-condenacoes-moro-lava-jato.ghtml\">v\u00edtima da maior mentira jur\u00eddica em 500 anos de Hist\u00f3ria<\/a>&#8220;.&nbsp;<\/p>\n\n\n\n<p>&#8220;Antes de eu ir [para a pris\u00e3o], n\u00f3s t\u00ednhamos escrito um livro, e eu fui a pessoa, dei a palavra final no t\u00edtulo do livro, que \u00e9 \u2018A verdade vencer\u00e1\u2019. Eu tinha tanta confian\u00e7a e tanta consci\u00eancia do que estava acontecendo no Brasil, que eu tinha certeza que esse dia chegaria, e ele chegou&#8221;, afirmou Lula.&nbsp;<\/p>\n\n\n\n<p>Ainda no discurso, de uma hora e 23 minutos de dura\u00e7\u00e3o, o ex-presidente tamb\u00e9m relacionou o caso dele ao sofrimento da popula\u00e7\u00e3o mais pobre durante a pandemia da Covid-19.&nbsp;<\/p>\n\n\n\n<p>&#8220;Se tem um brasileiro que tem raz\u00e3o de ter muitas e profundas m\u00e1goas sou eu, mas n\u00e3o tenho. Sinceramente, eu n\u00e3o tenho. Porque o sofrimento que o povo brasileiro est\u00e1 passando, o sofrimento que as pessoas pobres est\u00e3o passando neste pa\u00eds \u00e9 infinitamente maior do que qualquer crime que cometeram contra mim&#8221;, disse.<\/p>\n","protected":false},"excerpt":{"rendered":"<p>Ministro anulou condena\u00e7\u00f5es na segunda e, nesta sexta, PGR recorreu e pediu reconsidera\u00e7\u00e3o da decis\u00e3o ou envio do caso ao plen\u00e1rio. Defesa de Lula deve opinar sobre recurso.<\/p>\n","protected":false},"author":1,"featured_media":0,"comment_status":"closed","ping_status":"open","sticky":false,"template":"","format":"standard","meta":{"_exactmetrics_skip_tracking":false,"_exactmetrics_sitenote_active":false,"_exactmetrics_sitenote_note":"","_exactmetrics_sitenote_category":0,"jetpack_post_was_ever_published":false,"_jetpack_newsletter_access":"","_jetpack_dont_email_post_to_subs":false,"_jetpack_newsletter_tier_id":0,"_jetpack_memberships_contains_paywalled_content":false,"_jetpack_memberships_contains_paid_content":false,"footnotes":"","jetpack_publicize_message":"","jetpack_publicize_feature_enabled":true,"jetpack_social_post_already_shared":true,"jetpack_social_options":{"image_generator_settings":{"template":"highway","enabled":false},"version":2}},"categories":[1],"tags":[],"class_list":["post-31141","post","type-post","status-publish","format-standard","hentry","category-notas"],"jetpack_publicize_connections":[],"jetpack_sharing_enabled":true,"jetpack_featured_media_url":"","jetpack_shortlink":"https:\/\/wp.me\/p7wKYW-86h","jetpack-related-posts":[],"_links":{"self":[{"href":"http:\/\/blogdalucianaoliveira.com.br\/blog\/wp-json\/wp\/v2\/posts\/31141","targetHints":{"allow":["GET"]}}],"collection":[{"href":"http:\/\/blogdalucianaoliveira.com.br\/blog\/wp-json\/wp\/v2\/posts"}],"about":[{"href":"http:\/\/blogdalucianaoliveira.com.br\/blog\/wp-json\/wp\/v2\/types\/post"}],"author":[{"embeddable":true,"href":"http:\/\/blogdalucianaoliveira.com.br\/blog\/wp-json\/wp\/v2\/users\/1"}],"replies":[{"embeddable":true,"href":"http:\/\/blogdalucianaoliveira.com.br\/blog\/wp-json\/wp\/v2\/comments?post=31141"}],"version-history":[{"count":1,"href":"http:\/\/blogdalucianaoliveira.com.br\/blog\/wp-json\/wp\/v2\/posts\/31141\/revisions"}],"predecessor-version":[{"id":31143,"href":"http:\/\/blogdalucianaoliveira.com.br\/blog\/wp-json\/wp\/v2\/posts\/31141\/revisions\/31143"}],"wp:attachment":[{"href":"http:\/\/blogdalucianaoliveira.com.br\/blog\/wp-json\/wp\/v2\/media?parent=31141"}],"wp:term":[{"taxonomy":"category","embeddable":true,"href":"http:\/\/blogdalucianaoliveira.com.br\/blog\/wp-json\/wp\/v2\/categories?post=31141"},{"taxonomy":"post_tag","embeddable":true,"href":"http:\/\/blogdalucianaoliveira.com.br\/blog\/wp-json\/wp\/v2\/tags?post=31141"}],"curies":[{"name":"wp","href":"https:\/\/api.w.org\/{rel}","templated":true}]}}