{"id":31144,"date":"2021-03-13T11:03:44","date_gmt":"2021-03-13T15:03:44","guid":{"rendered":"http:\/\/blogdalucianaoliveira.com.br\/blog\/?p=31144"},"modified":"2021-03-13T11:03:48","modified_gmt":"2021-03-13T15:03:48","slug":"lula-toma-a-primeira-dose-contra-coronavirus-vacina-e-imprescindivel","status":"publish","type":"post","link":"http:\/\/blogdalucianaoliveira.com.br\/blog\/2021\/03\/13\/lula-toma-a-primeira-dose-contra-coronavirus-vacina-e-imprescindivel\/","title":{"rendered":"Lula toma a primeira dose contra coronav\u00edrus: &#8220;vacina \u00e9 imprescind\u00edvel&#8221;"},"content":{"rendered":"\n<figure class=\"wp-block-image size-large\"><img data-recalc-dims=\"1\" loading=\"lazy\" decoding=\"async\" width=\"600\" height=\"377\" data-attachment-id=\"31145\" data-permalink=\"http:\/\/blogdalucianaoliveira.com.br\/blog\/2021\/03\/13\/lula-toma-a-primeira-dose-contra-coronavirus-vacina-e-imprescindivel\/dbda5fdf-196d-451a-ba6e-fc1c540c6ea3\/\" data-orig-file=\"https:\/\/i0.wp.com\/blogdalucianaoliveira.com.br\/blog\/wp-content\/uploads\/2021\/03\/DBDA5FDF-196D-451A-BA6E-FC1C540C6EA3.jpeg?fit=800%2C502\" data-orig-size=\"800,502\" data-comments-opened=\"0\" data-image-meta=\"{&quot;aperture&quot;:&quot;0&quot;,&quot;credit&quot;:&quot;&quot;,&quot;camera&quot;:&quot;&quot;,&quot;caption&quot;:&quot;&quot;,&quot;created_timestamp&quot;:&quot;0&quot;,&quot;copyright&quot;:&quot;&quot;,&quot;focal_length&quot;:&quot;0&quot;,&quot;iso&quot;:&quot;0&quot;,&quot;shutter_speed&quot;:&quot;0&quot;,&quot;title&quot;:&quot;&quot;,&quot;orientation&quot;:&quot;0&quot;}\" data-image-title=\"DBDA5FDF-196D-451A-BA6E-FC1C540C6EA3\" data-image-description=\"\" data-image-caption=\"\" data-medium-file=\"https:\/\/i0.wp.com\/blogdalucianaoliveira.com.br\/blog\/wp-content\/uploads\/2021\/03\/DBDA5FDF-196D-451A-BA6E-FC1C540C6EA3.jpeg?fit=300%2C188\" data-large-file=\"https:\/\/i0.wp.com\/blogdalucianaoliveira.com.br\/blog\/wp-content\/uploads\/2021\/03\/DBDA5FDF-196D-451A-BA6E-FC1C540C6EA3.jpeg?fit=600%2C377\" src=\"https:\/\/i0.wp.com\/blogdalucianaoliveira.com.br\/blog\/wp-content\/uploads\/2021\/03\/DBDA5FDF-196D-451A-BA6E-FC1C540C6EA3.jpeg?resize=600%2C377\" alt=\"\" class=\"wp-image-31145\" srcset=\"https:\/\/i0.wp.com\/blogdalucianaoliveira.com.br\/blog\/wp-content\/uploads\/2021\/03\/DBDA5FDF-196D-451A-BA6E-FC1C540C6EA3.jpeg?w=800 800w, https:\/\/i0.wp.com\/blogdalucianaoliveira.com.br\/blog\/wp-content\/uploads\/2021\/03\/DBDA5FDF-196D-451A-BA6E-FC1C540C6EA3.jpeg?resize=300%2C188 300w, https:\/\/i0.wp.com\/blogdalucianaoliveira.com.br\/blog\/wp-content\/uploads\/2021\/03\/DBDA5FDF-196D-451A-BA6E-FC1C540C6EA3.jpeg?resize=768%2C482 768w, https:\/\/i0.wp.com\/blogdalucianaoliveira.com.br\/blog\/wp-content\/uploads\/2021\/03\/DBDA5FDF-196D-451A-BA6E-FC1C540C6EA3.jpeg?resize=478%2C300 478w\" sizes=\"auto, (max-width: 600px) 100vw, 600px\" \/><\/figure>\n\n\n\n<h4 class=\"wp-block-heading\">Ex-presidente recebeu a imuniza\u00e7\u00e3o desenvolvida pelo Instituto Butantan em S\u00e3o Bernardo do Campo neste s\u00e1bado (13)<\/h4>\n\n\n\n<!--more-->\n\n\n\n<p>Brasil de Fato | S\u00e3o Paulo<\/p>\n\n\n\n<p>O ex-presidente Luis In\u00e1cio Lula da Silva recebeu a primeira dose da vacina contra a covid-19 na manh\u00e3 deste s\u00e1bado (13), em S\u00e3o Bernardo do Campo.&nbsp;O momento foi acompanhado por diversos apoiadores e profissionais da imprensa, que registraram a imuniza\u00e7\u00e3o. Lula tem 75 anos, e est\u00e1 dentro da atual faixa et\u00e1ria de imuniza\u00e7\u00e3o no Estado de S\u00e3o Paulo.<\/p>\n\n\n\n<p>Ap\u00f3s a vacina\u00e7\u00e3o, ele gravou um v\u00eddeo, ainda dentro do carro, ressaltando a import\u00e2ncia de se vacinar e de respeitar o isolamento social.&nbsp;&#8220;Eu pensei que jamais ia ficar dentro de casa e estou dentro de casa h\u00e1 um ano. \u00c9 poss\u00edvel. Ent\u00e3o, \u00e9 o seguinte, se voc\u00ea n\u00e3o gosta de voc\u00ea, goste da sua m\u00e3e, do seu pai, do seu filho, do seu neto. Goste da sua tia, dos seus amigos, porque se voc\u00ea pegou, voc\u00ea vai passar para eles. Ent\u00e3o, nem pegue e nem passe, esse \u00e9 o lema que o Brasil precisa. E por isso a vacina \u00e9 imprescind\u00edvel e o governo federal tem que assumir a responsabilidade de comprar vacina para todo mundo e distribuir para que todos os brasileiros tenham direito a uma vacina contra o coronav\u00edrus.&#8221;<\/p>\n\n\n\n<p>Ele tamb\u00e9m falou da postura negacionista do presidente Bolsonaro durante toda a pandemia. &#8220;Espero que essa vacina d\u00ea o resultado que eu sonho e que o povo brasileiro sonha, porque tudo que o brasileiro quer \u00e9 tomar uma vacina para se ver livre desse monstro chamado coronav\u00edrus. E por isso, o presidente da rep\u00fablica tem que parar de ser ignorante. O seu ministro da sa\u00fade precisa parar de falar como se as pessoas fossem ignorantes nesse pa\u00eds. Eles t\u00eam que aprender a respeitar o sentimento do povo brasileiro e garantir vacina pra todo mundo.&#8221;<br><br>A p\u00e1gina oficial de Lula no You Tube transmitiu o momento que o ex-presidente recebeu a vacina dentro do carro e foi orientado por uma enfermeira sobre os cuidados e poss\u00edveis efeitos colaterais:<\/p>\n\n\n\n<p>O ex-presidente estava acompanhado do&nbsp;m\u00e9dico&nbsp;e deputado&nbsp;federal Alexandre Padilha, que foi ministro da sa\u00fade na gest\u00e3o de Lula e de Dilma. Em sua p\u00e1gina no Twitter, Padilha afirma que Lula foi imunizado com a vacina produzida pelo Instituto Butantan. Ao lado de Lula no carro, Padilha disse que o ex-presidente vem trabalhando para a compra de vacinas.&nbsp;&#8220;Esse gesto eu sei que vai ser divulgado e espalhado pelo Brasil inteiro e incentivar outras pessoas. E eu acompanhei o senhor desde o come\u00e7o da pandemia, sei o quanto o senhor trabalhou para que essa vacina pudesse chegar ao povo brasileiro. N\u00e3o s\u00f3 essa como outras vacinas que o Brasil possa comprar. O que o Bolsonaro n\u00e3o compra, que os governadores e prefeitos possam comprar, e sei o quanto o senhor est\u00e1 trabalhando para isso. Ali\u00e1s, se contarem as horas que o presidente trabalhou pra trazer vacina pro Brasil e comparar com a do Bolsonaro vai ver que o presidente Lula se dedicou muito mais do que o Bolsonaro para trazer vacina pro pa\u00eds.&#8221;<br>&nbsp;<\/p>\n\n\n\n<p>Lula tamb\u00e9m mandou recado para os empres\u00e1rios brasileiros que se posicionam contra o&nbsp;<em>lockdown<\/em>&nbsp;e mant\u00e9m os trabalhadores em regime presencial, mesmo com os riscos de contamina\u00e7\u00e3o:<\/p>\n\n\n\n<p>&#8220;Acho que as empresas que querem que o trabalhador&nbsp;v\u00e1 trabalhar, comprem vacina e deem vacina no seu povo, porque os empres\u00e1rios que fazem greve contra lockdown tem que assumir a responsabilidade. O que n\u00e3o pode \u00e9 exigir que as pessoas v\u00e3o trabalhar e n\u00e3o d\u00ea a pessoa a prote\u00e7\u00e3o necess\u00e1ria.&#8221;<br><br>O ex-presidente foi diagnosticado com a&nbsp;doen\u00e7a enquanto viajava para Cuba em 26 de dezembro de 2020 e teve broncopneumonia associada a covid-19, mas n\u00e3o precisou ser internado e fez isolamento social e recebeu cuidados m\u00e9dicos na pr\u00f3pria ilha.<\/p>\n\n\n\n<p>Edi\u00e7\u00e3o: Camila Salmazio<\/p>\n","protected":false},"excerpt":{"rendered":"<p>Ex-presidente recebeu a imuniza\u00e7\u00e3o desenvolvida pelo Instituto Butantan em S\u00e3o Bernardo do Campo neste s\u00e1bado (13)<\/p>\n","protected":false},"author":1,"featured_media":0,"comment_status":"closed","ping_status":"open","sticky":false,"template":"","format":"standard","meta":{"_exactmetrics_skip_tracking":false,"_exactmetrics_sitenote_active":false,"_exactmetrics_sitenote_note":"","_exactmetrics_sitenote_category":0,"jetpack_post_was_ever_published":false,"_jetpack_newsletter_access":"","_jetpack_dont_email_post_to_subs":false,"_jetpack_newsletter_tier_id":0,"_jetpack_memberships_contains_paywalled_content":false,"_jetpack_memberships_contains_paid_content":false,"footnotes":"","jetpack_publicize_message":"","jetpack_publicize_feature_enabled":true,"jetpack_social_post_already_shared":true,"jetpack_social_options":{"image_generator_settings":{"template":"highway","enabled":false},"version":2}},"categories":[1],"tags":[],"class_list":["post-31144","post","type-post","status-publish","format-standard","hentry","category-notas"],"jetpack_publicize_connections":[],"jetpack_sharing_enabled":true,"jetpack_featured_media_url":"","jetpack_shortlink":"https:\/\/wp.me\/p7wKYW-86k","jetpack-related-posts":[],"_links":{"self":[{"href":"http:\/\/blogdalucianaoliveira.com.br\/blog\/wp-json\/wp\/v2\/posts\/31144","targetHints":{"allow":["GET"]}}],"collection":[{"href":"http:\/\/blogdalucianaoliveira.com.br\/blog\/wp-json\/wp\/v2\/posts"}],"about":[{"href":"http:\/\/blogdalucianaoliveira.com.br\/blog\/wp-json\/wp\/v2\/types\/post"}],"author":[{"embeddable":true,"href":"http:\/\/blogdalucianaoliveira.com.br\/blog\/wp-json\/wp\/v2\/users\/1"}],"replies":[{"embeddable":true,"href":"http:\/\/blogdalucianaoliveira.com.br\/blog\/wp-json\/wp\/v2\/comments?post=31144"}],"version-history":[{"count":1,"href":"http:\/\/blogdalucianaoliveira.com.br\/blog\/wp-json\/wp\/v2\/posts\/31144\/revisions"}],"predecessor-version":[{"id":31146,"href":"http:\/\/blogdalucianaoliveira.com.br\/blog\/wp-json\/wp\/v2\/posts\/31144\/revisions\/31146"}],"wp:attachment":[{"href":"http:\/\/blogdalucianaoliveira.com.br\/blog\/wp-json\/wp\/v2\/media?parent=31144"}],"wp:term":[{"taxonomy":"category","embeddable":true,"href":"http:\/\/blogdalucianaoliveira.com.br\/blog\/wp-json\/wp\/v2\/categories?post=31144"},{"taxonomy":"post_tag","embeddable":true,"href":"http:\/\/blogdalucianaoliveira.com.br\/blog\/wp-json\/wp\/v2\/tags?post=31144"}],"curies":[{"name":"wp","href":"https:\/\/api.w.org\/{rel}","templated":true}]}}