{"id":31147,"date":"2021-03-13T11:08:46","date_gmt":"2021-03-13T15:08:46","guid":{"rendered":"http:\/\/blogdalucianaoliveira.com.br\/blog\/?p=31147"},"modified":"2021-03-13T11:08:49","modified_gmt":"2021-03-13T15:08:49","slug":"o-general-o-tuite-e-a-promessa","status":"publish","type":"post","link":"http:\/\/blogdalucianaoliveira.com.br\/blog\/2021\/03\/13\/o-general-o-tuite-e-a-promessa\/","title":{"rendered":"O GENERAL, O TU\u00cdTE E A PROMESSA"},"content":{"rendered":"\n<figure class=\"wp-block-image size-large\"><img loading=\"lazy\" decoding=\"async\" width=\"1200\" height=\"611\" data-attachment-id=\"31148\" data-permalink=\"http:\/\/blogdalucianaoliveira.com.br\/blog\/2021\/03\/13\/o-general-o-tuite-e-a-promessa\/b4b8e293-089c-4d00-8607-3b6f5b81c3be\/\" data-orig-file=\"https:\/\/i0.wp.com\/blogdalucianaoliveira.com.br\/blog\/wp-content\/uploads\/2021\/03\/B4B8E293-089C-4D00-8607-3B6F5B81C3BE.jpeg?fit=1200%2C611\" data-orig-size=\"1200,611\" data-comments-opened=\"0\" data-image-meta=\"{&quot;aperture&quot;:&quot;0&quot;,&quot;credit&quot;:&quot;&quot;,&quot;camera&quot;:&quot;&quot;,&quot;caption&quot;:&quot;&quot;,&quot;created_timestamp&quot;:&quot;0&quot;,&quot;copyright&quot;:&quot;&quot;,&quot;focal_length&quot;:&quot;0&quot;,&quot;iso&quot;:&quot;0&quot;,&quot;shutter_speed&quot;:&quot;0&quot;,&quot;title&quot;:&quot;&quot;,&quot;orientation&quot;:&quot;0&quot;}\" data-image-title=\"B4B8E293-089C-4D00-8607-3B6F5B81C3BE\" data-image-description=\"\" data-image-caption=\"\" data-medium-file=\"https:\/\/i0.wp.com\/blogdalucianaoliveira.com.br\/blog\/wp-content\/uploads\/2021\/03\/B4B8E293-089C-4D00-8607-3B6F5B81C3BE.jpeg?fit=300%2C153\" data-large-file=\"https:\/\/i0.wp.com\/blogdalucianaoliveira.com.br\/blog\/wp-content\/uploads\/2021\/03\/B4B8E293-089C-4D00-8607-3B6F5B81C3BE.jpeg?fit=600%2C305\" src=\"https:\/\/i0.wp.com\/blogdalucianaoliveira.com.br\/blog\/wp-content\/uploads\/2021\/03\/B4B8E293-089C-4D00-8607-3B6F5B81C3BE.jpeg?fit=600%2C305\" alt=\"\" class=\"wp-image-31148\" srcset=\"https:\/\/i0.wp.com\/blogdalucianaoliveira.com.br\/blog\/wp-content\/uploads\/2021\/03\/B4B8E293-089C-4D00-8607-3B6F5B81C3BE.jpeg?w=1200 1200w, https:\/\/i0.wp.com\/blogdalucianaoliveira.com.br\/blog\/wp-content\/uploads\/2021\/03\/B4B8E293-089C-4D00-8607-3B6F5B81C3BE.jpeg?resize=300%2C153 300w, https:\/\/i0.wp.com\/blogdalucianaoliveira.com.br\/blog\/wp-content\/uploads\/2021\/03\/B4B8E293-089C-4D00-8607-3B6F5B81C3BE.jpeg?resize=1024%2C521 1024w, https:\/\/i0.wp.com\/blogdalucianaoliveira.com.br\/blog\/wp-content\/uploads\/2021\/03\/B4B8E293-089C-4D00-8607-3B6F5B81C3BE.jpeg?resize=768%2C391 768w, https:\/\/i0.wp.com\/blogdalucianaoliveira.com.br\/blog\/wp-content\/uploads\/2021\/03\/B4B8E293-089C-4D00-8607-3B6F5B81C3BE.jpeg?resize=589%2C300 589w\" sizes=\"auto, (max-width: 600px) 100vw, 600px\" \/><\/figure>\n\n\n\n<h3 class=\"wp-block-heading\">Dois meses antes da elei\u00e7\u00e3o de 2018, Villas B\u00f4as ouviu de Dias Toffoli garantias de que o STF manteria Lula preso&nbsp;<\/h3>\n\n\n\n<!--more-->\n\n\n\n<p><strong>MONICA GUGLIANO E T\u00c2NIA MONTEIRO<\/strong>, na Revista Piau\u00ed <\/p>\n\n\n\n<p>Na segunda-feira, 8 de mar\u00e7o, quando o ministro Edson Fachin anulou todas as senten\u00e7as que condenavam o ex-presidente Lula nas investiga\u00e7\u00f5es da Lava Jato, o general Eduardo Villas B\u00f4as, 69 anos, viu sua obra desmoronar subitamente. Com paci\u00eancia e m\u00e9todo, o general havia constru\u00eddo uma not\u00e1vel influ\u00eancia junto ao Supremo Tribunal Federal no decorrer de 2018, o ano decisivo em que Jair Bolsonaro foi eleito para o Pal\u00e1cio do Planalto. A estrat\u00e9gia de Villas B\u00f4as ganhou a arena p\u00fablica em\u00a0 3 de abril daquele ano, quando o STF se preparava para votar um\u00a0<em>habeas corpus<\/em>\u00a0que poderia livrar Lula da pris\u00e3o. O general, ent\u00e3o no cargo de comandante do Ex\u00e9rcito, disparou uma nota de 239 caracteres em sua conta pessoal no Twitter. Dizia o seguinte: \u201cAsseguro \u00e0 na\u00e7\u00e3o que o Ex\u00e9rcito brasileiro julga compartilhar o anseio de todos os cidad\u00e3os de bem de rep\u00fadio \u00e0 impunidade e de respeito \u00e0 Constitui\u00e7\u00e3o, \u00e0 paz social e \u00e0 democracia, bem como se mant\u00e9m atento \u00e0s suas miss\u00f5es constitucionais.\u201d No dia seguinte, depois de quase onze horas de discuss\u00e3o, os ministros rejeitaram o\u00a0<em>habeas corpus<\/em>\u00a0do petista por uma margem apertada: 6 votos a 5. Lula seria preso logo depois e estava definitivamente fora da elei\u00e7\u00e3o presidencial de 2018.<\/p>\n\n\n\n<p>H\u00e1 poucas semanas, o tu\u00edte de quase tr\u00eas anos atr\u00e1s voltou ao debate. O pesquisador Celso Castro, da Funda\u00e7\u00e3o Getulio Vargas (FGV), lan\u00e7ou o livro-depoimento&nbsp;<em>Villas B\u00f4as: conversa com o comandante,<\/em>&nbsp;no qual o general explica a g\u00eanese do tu\u00edte e diz que sua inten\u00e7\u00e3o n\u00e3o foi fazer uma \u201camea\u00e7a\u201d ao STF, mas apenas um \u201calerta\u201d. O que o general n\u00e3o contou \u00e9 que seu tu\u00edte ajudou a consolidar sua influ\u00eancia junto ao Supremo ainda antes da elei\u00e7\u00e3o presidencial. A prova lhe chegou no final de agosto, quase cinco meses depois da publica\u00e7\u00e3o do \u201ctu\u00edte de alerta\u201d. Em seu gabinete, decorado com retratos de fam\u00edlia e uma pintura de Duque de Caxias, patrono do Ex\u00e9rcito, o general recebeu o ministro Dias Toffoli, que assumiria a presid\u00eancia da corte dali a poucos dias, em 13 de setembro. Toffoli sentou-se em um dos sof\u00e1s, enquanto Villas B\u00f4as estava em uma cadeira de rodas, pois j\u00e1 sentia os primeiros efeitos da doen\u00e7a degenerativa que o acomete. Na \u00e9poca, divulgou-se apenas que, durante o encontro, Toffoli pediu ao general que lhe indicasse um militar para compor sua assessoria na presid\u00eancia do STF.<\/p>\n\n\n\n<p>O encontro, no entanto, foi bem mais do que isso. A um interlocutor, o general disse o seguinte, na \u00e9poca: \u201cEle [Toffoli] nos procurou e a\u00ed nos afirmou, nos garantiu: \u2018Voc\u00eas fiquem tranquilos. Enquanto eu estiver na presid\u00eancia [do STF] n\u00e3o haver\u00e1 altera\u00e7\u00e3o da lei de anistia e tampouco outras coisas de car\u00e1ter ideol\u00f3gico.\u2019\u201d Segundo o general, Toffoli tamb\u00e9m prometeu que Lula \u2013 a essa altura, j\u00e1 preso em Curitiba \u2013 n\u00e3o ganharia nenhum benef\u00edcio jur\u00eddico at\u00e9 a elei\u00e7\u00e3o presidencial, que ocorreria dentro de algumas semanas. \u201cNos afirmou que at\u00e9 a elei\u00e7\u00e3o ele n\u00e3o ia pautar nada que alterasse a situa\u00e7\u00e3o do presidente Lula, tanto do ponto de vista de puni\u00e7\u00e3o de segunda inst\u00e2ncia, quanto da quest\u00e3o da lei da ficha limpa eleitoral.\u201d<\/p>\n\n\n\n<p>A promessa de Toffoli era m\u00fasica para os ouvidos do general. Naquele momento, Villas B\u00f4as j\u00e1 enterrara outros nomes e se convencera de que a candidatura de Bolsonaro era a alternativa que havia sobrado. Mas, apesar de bem-vinda, a conversa com Toffoli n\u00e3o deixava de ser um enigma. Afinal, o ministro fizera carreira dentro do PT, fora nomeado para a corte por Lula e, para completar, era um dos cinco ministros que haviam votado a favor do petista no exame do&nbsp;<em>habeas corpus<\/em>&nbsp;em abril. Por tudo isso, o pedido de Toffoli para que lhe indicasse um nome para assessor\u00e1-lo deixou o general desconfiado, como ele pr\u00f3prio admitiu para o mesmo interlocutor. \u201cN\u00f3s ficamos inicialmente tentando interpretar qual era a inten\u00e7\u00e3o do Toffoli, se ele [estava] querendo buscar credibilidade, ser\u00e1 que \u00e9 alguma possibilidade de ele nos usar, ou se realmente \u00e9 uma inten\u00e7\u00e3o, \u00e9 um gesto, [para] marcar a presid\u00eancia dele com uma gest\u00e3o eficiente ancorada, n\u00e3o descolada, na realidade do pa\u00eds.\u201d<\/p>\n\n\n\n<p>\u00c0 \u00e9poca, em diversas ocasi\u00f5es, Villas B\u00f4as manifestara seu estranhamento com a aproxima\u00e7\u00e3o de Toffoli. O ministro passara a frequentar eventos no sal\u00e3o do quartel na Esplanada dos Minist\u00e9rios, conhecido como Forte Apache, um conjunto de edif\u00edcios numa \u00e1rea de mais de 100 mil metros quadrados deserta de \u00e1rvores e coberta por concreto.&nbsp;O general desconfiava do s\u00fabito interesse de Toffoli por causa de sua biografia pol\u00edtica e, tamb\u00e9m, das credenciais do magistrado: \u201cAs liga\u00e7\u00f5es que ele teve nos davam uma certa retic\u00eancia em rela\u00e7\u00e3o a esses dois aspectos: primeiro, a falta de saber jur\u00eddico; e, segundo, essa liga\u00e7\u00e3o com o PT.\u201d<\/p>\n\n\n\n<p>Depois de conversar com pessoas de sua confian\u00e7a, com destaque para o jurista Ives Gandra Martins, que elogiou Toffoli, o general convenceu-se de que o ministro era um aliado. Resolveu ent\u00e3o indicar o general Fernando Azevedo, que passara para a reserva meses antes e tinha um excelente di\u00e1logo com o ent\u00e3o ministro da Defesa, o general Joaquim Silva e Luna. Villas B\u00f4as consultou seu indicado. \u201cEu conversei com o Fernando, eu falei: \u2018Fernando, voc\u00ea \u00e9 o sujeito ideal, porque voc\u00ea tem autonomia, tem independ\u00eancia, tem toda essa experi\u00eancia, essa liga\u00e7\u00e3o conosco.\u2019 A\u00ed, o Fernando resolveu aceitar, ciente at\u00e9 de que imediatamente poderia ser criticado por pessoas que n\u00e3o o compreenderiam, e acho que at\u00e9 o Toffoli tamb\u00e9m recebeu alguma cr\u00edtica.\u201d&nbsp; (Hoje, os dois generais t\u00eam cargos no governo Bolsonaro: Azevedo \u00e9 o ministro da Defesa, e Silva e Luna ser\u00e1 em breve o presidente da Petrobras.)<\/p>\n\n\n\n<p>Por que o futuro presidente da mais alta corte do pa\u00eds visita o comandante do Ex\u00e9rcito para lhe prometer que Lula, o principal nome da oposi\u00e7\u00e3o a Bolsonaro, continuar\u00e1 na cadeia? Indagado sobre sua motiva\u00e7\u00e3o e sobre o di\u00e1logo, Toffoli, por meio de sua assessoria, disse o seguinte: \u201cNunca tratei de pauta com ele, nem ele comigo.\u201d<\/p>\n\n\n\n<p><strong>O<\/strong>general Villas B\u00f4as j\u00e1 tinha um \u201cexcelente relacionamento\u201d com o ministro Ricardo Lewandowski desde o tempo em que este presidiu o Supremo, entre 2014 e 2016. Lewandowski passou pelo Centro de Prepara\u00e7\u00e3o de Oficiais da Reserva (CPOR) em S\u00e3o Paulo e foi oficial de cavalaria, o que ajudou a aproxim\u00e1-los. O ministro Gilmar Mendes tamb\u00e9m fez um agrado que o general n\u00e3o esqueceu. \u201cEle me fez uma homenagem l\u00e1, me deu, de professor&nbsp;<em>honoris causa<\/em>&nbsp;l\u00e1 daquele instituto dele.\u201d Referia-se ao Instituto Brasiliense de Direito P\u00fablico (IDP), do qual o magistrado \u00e9 s\u00f3cio-fundador. Com a ministra C\u00e1rmen L\u00facia, o general chegou a \u201cdesenvolver uma rela\u00e7\u00e3o afetiva e de amizade muito grande\u201d. Conheceu o ministro Alexandre de Moraes durante o per\u00edodo em que ele ocupava o cargo de secret\u00e1rio de Seguran\u00e7a P\u00fablica do governo de S\u00e3o Paulo. \u201cDepois ele veio a ser ministro da Justi\u00e7a. Acabamos desenvolvendo uma amizade.\u201d Suas rela\u00e7\u00f5es eram mais formais com a ministra Rosa Weber e com o ministro Celso de Mello, ent\u00e3o decano da corte.<\/p>\n\n\n\n<p>Toffoli, no entanto, foi um caso especial. Villas B\u00f4as mudou de opini\u00e3o sobre o ministro. \u201cExiste uma ideia estereotipada, com ou sem raz\u00e3o, em rela\u00e7\u00e3o a ele. O pessoal o critica por ele n\u00e3o ter uma carreira jur\u00eddica de muita relev\u00e2ncia, muita consist\u00eancia.\u201d No dia 13 de setembro, o general p\u00f4de constatar o sucesso do \u201ctu\u00edte de alerta\u201d. Estava na posse de Toffoli, o magistrado que lhe prometera manter Lula na pris\u00e3o, e recebeu cumprimentos inesperados. Na \u00e9poca, Villas B\u00f4as comentou: \u201cEu achei interessante que na posse do Toffoli a quantidade de pessoas que vieram se solidarizar comigo, me cumprimentar, pessoas que eu nem conhecia, como o [diretor de cinema] Luiz Carlos Barreto, que eu nunca tinha visto, enaltecendo o meu nacionalismo, como aquele do Sistema S, como \u00e9 o nome dele? Guilherme Afif! Nunca tinha visto. O que foi presidente do STF, o Joaquim Barbosa\u2026 E olha, os ministros todos, eu fiquei impressionado com aquela onda de solidariedade e de apoio.\u201d<\/p>\n\n\n\n<p>Como o mundo d\u00e1 voltas, chegou o dia 8 de mar\u00e7o de 2021, o ministro Edson Fachin deu um cavalo de pau jur\u00eddico \u2013 e Lula est\u00e1 de volta ao cen\u00e1rio pol\u00edtico nacional. Em seu primeiro pronunciamento p\u00fablico depois da anula\u00e7\u00e3o das senten\u00e7as, Lula criticou o general pelo \u201ctu\u00edte de alerta\u201d divulgado meses antes da elei\u00e7\u00e3o presidencial. Disse que demitiria o militar que, no seu governo, fizesse uma manifesta\u00e7\u00e3o p\u00fablica com semelhante conte\u00fado pol\u00edtico. Os militares ficaram amuados com a cr\u00edtica de Lula ao ex-comandante do Ex\u00e9rcito. Villas B\u00f4as preferiu ficar calado. Toffoli, tamb\u00e9m.<\/p>\n","protected":false},"excerpt":{"rendered":"<p>Dois meses antes da elei\u00e7\u00e3o de 2018, Villas B\u00f4as ouviu de Dias Toffoli garantias de que o STF manteria Lula preso&nbsp;<\/p>\n","protected":false},"author":1,"featured_media":0,"comment_status":"closed","ping_status":"open","sticky":false,"template":"","format":"standard","meta":{"_exactmetrics_skip_tracking":false,"_exactmetrics_sitenote_active":false,"_exactmetrics_sitenote_note":"","_exactmetrics_sitenote_category":0,"jetpack_post_was_ever_published":false,"_jetpack_newsletter_access":"","_jetpack_dont_email_post_to_subs":false,"_jetpack_newsletter_tier_id":0,"_jetpack_memberships_contains_paywalled_content":false,"_jetpack_memberships_contains_paid_content":false,"footnotes":"","jetpack_publicize_message":"","jetpack_publicize_feature_enabled":true,"jetpack_social_post_already_shared":true,"jetpack_social_options":{"image_generator_settings":{"template":"highway","enabled":false},"version":2}},"categories":[1],"tags":[],"class_list":["post-31147","post","type-post","status-publish","format-standard","hentry","category-notas"],"jetpack_publicize_connections":[],"jetpack_sharing_enabled":true,"jetpack_featured_media_url":"","jetpack_shortlink":"https:\/\/wp.me\/p7wKYW-86n","jetpack-related-posts":[],"_links":{"self":[{"href":"http:\/\/blogdalucianaoliveira.com.br\/blog\/wp-json\/wp\/v2\/posts\/31147","targetHints":{"allow":["GET"]}}],"collection":[{"href":"http:\/\/blogdalucianaoliveira.com.br\/blog\/wp-json\/wp\/v2\/posts"}],"about":[{"href":"http:\/\/blogdalucianaoliveira.com.br\/blog\/wp-json\/wp\/v2\/types\/post"}],"author":[{"embeddable":true,"href":"http:\/\/blogdalucianaoliveira.com.br\/blog\/wp-json\/wp\/v2\/users\/1"}],"replies":[{"embeddable":true,"href":"http:\/\/blogdalucianaoliveira.com.br\/blog\/wp-json\/wp\/v2\/comments?post=31147"}],"version-history":[{"count":1,"href":"http:\/\/blogdalucianaoliveira.com.br\/blog\/wp-json\/wp\/v2\/posts\/31147\/revisions"}],"predecessor-version":[{"id":31149,"href":"http:\/\/blogdalucianaoliveira.com.br\/blog\/wp-json\/wp\/v2\/posts\/31147\/revisions\/31149"}],"wp:attachment":[{"href":"http:\/\/blogdalucianaoliveira.com.br\/blog\/wp-json\/wp\/v2\/media?parent=31147"}],"wp:term":[{"taxonomy":"category","embeddable":true,"href":"http:\/\/blogdalucianaoliveira.com.br\/blog\/wp-json\/wp\/v2\/categories?post=31147"},{"taxonomy":"post_tag","embeddable":true,"href":"http:\/\/blogdalucianaoliveira.com.br\/blog\/wp-json\/wp\/v2\/tags?post=31147"}],"curies":[{"name":"wp","href":"https:\/\/api.w.org\/{rel}","templated":true}]}}