{"id":31153,"date":"2021-03-14T16:38:51","date_gmt":"2021-03-14T20:38:51","guid":{"rendered":"http:\/\/blogdalucianaoliveira.com.br\/blog\/?p=31153"},"modified":"2021-03-17T11:48:25","modified_gmt":"2021-03-17T15:48:25","slug":"sarau-cantos-e-encantos-rondonienses","status":"publish","type":"post","link":"http:\/\/blogdalucianaoliveira.com.br\/blog\/2021\/03\/14\/sarau-cantos-e-encantos-rondonienses\/","title":{"rendered":"Sarau Cantos e Encantos Rondonienses"},"content":{"rendered":"\n<figure class=\"wp-block-image size-large\"><img loading=\"lazy\" decoding=\"async\" width=\"1080\" height=\"1080\" data-attachment-id=\"31154\" data-permalink=\"http:\/\/blogdalucianaoliveira.com.br\/blog\/2021\/03\/14\/sarau-cantos-e-encantos-rondonienses\/ebc21926-da98-4455-8737-49d353ed6799\/\" data-orig-file=\"https:\/\/i0.wp.com\/blogdalucianaoliveira.com.br\/blog\/wp-content\/uploads\/2021\/03\/EBC21926-DA98-4455-8737-49D353ED6799.jpeg?fit=1080%2C1080\" data-orig-size=\"1080,1080\" data-comments-opened=\"0\" data-image-meta=\"{&quot;aperture&quot;:&quot;0&quot;,&quot;credit&quot;:&quot;&quot;,&quot;camera&quot;:&quot;&quot;,&quot;caption&quot;:&quot;&quot;,&quot;created_timestamp&quot;:&quot;0&quot;,&quot;copyright&quot;:&quot;&quot;,&quot;focal_length&quot;:&quot;0&quot;,&quot;iso&quot;:&quot;0&quot;,&quot;shutter_speed&quot;:&quot;0&quot;,&quot;title&quot;:&quot;&quot;,&quot;orientation&quot;:&quot;0&quot;}\" data-image-title=\"EBC21926-DA98-4455-8737-49D353ED6799\" data-image-description=\"\" data-image-caption=\"\" data-medium-file=\"https:\/\/i0.wp.com\/blogdalucianaoliveira.com.br\/blog\/wp-content\/uploads\/2021\/03\/EBC21926-DA98-4455-8737-49D353ED6799.jpeg?fit=300%2C300\" data-large-file=\"https:\/\/i0.wp.com\/blogdalucianaoliveira.com.br\/blog\/wp-content\/uploads\/2021\/03\/EBC21926-DA98-4455-8737-49D353ED6799.jpeg?fit=600%2C600\" src=\"https:\/\/i0.wp.com\/blogdalucianaoliveira.com.br\/blog\/wp-content\/uploads\/2021\/03\/EBC21926-DA98-4455-8737-49D353ED6799.jpeg?fit=600%2C600\" alt=\"\" class=\"wp-image-31154\" srcset=\"https:\/\/i0.wp.com\/blogdalucianaoliveira.com.br\/blog\/wp-content\/uploads\/2021\/03\/EBC21926-DA98-4455-8737-49D353ED6799.jpeg?w=1080 1080w, https:\/\/i0.wp.com\/blogdalucianaoliveira.com.br\/blog\/wp-content\/uploads\/2021\/03\/EBC21926-DA98-4455-8737-49D353ED6799.jpeg?resize=300%2C300 300w, https:\/\/i0.wp.com\/blogdalucianaoliveira.com.br\/blog\/wp-content\/uploads\/2021\/03\/EBC21926-DA98-4455-8737-49D353ED6799.jpeg?resize=1024%2C1024 1024w, https:\/\/i0.wp.com\/blogdalucianaoliveira.com.br\/blog\/wp-content\/uploads\/2021\/03\/EBC21926-DA98-4455-8737-49D353ED6799.jpeg?resize=150%2C150 150w, https:\/\/i0.wp.com\/blogdalucianaoliveira.com.br\/blog\/wp-content\/uploads\/2021\/03\/EBC21926-DA98-4455-8737-49D353ED6799.jpeg?resize=768%2C768 768w\" sizes=\"auto, (max-width: 600px) 100vw, 600px\" \/><\/figure>\n\n\n\n<p>\u201cO evento ser\u00e1 um espa\u00e7o para que os artistas rondonienses apresentem suas produ\u00e7\u00f5es e ampliem, assim, a cena cultural local\u201d.<\/p>\n\n\n\n<!--more-->\n\n\n\n<p>Ser\u00e1 realizado, dia 19 de mar\u00e7o, com in\u00edcio \u00e0s 19h, de forma online, o \u201cSarau Cantos e Encantos Rondonienses\u201d. Pensado e planejado como uma mostra itinerante, o Sarau visa propiciar manifesta\u00e7\u00f5es art\u00edsticas que revelam os cantos e encantos rondonienses em linguagens e segmentos variados, como: artes visuais, audiovisual (curtas\/document\u00e1rios), m\u00fasica, poesia e interven\u00e7\u00f5es perform\u00e1ticas. O evento ser\u00e1 um espa\u00e7o para que os artistas rondonienses apresentem suas produ\u00e7\u00f5es e ampliem, assim, a cena cultural local.&nbsp;<\/p>\n\n\n\n<p>Pensando na democratiza\u00e7\u00e3o do acesso \u00e0s manifesta\u00e7\u00f5es art\u00edsticas e, tamb\u00e9m, pensando na necessidade de divulgar e enaltecer as cria\u00e7\u00f5es art\u00edsticas de Rond\u00f4nia, o Sarau Cantos e Encantos pretende ser um mediador entre o artista e o p\u00fablico rondoniense. Idealizado no contexto da pandemia do novo Coronav\u00edrus, e tendo ci\u00eancia da gravidade do momento em que passamos, o Sarau foi planejado de forma respons\u00e1vel: as apresenta\u00e7\u00f5es art\u00edsticas acontecer\u00e3o de forma virtual, gravadas e ao vivo, sendo transmitidas via&nbsp;<em>Youtube<\/em>&nbsp;pelo canal \u201cVozes e Encantos Amaz\u00f4nicos\u201d (<a href=\"https:\/\/www.youtube.com\/c\/VozeseEnCantosAmaz%C3%B4nicos\">INSCREVA-SE NO CANAL AQUI<\/a>).<\/p>\n\n\n\n<p>As apresenta\u00e7\u00f5es ser\u00e3o realizadas atendendo \u00e0s exig\u00eancias de seguran\u00e7a estabelecidas nos \u00faltimos decretos em voga, zelando pela seguran\u00e7a dos artistas que se apresentar\u00e3o ao vivo. Al\u00e9m disso, as apresenta\u00e7\u00f5es contaram com int\u00e9rprete de Libras, visando o aproveitamento do evento por parte da comunidade surda.<\/p>\n\n\n\n<p>O projeto do Sarau Cantos e Encantos Rondonienses foi apresentado e selecionado pelo Edital N\u00ba 80\/2020\/SEJUCEL-CODEC: 1\u00aa Edi\u00e7\u00e3o Pacc\u00e1s Novos do Edital de Chamamento P\u00fablico para Difus\u00e3o de Festivais, mostras e Feiras Art\u00edsticas e Culturais &#8211; Eixo II, item IV &#8211; Artes Integradas.<\/p>\n\n\n\n<p>A coordena\u00e7\u00e3o geral do Sarau \u00e9 do professor e produtor cultural Renato Caetano e do Coletivo Vozes e EnCantos Amaz\u00f4nicos.<\/p>\n\n\n\n<p><strong>Apresenta\u00e7\u00f5es<\/strong>:<\/p>\n\n\n\n<p><strong>\u2013 M\u00fasicas<\/strong>: Grupo Minhas Ra\u00edzes (Distrito de Nazar\u00e9); Wesllen e Jhonatan.<\/p>\n\n\n\n<p><strong>\u2013 Poesias<\/strong>: Rog\u00e9rio; Mari Bhrusck; Mateus (Poesia Surda); Cliuson Torres; Wesllen; Jhonatan<\/p>\n\n\n\n<p><strong>\u2013 Artes visuais<\/strong>: Bot\u00f4to; NasArtes; Eva Alves; Bruno Cruz; Renato Caetano.<\/p>\n\n\n\n<p><strong>\u2013 Audiovisual<\/strong>: \u00c9dier William; Coletivo Vozes e Encantos Amaz\u00f4nicos.<\/p>\n\n\n\n<p><strong>\u2013 Performances<\/strong>: Lucas Mura (Reserva Extrativista Rio Ouro Preto &#8211; Guajar\u00e1-Mirim); Bot\u00f4to (Planeta Hosp\u00edcio!).<\/p>\n\n\n\n<p>Link para acesso:&nbsp;<a href=\"https:\/\/www.youtube.com\/c\/VozeseEnCantosAmaz%C3%B4nicos\"><strong>https:\/\/www.youtube.com\/c\/VozeseEnCantosAmaz\u00f4nicos<\/strong><\/a><\/p>\n\n\n\n<p>Autor: Jos\u00e9 Maiko Farias Amim<\/p>\n","protected":false},"excerpt":{"rendered":"<p>\u201cO evento ser\u00e1 um espa\u00e7o para que os artistas rondonienses apresentem suas produ\u00e7\u00f5es e ampliem, assim, a cena cultural local\u201d.<\/p>\n","protected":false},"author":1,"featured_media":0,"comment_status":"closed","ping_status":"open","sticky":false,"template":"","format":"standard","meta":{"_exactmetrics_skip_tracking":false,"_exactmetrics_sitenote_active":false,"_exactmetrics_sitenote_note":"","_exactmetrics_sitenote_category":0,"jetpack_post_was_ever_published":false,"_jetpack_newsletter_access":"","_jetpack_dont_email_post_to_subs":false,"_jetpack_newsletter_tier_id":0,"_jetpack_memberships_contains_paywalled_content":false,"_jetpack_memberships_contains_paid_content":false,"footnotes":"","jetpack_publicize_message":"","jetpack_publicize_feature_enabled":true,"jetpack_social_post_already_shared":true,"jetpack_social_options":{"image_generator_settings":{"template":"highway","enabled":false},"version":2}},"categories":[1],"tags":[],"class_list":["post-31153","post","type-post","status-publish","format-standard","hentry","category-notas"],"jetpack_publicize_connections":[],"jetpack_sharing_enabled":true,"jetpack_featured_media_url":"","jetpack_shortlink":"https:\/\/wp.me\/p7wKYW-86t","jetpack-related-posts":[],"_links":{"self":[{"href":"http:\/\/blogdalucianaoliveira.com.br\/blog\/wp-json\/wp\/v2\/posts\/31153","targetHints":{"allow":["GET"]}}],"collection":[{"href":"http:\/\/blogdalucianaoliveira.com.br\/blog\/wp-json\/wp\/v2\/posts"}],"about":[{"href":"http:\/\/blogdalucianaoliveira.com.br\/blog\/wp-json\/wp\/v2\/types\/post"}],"author":[{"embeddable":true,"href":"http:\/\/blogdalucianaoliveira.com.br\/blog\/wp-json\/wp\/v2\/users\/1"}],"replies":[{"embeddable":true,"href":"http:\/\/blogdalucianaoliveira.com.br\/blog\/wp-json\/wp\/v2\/comments?post=31153"}],"version-history":[{"count":2,"href":"http:\/\/blogdalucianaoliveira.com.br\/blog\/wp-json\/wp\/v2\/posts\/31153\/revisions"}],"predecessor-version":[{"id":31200,"href":"http:\/\/blogdalucianaoliveira.com.br\/blog\/wp-json\/wp\/v2\/posts\/31153\/revisions\/31200"}],"wp:attachment":[{"href":"http:\/\/blogdalucianaoliveira.com.br\/blog\/wp-json\/wp\/v2\/media?parent=31153"}],"wp:term":[{"taxonomy":"category","embeddable":true,"href":"http:\/\/blogdalucianaoliveira.com.br\/blog\/wp-json\/wp\/v2\/categories?post=31153"},{"taxonomy":"post_tag","embeddable":true,"href":"http:\/\/blogdalucianaoliveira.com.br\/blog\/wp-json\/wp\/v2\/tags?post=31153"}],"curies":[{"name":"wp","href":"https:\/\/api.w.org\/{rel}","templated":true}]}}