{"id":31156,"date":"2021-03-14T17:04:42","date_gmt":"2021-03-14T21:04:42","guid":{"rendered":"http:\/\/blogdalucianaoliveira.com.br\/blog\/?p=31156"},"modified":"2021-03-14T17:04:47","modified_gmt":"2021-03-14T21:04:47","slug":"placa-em-homenagem-a-marielle-franco-e-inaugurada-em-frente-a-camara-de-vereadores-do-rio","status":"publish","type":"post","link":"http:\/\/blogdalucianaoliveira.com.br\/blog\/2021\/03\/14\/placa-em-homenagem-a-marielle-franco-e-inaugurada-em-frente-a-camara-de-vereadores-do-rio\/","title":{"rendered":"Placa em homenagem a Marielle Franco \u00e9 inaugurada em frente \u00e0 C\u00e2mara de Vereadores do Rio"},"content":{"rendered":"\n<figure class=\"wp-block-image size-large\"><img data-recalc-dims=\"1\" loading=\"lazy\" decoding=\"async\" width=\"600\" height=\"427\" data-attachment-id=\"31157\" data-permalink=\"http:\/\/blogdalucianaoliveira.com.br\/blog\/2021\/03\/14\/placa-em-homenagem-a-marielle-franco-e-inaugurada-em-frente-a-camara-de-vereadores-do-rio\/8581d076-d8fb-456d-a208-96297ed8fdae\/\" data-orig-file=\"https:\/\/i0.wp.com\/blogdalucianaoliveira.com.br\/blog\/wp-content\/uploads\/2021\/03\/8581D076-D8FB-456D-A208-96297ED8FDAE.jpeg?fit=962%2C685\" data-orig-size=\"962,685\" data-comments-opened=\"0\" data-image-meta=\"{&quot;aperture&quot;:&quot;0&quot;,&quot;credit&quot;:&quot;&quot;,&quot;camera&quot;:&quot;&quot;,&quot;caption&quot;:&quot;&quot;,&quot;created_timestamp&quot;:&quot;0&quot;,&quot;copyright&quot;:&quot;&quot;,&quot;focal_length&quot;:&quot;0&quot;,&quot;iso&quot;:&quot;0&quot;,&quot;shutter_speed&quot;:&quot;0&quot;,&quot;title&quot;:&quot;&quot;,&quot;orientation&quot;:&quot;0&quot;}\" data-image-title=\"8581D076-D8FB-456D-A208-96297ED8FDAE\" data-image-description=\"\" data-image-caption=\"\" data-medium-file=\"https:\/\/i0.wp.com\/blogdalucianaoliveira.com.br\/blog\/wp-content\/uploads\/2021\/03\/8581D076-D8FB-456D-A208-96297ED8FDAE.jpeg?fit=300%2C214\" data-large-file=\"https:\/\/i0.wp.com\/blogdalucianaoliveira.com.br\/blog\/wp-content\/uploads\/2021\/03\/8581D076-D8FB-456D-A208-96297ED8FDAE.jpeg?fit=600%2C427\" src=\"https:\/\/i0.wp.com\/blogdalucianaoliveira.com.br\/blog\/wp-content\/uploads\/2021\/03\/8581D076-D8FB-456D-A208-96297ED8FDAE.jpeg?resize=600%2C427\" alt=\"\" class=\"wp-image-31157\" srcset=\"https:\/\/i0.wp.com\/blogdalucianaoliveira.com.br\/blog\/wp-content\/uploads\/2021\/03\/8581D076-D8FB-456D-A208-96297ED8FDAE.jpeg?w=962 962w, https:\/\/i0.wp.com\/blogdalucianaoliveira.com.br\/blog\/wp-content\/uploads\/2021\/03\/8581D076-D8FB-456D-A208-96297ED8FDAE.jpeg?resize=300%2C214 300w, https:\/\/i0.wp.com\/blogdalucianaoliveira.com.br\/blog\/wp-content\/uploads\/2021\/03\/8581D076-D8FB-456D-A208-96297ED8FDAE.jpeg?resize=768%2C547 768w, https:\/\/i0.wp.com\/blogdalucianaoliveira.com.br\/blog\/wp-content\/uploads\/2021\/03\/8581D076-D8FB-456D-A208-96297ED8FDAE.jpeg?resize=421%2C300 421w\" sizes=\"auto, (max-width: 600px) 100vw, 600px\" \/><\/figure>\n\n\n\n<h4 class=\"wp-block-heading\">Vereadora foi assassinada h\u00e1 tr\u00eas anos. A placa \u00e9 id\u00eantica \u00e0s utilizadas na identifica\u00e7\u00e3o de vias e pra\u00e7as da capital fluminense.&nbsp;<\/h4>\n\n\n\n<!--more-->\n\n\n\n<p>Por Bette Luchese, GloboNews<\/p>\n\n\n\n<p>Autoridades e parentes de Marielle Franco inauguraram, na manh\u00e3 deste domingo (13) e em frente \u00e0 C\u00e2mara Municipal, Centro do Rio, uma placa em homenagem \u00e0 vereadora assassinada h\u00e1 tr\u00eas anos.&nbsp;<\/p>\n\n\n\n<p>A placa \u00e9 id\u00eantica \u00e0 utilizada na identifica\u00e7\u00e3o de vias e pra\u00e7as da capital fluminense.&nbsp;<\/p>\n\n\n\n<p>Na placa, h\u00e1 as seguintes frases:&nbsp;<\/p>\n\n\n\n<p><strong>&#8220;Mulher negra, favelada, LGBT e defensora dos direitos humanos. Brutalmente assassinada em 14 de mar\u00e7o de 2018 por lutar por uma sociedade mais justa&#8221;.<\/strong><\/p>\n\n\n\n<figure class=\"wp-block-image\"><img data-recalc-dims=\"1\" decoding=\"async\" src=\"https:\/\/i0.wp.com\/s2.glbimg.com\/fkH8LzoGI8u-RaiY92w30Le1G8Y%3D\/0x0%3A901x674\/984x0\/smart\/filters%3Astrip_icc%28%29\/i.s3.glbimg.com\/v1\/AUTH_59edd422c0c84a879bd37670ae4f538a\/internal_photos\/bs\/2021\/u\/i\/dBfXKlTeyL2QKE4L4ICw\/placa-marielle-3.jpg?w=600&#038;ssl=1\" alt=\"Placa foi inaugurada em frente \u00e0 C\u00e2mara Municipal, no Centro do Rio. \u2014 Foto: Bette Luchese\"\/><\/figure>\n\n\n\n<p>Placa foi inaugurada em frente \u00e0 C\u00e2mara Municipal, no Centro do Rio. \u2014 Foto: Bette Luchese&nbsp;<\/p>\n\n\n\n<p>Al\u00e9m dos parentes de Marielle, o prefeito do Rio Eduardo Paes e o deputado federal Marcelo Freixo participaram do evento.&nbsp;<\/p>\n\n\n\n<p><a href=\"https:\/\/g1.globo.com\/rj\/rio-de-janeiro\/noticia\/vereadora-do-psol-marielle-franco-e-morta-a-tiros-no-centro-do-rio.ghtml\">Marielle Franco e o motorista Anderson Franco foram assassinados a tiros&nbsp;<\/a>pouco tempo depois de a vereadora ter participado de um evento na Lapa.&nbsp;<\/p>\n\n\n\n<p>Um ano depois, dois homens&nbsp;<a href=\"https:\/\/g1.globo.com\/rj\/rio-de-janeiro\/noticia\/2019\/03\/14\/ronnie-lessa-e-elcio-de-queiroz-acusados-de-matar-marielle-vao-ser-transferidos-para-presidio-federal.ghtml\">foram presos o sargento reformado da Pol\u00edcia Militar, Ronnie Lessa, e o ex-PM \u00c9lcio de Queir\u00f3z<\/a>.&nbsp;<\/p>\n\n\n\n<p>Segundo os investigadores, Roniie Lessa fez os disparos e \u00c9lcio de Queir\u00f3z dirigia o ve\u00edculo usado no crime.&nbsp;<\/p>\n\n\n\n<p>Ambos s\u00e3o r\u00e9us e ir\u00e3o a j\u00fari popular, mas o julgamento ainda n\u00e3o tem data marcada.&nbsp;<\/p>\n\n\n\n<p>Tr\u00eas anos depois do crime, muitas perguntas sobre o assassinato ainda n\u00e3o foram respondidas. A principal pode ser vista no cartaz colocado em frente \u00e0 C\u00e2mara Municipal:<strong>&nbsp;&#8220;Quem mandou matar Marielle?&#8221;<\/strong>.&nbsp;<\/p>\n\n\n\n<p>A Delegacia de Homic\u00eddios da Capital segue nas investiga\u00e7\u00f5es. Informou que, apenas em 2021, j\u00e1 fez cerca de 100 dilig\u00eancias.&nbsp;<\/p>\n\n\n\n<p>O Minist\u00e9rio P\u00fablico criou uma for\u00e7a-tarefa que come\u00e7a a trabalhar esta semana para dar continuidade a essas investiga\u00e7\u00f5es.&nbsp;<\/p>\n\n\n\n<p>Na manh\u00e3 deste domingo, a m\u00e3e de Marielle Franco disse estar muito confiante de que a d\u00favida sobre quem mandou matar Marielle em breve ser\u00e1 respondida.<\/p>\n","protected":false},"excerpt":{"rendered":"<p>Vereadora foi assassinada h\u00e1 tr\u00eas anos. A placa \u00e9 id\u00eantica \u00e0s utilizadas na identifica\u00e7\u00e3o de vias e pra\u00e7as da capital fluminense.&nbsp;<\/p>\n","protected":false},"author":1,"featured_media":0,"comment_status":"closed","ping_status":"open","sticky":false,"template":"","format":"standard","meta":{"_exactmetrics_skip_tracking":false,"_exactmetrics_sitenote_active":false,"_exactmetrics_sitenote_note":"","_exactmetrics_sitenote_category":0,"jetpack_post_was_ever_published":false,"_jetpack_newsletter_access":"","_jetpack_dont_email_post_to_subs":false,"_jetpack_newsletter_tier_id":0,"_jetpack_memberships_contains_paywalled_content":false,"_jetpack_memberships_contains_paid_content":false,"footnotes":"","jetpack_publicize_message":"","jetpack_publicize_feature_enabled":true,"jetpack_social_post_already_shared":true,"jetpack_social_options":{"image_generator_settings":{"template":"highway","enabled":false},"version":2}},"categories":[1],"tags":[],"class_list":["post-31156","post","type-post","status-publish","format-standard","hentry","category-notas"],"jetpack_publicize_connections":[],"jetpack_sharing_enabled":true,"jetpack_featured_media_url":"","jetpack_shortlink":"https:\/\/wp.me\/p7wKYW-86w","jetpack-related-posts":[],"_links":{"self":[{"href":"http:\/\/blogdalucianaoliveira.com.br\/blog\/wp-json\/wp\/v2\/posts\/31156","targetHints":{"allow":["GET"]}}],"collection":[{"href":"http:\/\/blogdalucianaoliveira.com.br\/blog\/wp-json\/wp\/v2\/posts"}],"about":[{"href":"http:\/\/blogdalucianaoliveira.com.br\/blog\/wp-json\/wp\/v2\/types\/post"}],"author":[{"embeddable":true,"href":"http:\/\/blogdalucianaoliveira.com.br\/blog\/wp-json\/wp\/v2\/users\/1"}],"replies":[{"embeddable":true,"href":"http:\/\/blogdalucianaoliveira.com.br\/blog\/wp-json\/wp\/v2\/comments?post=31156"}],"version-history":[{"count":1,"href":"http:\/\/blogdalucianaoliveira.com.br\/blog\/wp-json\/wp\/v2\/posts\/31156\/revisions"}],"predecessor-version":[{"id":31158,"href":"http:\/\/blogdalucianaoliveira.com.br\/blog\/wp-json\/wp\/v2\/posts\/31156\/revisions\/31158"}],"wp:attachment":[{"href":"http:\/\/blogdalucianaoliveira.com.br\/blog\/wp-json\/wp\/v2\/media?parent=31156"}],"wp:term":[{"taxonomy":"category","embeddable":true,"href":"http:\/\/blogdalucianaoliveira.com.br\/blog\/wp-json\/wp\/v2\/categories?post=31156"},{"taxonomy":"post_tag","embeddable":true,"href":"http:\/\/blogdalucianaoliveira.com.br\/blog\/wp-json\/wp\/v2\/tags?post=31156"}],"curies":[{"name":"wp","href":"https:\/\/api.w.org\/{rel}","templated":true}]}}