{"id":31162,"date":"2021-03-15T12:05:53","date_gmt":"2021-03-15T16:05:53","guid":{"rendered":"http:\/\/blogdalucianaoliveira.com.br\/blog\/?p=31162"},"modified":"2021-03-15T12:06:51","modified_gmt":"2021-03-15T16:06:51","slug":"em-porto-velho-bolsonaristas-pedem-deposicao-de-governadores-e-prefeitos","status":"publish","type":"post","link":"http:\/\/blogdalucianaoliveira.com.br\/blog\/2021\/03\/15\/em-porto-velho-bolsonaristas-pedem-deposicao-de-governadores-e-prefeitos\/","title":{"rendered":"Em Porto Velho bolsonaristas pedem deposi\u00e7\u00e3o de governadores e prefeitos"},"content":{"rendered":"\n<figure class=\"wp-block-image size-large\"><img loading=\"lazy\" decoding=\"async\" width=\"1420\" height=\"640\" data-attachment-id=\"31169\" data-permalink=\"http:\/\/blogdalucianaoliveira.com.br\/blog\/2021\/03\/15\/em-porto-velho-bolsonaristas-pedem-deposicao-de-governadores-e-prefeitos\/131f8d80-80ef-47af-8be3-6831c99fab9e\/\" data-orig-file=\"https:\/\/i0.wp.com\/blogdalucianaoliveira.com.br\/blog\/wp-content\/uploads\/2021\/03\/131F8D80-80EF-47AF-8BE3-6831C99FAB9E.jpeg?fit=1420%2C640\" data-orig-size=\"1420,640\" data-comments-opened=\"0\" data-image-meta=\"{&quot;aperture&quot;:&quot;0&quot;,&quot;credit&quot;:&quot;&quot;,&quot;camera&quot;:&quot;&quot;,&quot;caption&quot;:&quot;&quot;,&quot;created_timestamp&quot;:&quot;0&quot;,&quot;copyright&quot;:&quot;&quot;,&quot;focal_length&quot;:&quot;0&quot;,&quot;iso&quot;:&quot;0&quot;,&quot;shutter_speed&quot;:&quot;0&quot;,&quot;title&quot;:&quot;&quot;,&quot;orientation&quot;:&quot;1&quot;}\" data-image-title=\"131F8D80-80EF-47AF-8BE3-6831C99FAB9E\" data-image-description=\"\" data-image-caption=\"\" data-medium-file=\"https:\/\/i0.wp.com\/blogdalucianaoliveira.com.br\/blog\/wp-content\/uploads\/2021\/03\/131F8D80-80EF-47AF-8BE3-6831C99FAB9E.jpeg?fit=300%2C135\" data-large-file=\"https:\/\/i0.wp.com\/blogdalucianaoliveira.com.br\/blog\/wp-content\/uploads\/2021\/03\/131F8D80-80EF-47AF-8BE3-6831C99FAB9E.jpeg?fit=600%2C271\" src=\"https:\/\/i1.wp.com\/blogdalucianaoliveira.com.br\/blog\/wp-content\/uploads\/2021\/03\/131F8D80-80EF-47AF-8BE3-6831C99FAB9E.jpeg?fit=600%2C271\" alt=\"\" class=\"wp-image-31169\" srcset=\"https:\/\/i0.wp.com\/blogdalucianaoliveira.com.br\/blog\/wp-content\/uploads\/2021\/03\/131F8D80-80EF-47AF-8BE3-6831C99FAB9E.jpeg?w=1420 1420w, https:\/\/i0.wp.com\/blogdalucianaoliveira.com.br\/blog\/wp-content\/uploads\/2021\/03\/131F8D80-80EF-47AF-8BE3-6831C99FAB9E.jpeg?resize=300%2C135 300w, https:\/\/i0.wp.com\/blogdalucianaoliveira.com.br\/blog\/wp-content\/uploads\/2021\/03\/131F8D80-80EF-47AF-8BE3-6831C99FAB9E.jpeg?resize=1024%2C462 1024w, https:\/\/i0.wp.com\/blogdalucianaoliveira.com.br\/blog\/wp-content\/uploads\/2021\/03\/131F8D80-80EF-47AF-8BE3-6831C99FAB9E.jpeg?resize=768%2C346 768w, https:\/\/i0.wp.com\/blogdalucianaoliveira.com.br\/blog\/wp-content\/uploads\/2021\/03\/131F8D80-80EF-47AF-8BE3-6831C99FAB9E.jpeg?resize=666%2C300 666w, https:\/\/i0.wp.com\/blogdalucianaoliveira.com.br\/blog\/wp-content\/uploads\/2021\/03\/131F8D80-80EF-47AF-8BE3-6831C99FAB9E.jpeg?w=1200 1200w\" sizes=\"auto, (max-width: 600px) 100vw, 600px\" \/><figcaption>Foto: William Ferreira <\/figcaption><\/figure>\n\n\n\n<p>O convite circulou nas redes sociais e nesta segunda-feira, 14, cerca de 50 pessoas foram protestar em frente a 17 Brigada de Infantaria e Selva, em Porto Velho, Rond\u00f4nia.&nbsp;<\/p>\n\n\n\n<!--more-->\n\n\n\n<p>Com um pequeno carro de som e manifestantes sem m\u00e1scara, o ato segundo uma das organizadoras foi pra criar um clima de apelo para que os militares assumam o controle de estados e munic\u00edpios.<\/p>\n\n\n\n<p>Eles s\u00e3o contra as restri\u00e7\u00f5es de circula\u00e7\u00e3o para frear a alta de casos de Covid, como o toque de recolher e o lockdown.<\/p>\n\n\n\n<figure class=\"wp-block-image size-large\"><img data-recalc-dims=\"1\" loading=\"lazy\" decoding=\"async\" width=\"600\" height=\"733\" data-attachment-id=\"31170\" data-permalink=\"http:\/\/blogdalucianaoliveira.com.br\/blog\/2021\/03\/15\/em-porto-velho-bolsonaristas-pedem-deposicao-de-governadores-e-prefeitos\/3183d473-fe9f-4946-9214-224ba219d79f\/\" data-orig-file=\"https:\/\/i0.wp.com\/blogdalucianaoliveira.com.br\/blog\/wp-content\/uploads\/2021\/03\/3183D473-FE9F-4946-9214-224BA219D79F.jpeg?fit=786%2C960\" data-orig-size=\"786,960\" data-comments-opened=\"0\" data-image-meta=\"{&quot;aperture&quot;:&quot;0&quot;,&quot;credit&quot;:&quot;&quot;,&quot;camera&quot;:&quot;&quot;,&quot;caption&quot;:&quot;&quot;,&quot;created_timestamp&quot;:&quot;0&quot;,&quot;copyright&quot;:&quot;&quot;,&quot;focal_length&quot;:&quot;0&quot;,&quot;iso&quot;:&quot;0&quot;,&quot;shutter_speed&quot;:&quot;0&quot;,&quot;title&quot;:&quot;&quot;,&quot;orientation&quot;:&quot;1&quot;}\" data-image-title=\"3183D473-FE9F-4946-9214-224BA219D79F\" data-image-description=\"\" data-image-caption=\"\" data-medium-file=\"https:\/\/i0.wp.com\/blogdalucianaoliveira.com.br\/blog\/wp-content\/uploads\/2021\/03\/3183D473-FE9F-4946-9214-224BA219D79F.jpeg?fit=246%2C300\" data-large-file=\"https:\/\/i0.wp.com\/blogdalucianaoliveira.com.br\/blog\/wp-content\/uploads\/2021\/03\/3183D473-FE9F-4946-9214-224BA219D79F.jpeg?fit=600%2C733\" src=\"https:\/\/i0.wp.com\/blogdalucianaoliveira.com.br\/blog\/wp-content\/uploads\/2021\/03\/3183D473-FE9F-4946-9214-224BA219D79F.jpeg?resize=600%2C733\" alt=\"\" class=\"wp-image-31170\" srcset=\"https:\/\/i0.wp.com\/blogdalucianaoliveira.com.br\/blog\/wp-content\/uploads\/2021\/03\/3183D473-FE9F-4946-9214-224BA219D79F.jpeg?w=786 786w, https:\/\/i0.wp.com\/blogdalucianaoliveira.com.br\/blog\/wp-content\/uploads\/2021\/03\/3183D473-FE9F-4946-9214-224BA219D79F.jpeg?resize=246%2C300 246w, https:\/\/i0.wp.com\/blogdalucianaoliveira.com.br\/blog\/wp-content\/uploads\/2021\/03\/3183D473-FE9F-4946-9214-224BA219D79F.jpeg?resize=768%2C938 768w\" sizes=\"auto, (max-width: 600px) 100vw, 600px\" \/><\/figure>\n\n\n\n<p>O estado tem mais de 165 mil casos e mais de 3300 mortes por Covid.  O Minist\u00e9rio P\u00fablico Federal enviou ao ministro da Sa\u00fade, Eduardo Pazuello, um of\u00edcio pedindo que a pasta tome medidas urgentes para evitar o desabastecimento de oxig\u00eanio.<\/p>\n\n\n\n<p>Indiferentes ao alerta, em flagrante atentado a Lei de Seguran\u00e7a Nacional e a Constitui\u00e7\u00e3o Federal, incitam \u00e0 subvers\u00e3o da ordem social e pol\u00edtica.&nbsp;<br><br><\/p>\n\n\n\n<figure class=\"wp-block-embed-youtube wp-block-embed is-type-video is-provider-youtube wp-embed-aspect-16-9 wp-has-aspect-ratio\"><div class=\"wp-block-embed__wrapper\">\n<div class=\"jetpack-video-wrapper\"><iframe loading=\"lazy\" title=\"Bolsonaristas pedem deposi\u00e7\u00e3o de prefeitos e governadores\" width=\"600\" height=\"338\" src=\"https:\/\/www.youtube.com\/embed\/H5VZGsciZis?feature=oembed\" frameborder=\"0\" allow=\"accelerometer; autoplay; clipboard-write; encrypted-media; gyroscope; picture-in-picture; web-share\" referrerpolicy=\"strict-origin-when-cross-origin\" allowfullscreen><\/iframe><\/div>\n<\/div><\/figure>\n\n\n\n<p><br>Por esse motivo o deputado Daniel Silveira, do PSL-RJ, passou quase um m\u00eas preso, ap\u00f3s divulgar v\u00eddeo no qual defendeu o AI-5, ato da ditadura militar, e a destitui\u00e7\u00e3o dos ministros do STF, o que \u00e9 inconstitucional.<\/p>\n\n\n\n<figure class=\"wp-block-image size-large\"><img data-recalc-dims=\"1\" loading=\"lazy\" decoding=\"async\" width=\"600\" height=\"353\" data-attachment-id=\"31168\" data-permalink=\"http:\/\/blogdalucianaoliveira.com.br\/blog\/2021\/03\/15\/em-porto-velho-bolsonaristas-pedem-deposicao-de-governadores-e-prefeitos\/4164c54c-cad0-4c12-bd29-7c663afb667a\/\" data-orig-file=\"https:\/\/i0.wp.com\/blogdalucianaoliveira.com.br\/blog\/wp-content\/uploads\/2021\/03\/4164C54C-CAD0-4C12-BD29-7C663AFB667A.jpeg?fit=680%2C400\" data-orig-size=\"680,400\" data-comments-opened=\"0\" data-image-meta=\"{&quot;aperture&quot;:&quot;0&quot;,&quot;credit&quot;:&quot;&quot;,&quot;camera&quot;:&quot;&quot;,&quot;caption&quot;:&quot;&quot;,&quot;created_timestamp&quot;:&quot;0&quot;,&quot;copyright&quot;:&quot;&quot;,&quot;focal_length&quot;:&quot;0&quot;,&quot;iso&quot;:&quot;0&quot;,&quot;shutter_speed&quot;:&quot;0&quot;,&quot;title&quot;:&quot;&quot;,&quot;orientation&quot;:&quot;0&quot;}\" data-image-title=\"4164C54C-CAD0-4C12-BD29-7C663AFB667A\" data-image-description=\"\" data-image-caption=\"\" data-medium-file=\"https:\/\/i0.wp.com\/blogdalucianaoliveira.com.br\/blog\/wp-content\/uploads\/2021\/03\/4164C54C-CAD0-4C12-BD29-7C663AFB667A.jpeg?fit=300%2C176\" data-large-file=\"https:\/\/i0.wp.com\/blogdalucianaoliveira.com.br\/blog\/wp-content\/uploads\/2021\/03\/4164C54C-CAD0-4C12-BD29-7C663AFB667A.jpeg?fit=600%2C353\" src=\"https:\/\/i0.wp.com\/blogdalucianaoliveira.com.br\/blog\/wp-content\/uploads\/2021\/03\/4164C54C-CAD0-4C12-BD29-7C663AFB667A.jpeg?resize=600%2C353\" alt=\"\" class=\"wp-image-31168\" srcset=\"https:\/\/i0.wp.com\/blogdalucianaoliveira.com.br\/blog\/wp-content\/uploads\/2021\/03\/4164C54C-CAD0-4C12-BD29-7C663AFB667A.jpeg?w=680 680w, https:\/\/i0.wp.com\/blogdalucianaoliveira.com.br\/blog\/wp-content\/uploads\/2021\/03\/4164C54C-CAD0-4C12-BD29-7C663AFB667A.jpeg?resize=300%2C176 300w, https:\/\/i0.wp.com\/blogdalucianaoliveira.com.br\/blog\/wp-content\/uploads\/2021\/03\/4164C54C-CAD0-4C12-BD29-7C663AFB667A.jpeg?resize=510%2C300 510w\" sizes=\"auto, (max-width: 600px) 100vw, 600px\" \/><\/figure>\n\n\n\n<p>O deputado teve autorizada a pris\u00e3o domiciliar com monitoramento por tornozeleira eletr\u00f4nica.<\/p>\n\n\n\n<p>Os bolsonaristas que participaram do ato na capital exaltam a ditadura militar que durou 21 anos e foi marcada pelo autoritarismo e a viola\u00e7\u00e3o dos direitos humanos.&nbsp;&nbsp;<br><\/p>\n\n\n\n<p>Veja tamb\u00e9m : https:\/\/youtu.be\/McNjMJeevlc<a href=\"https:\/\/youtu.be\/McNjMJeevlc\">https:\/\/youtu.be\/McNjMJeevlc<\/a><\/p>\n","protected":false},"excerpt":{"rendered":"<p>O convite circulou nas redes sociais e nesta segunda-feira, 14, cerca de 50 pessoas foram protestar em frente a 17 Brigada de Infantaria e Selva, em Porto Velho, Rond\u00f4nia.&nbsp;<\/p>\n","protected":false},"author":1,"featured_media":0,"comment_status":"closed","ping_status":"open","sticky":false,"template":"","format":"standard","meta":{"_exactmetrics_skip_tracking":false,"_exactmetrics_sitenote_active":false,"_exactmetrics_sitenote_note":"","_exactmetrics_sitenote_category":0,"jetpack_post_was_ever_published":false,"_jetpack_newsletter_access":"","_jetpack_dont_email_post_to_subs":false,"_jetpack_newsletter_tier_id":0,"_jetpack_memberships_contains_paywalled_content":false,"_jetpack_memberships_contains_paid_content":false,"footnotes":"","jetpack_publicize_message":"","jetpack_publicize_feature_enabled":true,"jetpack_social_post_already_shared":true,"jetpack_social_options":{"image_generator_settings":{"template":"highway","enabled":false},"version":2}},"categories":[1],"tags":[],"class_list":["post-31162","post","type-post","status-publish","format-standard","hentry","category-notas"],"jetpack_publicize_connections":[],"jetpack_sharing_enabled":true,"jetpack_featured_media_url":"","jetpack_shortlink":"https:\/\/wp.me\/p7wKYW-86C","jetpack-related-posts":[],"_links":{"self":[{"href":"http:\/\/blogdalucianaoliveira.com.br\/blog\/wp-json\/wp\/v2\/posts\/31162","targetHints":{"allow":["GET"]}}],"collection":[{"href":"http:\/\/blogdalucianaoliveira.com.br\/blog\/wp-json\/wp\/v2\/posts"}],"about":[{"href":"http:\/\/blogdalucianaoliveira.com.br\/blog\/wp-json\/wp\/v2\/types\/post"}],"author":[{"embeddable":true,"href":"http:\/\/blogdalucianaoliveira.com.br\/blog\/wp-json\/wp\/v2\/users\/1"}],"replies":[{"embeddable":true,"href":"http:\/\/blogdalucianaoliveira.com.br\/blog\/wp-json\/wp\/v2\/comments?post=31162"}],"version-history":[{"count":2,"href":"http:\/\/blogdalucianaoliveira.com.br\/blog\/wp-json\/wp\/v2\/posts\/31162\/revisions"}],"predecessor-version":[{"id":31172,"href":"http:\/\/blogdalucianaoliveira.com.br\/blog\/wp-json\/wp\/v2\/posts\/31162\/revisions\/31172"}],"wp:attachment":[{"href":"http:\/\/blogdalucianaoliveira.com.br\/blog\/wp-json\/wp\/v2\/media?parent=31162"}],"wp:term":[{"taxonomy":"category","embeddable":true,"href":"http:\/\/blogdalucianaoliveira.com.br\/blog\/wp-json\/wp\/v2\/categories?post=31162"},{"taxonomy":"post_tag","embeddable":true,"href":"http:\/\/blogdalucianaoliveira.com.br\/blog\/wp-json\/wp\/v2\/tags?post=31162"}],"curies":[{"name":"wp","href":"https:\/\/api.w.org\/{rel}","templated":true}]}}