{"id":31173,"date":"2021-03-15T16:15:13","date_gmt":"2021-03-15T20:15:13","guid":{"rendered":"http:\/\/blogdalucianaoliveira.com.br\/blog\/?p=31173"},"modified":"2021-03-15T16:15:20","modified_gmt":"2021-03-15T20:15:20","slug":"nestas-24-horas-houve-uma-serie-de-ataques-a-mim-houve-tres-tentativas-de-entrar-no-hotel-diz-medica-que-rejeitou-convite-de-bolsonaro","status":"publish","type":"post","link":"http:\/\/blogdalucianaoliveira.com.br\/blog\/2021\/03\/15\/nestas-24-horas-houve-uma-serie-de-ataques-a-mim-houve-tres-tentativas-de-entrar-no-hotel-diz-medica-que-rejeitou-convite-de-bolsonaro\/","title":{"rendered":"&#8216;Nestas 24 horas houve uma s\u00e9rie de ataques a mim. Houve tr\u00eas tentativas de entrar no hotel&#8217;, diz m\u00e9dica que rejeitou convite de Bolsonaro"},"content":{"rendered":"\n<figure class=\"wp-block-image size-large\"><img data-recalc-dims=\"1\" loading=\"lazy\" decoding=\"async\" width=\"600\" height=\"324\" data-attachment-id=\"31174\" data-permalink=\"http:\/\/blogdalucianaoliveira.com.br\/blog\/2021\/03\/15\/nestas-24-horas-houve-uma-serie-de-ataques-a-mim-houve-tres-tentativas-de-entrar-no-hotel-diz-medica-que-rejeitou-convite-de-bolsonaro\/5955632a-a9a1-46b4-b60f-fc2dcc7c7e6e\/\" data-orig-file=\"https:\/\/i0.wp.com\/blogdalucianaoliveira.com.br\/blog\/wp-content\/uploads\/2021\/03\/5955632A-A9A1-46B4-B60F-FC2DCC7C7E6E.jpeg?fit=828%2C447\" data-orig-size=\"828,447\" data-comments-opened=\"0\" data-image-meta=\"{&quot;aperture&quot;:&quot;0&quot;,&quot;credit&quot;:&quot;&quot;,&quot;camera&quot;:&quot;&quot;,&quot;caption&quot;:&quot;&quot;,&quot;created_timestamp&quot;:&quot;0&quot;,&quot;copyright&quot;:&quot;&quot;,&quot;focal_length&quot;:&quot;0&quot;,&quot;iso&quot;:&quot;0&quot;,&quot;shutter_speed&quot;:&quot;0&quot;,&quot;title&quot;:&quot;&quot;,&quot;orientation&quot;:&quot;1&quot;}\" data-image-title=\"5955632A-A9A1-46B4-B60F-FC2DCC7C7E6E\" data-image-description=\"\" data-image-caption=\"\" data-medium-file=\"https:\/\/i0.wp.com\/blogdalucianaoliveira.com.br\/blog\/wp-content\/uploads\/2021\/03\/5955632A-A9A1-46B4-B60F-FC2DCC7C7E6E.jpeg?fit=300%2C162\" data-large-file=\"https:\/\/i0.wp.com\/blogdalucianaoliveira.com.br\/blog\/wp-content\/uploads\/2021\/03\/5955632A-A9A1-46B4-B60F-FC2DCC7C7E6E.jpeg?fit=600%2C324\" src=\"https:\/\/i0.wp.com\/blogdalucianaoliveira.com.br\/blog\/wp-content\/uploads\/2021\/03\/5955632A-A9A1-46B4-B60F-FC2DCC7C7E6E.jpeg?resize=600%2C324\" alt=\"\" class=\"wp-image-31174\" srcset=\"https:\/\/i0.wp.com\/blogdalucianaoliveira.com.br\/blog\/wp-content\/uploads\/2021\/03\/5955632A-A9A1-46B4-B60F-FC2DCC7C7E6E.jpeg?w=828 828w, https:\/\/i0.wp.com\/blogdalucianaoliveira.com.br\/blog\/wp-content\/uploads\/2021\/03\/5955632A-A9A1-46B4-B60F-FC2DCC7C7E6E.jpeg?resize=300%2C162 300w, https:\/\/i0.wp.com\/blogdalucianaoliveira.com.br\/blog\/wp-content\/uploads\/2021\/03\/5955632A-A9A1-46B4-B60F-FC2DCC7C7E6E.jpeg?resize=768%2C415 768w, https:\/\/i0.wp.com\/blogdalucianaoliveira.com.br\/blog\/wp-content\/uploads\/2021\/03\/5955632A-A9A1-46B4-B60F-FC2DCC7C7E6E.jpeg?resize=556%2C300 556w\" sizes=\"auto, (max-width: 600px) 100vw, 600px\" \/><\/figure>\n\n\n\n<p>Ludhmila Hajjar era a mais cotada para assumir a pasta no lugar de Eduardo Pazuello. Em entrevista \u00e0 GloboNews, ela defendeu medidas de isolamento com respaldo t\u00e9cnico e negocia\u00e7\u00e3o para compra de mais vacinas.<\/p>\n\n\n\n<!--more-->\n\n\n\n<p>No G1<br><\/p>\n\n\n\n<p>Ap\u00f3s a revela\u00e7\u00e3o pelo\u00a0<strong>blog da Andr\u00e9ia Sadi\u00a0<\/strong>de que ela era a principal cotada para assumir o Minist\u00e9rio da Sa\u00fade no lugar de Eduardo Pazuello, a m\u00e9dica Ludhmila Hajjar passou a ser alvo de ataques das redes bolsonaristas. Em entrevista,\u00a0ela disse que recebeu amea\u00e7as e que tentaram entrar em seu hotel.<\/p>\n\n\n\n<blockquote class=\"wp-block-quote is-layout-flow wp-block-quote-is-layout-flow\"><p>&#8220;Nestas 24 horas houve uma s\u00e9rie de ataques a mim. (&#8230;) Estou num hotel em Bras\u00edlia, e houve tr\u00eas tentativas de entrar no hotel. Pessoas que diziam que estavam com o n\u00famero do quarto e que eu estava esperando-os. Diziam que eram pessoas que faziam parte da minha equipe m\u00e9dica. Se n\u00e3o fossem os seguran\u00e7as do hotel, n\u00e3o sei o que seria&#8230;&#8221;<\/p><\/blockquote>\n\n\n\n<p>Ela tamb\u00e9m afirmou:&nbsp;<\/p>\n\n\n\n<blockquote class=\"wp-block-quote is-layout-flow wp-block-quote-is-layout-flow\"><p>&#8220;Realmente foi assustador. Est\u00e1 sendo, porque eles n\u00e3o terminaram. Mas eu tenho muita coragem, e pelo Brasil eu estava disposto a passar por isso. Mas isso me assustou. Criaram perfis falsos meus em Twitter, perfis falsos em Instagram. Divulgaram meu celular em redes sociais. Imagina, eu sou uma m\u00e9dica, eu preciso do meu telefone para atender meus doentes. Eu recebo mais de 300 chamadas. Amea\u00e7as de morte. Houve uma tentativa de entrar no meu hotel no qual eu estou em Bras\u00edlia. Houve amea\u00e7as \u00e0 minha fam\u00edlia. Ent\u00e3o, tudo o que voc\u00ea imaginar de pessoas que eu s\u00f3 posso considerar que estejam lutando para o Brasil dar errado eu sofri&#8221; , disse.<\/p><\/blockquote>\n\n\n\n<p>Questionada sobre o que o presidente disse diante da campanha de \u00f3dio de que foi v\u00edtima, Ludhmila afirmou:<\/p>\n\n\n\n<blockquote class=\"wp-block-quote is-layout-flow wp-block-quote-is-layout-flow\"><p>&#8220;Ele disse que faz parte.&#8221;<\/p><\/blockquote>\n\n\n\n<p>A m\u00e9dica disse<strong>&nbsp;<\/strong>nesta segunda-feira (15) que n\u00e3o aceitou substituir Eduardo Pazuello no Minist\u00e9rio da Sa\u00fade porque&nbsp;<a href=\"https:\/\/g1.globo.com\/politica\/blog\/andreia-sadi\/post\/2021\/03\/15\/ludhmila-hajjar-entrevista-ministerio-saude.ghtml\">n\u00e3o havia &#8220;converg\u00eancia t\u00e9cnica&#8221; entre ela e o governo<\/a>. Em entrevista \u00e0 GloboNews, Ludhmila defendeu medidas de isolamento social para reduzir a mortalidade e prioridade \u00e0 negocia\u00e7\u00e3o de vacinas. &#8220;Cen\u00e1rio no Brasil \u00e9 bastante sombrio&#8221;, afirmou.&nbsp;<\/p>\n\n\n\n<figure class=\"wp-block-image\"><img data-recalc-dims=\"1\" decoding=\"async\" src=\"https:\/\/i0.wp.com\/s01.video.glbimg.com\/x240\/9351128.jpg?w=600&#038;ssl=1\" alt=\"Ludhmila Hajjar comenta convite para assumir Minist\u00e9rio da Sa\u00fade: &quot;n\u00e3o houve converg\u00eancia t\u00e9cnica entre n\u00f3s&quot;\"\/><\/figure>\n\n\n\n<p>Ludhmila Hajjar comenta convite para assumir Minist\u00e9rio da Sa\u00fade: &#8220;n\u00e3o houve converg\u00eancia t\u00e9cnica entre n\u00f3s&#8221;&nbsp;<\/p>\n\n\n\n<p>Segundo ela, o que o governo esperava n\u00e3o se encaixa no seu perfil, qualifica\u00e7\u00e3o e linha que segue.&nbsp;<\/p>\n\n\n\n<blockquote class=\"wp-block-quote is-layout-flow wp-block-quote-is-layout-flow\"><p>&#8220;Penso pra isso neste momento, para reduzir as mortes, tem que reduzir a circula\u00e7\u00e3o das pessoas, de maneira t\u00e9cnica e respaldada por dados cient\u00edficos.&#8221;<\/p><\/blockquote>\n\n\n\n<p>A m\u00e9dica tamb\u00e9m defendeu que o Minist\u00e9rio da Sa\u00fade se preocupe em orientar equipes m\u00e9dicas sobre a melhor forma de atender pacientes com Covid-19, criando&nbsp;uma refer\u00eancia nacional de protocolo&nbsp;<strong>(veja o v\u00eddeo abaixo)<\/strong>. &#8220;N\u00e3o d\u00e1 para esperar dezembro a popula\u00e7\u00e3o ser vacinada.&#8221;&nbsp;<\/p>\n\n\n\n<blockquote class=\"wp-block-quote is-layout-flow wp-block-quote-is-layout-flow\"><p>&#8220;O Brasil precisa de protocolos, e isso \u00e9 pra ontem. (&#8230;) N\u00f3s estamos discutindo azitromicina, ivermectina, cloroquina. \u00c9 coisa do passado. A ci\u00eancia j\u00e1 deu essa resposta. Cad\u00ea um protocolo de tratamento? (&#8230;) Perdeu-se muito tempo na discuss\u00e3o de medicamentos que n\u00e3o funcionam.&#8221;<\/p><\/blockquote>\n\n\n\n<p>Ela mencionou a import\u00e2ncia de discutir o momento certo de entubar pacientes, como usar medicamentos como corticoides ou anticoagulantes. Para ela, grupos de especialistas e sociedades m\u00e9dicas deveriam estar dentro do Minist\u00e9rio da Sa\u00fade para elaborar recomenda\u00e7\u00f5es.&nbsp;<\/p>\n\n\n\n<figure class=\"wp-block-image\"><img data-recalc-dims=\"1\" decoding=\"async\" src=\"https:\/\/i0.wp.com\/s03.video.glbimg.com\/x240\/9351098.jpg?w=600&#038;ssl=1\" alt=\"Ludhmila Hajjar comenta tratamento precoce e entuba\u00e7\u00e3o\"\/><\/figure>\n\n\n\n<p>Ludhmila Hajjar comenta tratamento precoce e entuba\u00e7\u00e3o&nbsp;<\/p>\n\n\n\n<p>O nome da m\u00e9dica encontrava respaldo entre parlamentares e integrantes do Supremo Tribunal Federal. No domingo, o presidente da C\u00e2mara, Arthur Lira (PP-AL), Lira disse numa rede social que o enfrentamento da pandemia \u201cexige compet\u00eancia t\u00e9cnica\u201d e \u201ccapacidade de di\u00e1logo pol\u00edtico\u201d e que enxerga essas qualidades em Ludhmila.&nbsp;<\/p>\n\n\n\n<p>Ela disse que espera uma mudan\u00e7a de rumo na condu\u00e7\u00e3o da Sa\u00fade no pa\u00eds.&nbsp;<\/p>\n\n\n\n<blockquote class=\"wp-block-quote is-layout-flow wp-block-quote-is-layout-flow\"><p>&#8220;\u00c9 um desejo meu que quem v\u00e1 substituir o Pazuello tenha autonomia. Depende uma mudan\u00e7a do governo, do que pensa sobre a pandemia.&#8221;<\/p><\/blockquote>\n\n\n\n<p>Segundo ela, a preocupa\u00e7\u00e3o do governo \u00e9 com a economia e os impactos sociais.&nbsp;<\/p>\n\n\n\n<figure class=\"wp-block-image\"><img data-recalc-dims=\"1\" decoding=\"async\" src=\"https:\/\/i0.wp.com\/s02.video.glbimg.com\/x240\/9351241.jpg?w=600&#038;ssl=1\" alt=\"Ludhmilla Hajjar comenta ataques que recebeu\"\/><\/figure>\n\n\n\n<p>Ludhmilla Hajjar comenta ataques que recebeu&nbsp;<\/p>\n\n\n\n<p>Ludhmila,&nbsp;<a href=\"https:\/\/g1.globo.com\/politica\/noticia\/2021\/03\/14\/bolsonaro-se-reune-com-medica-ludhmila-hajjar-em-meio-a-articulacao-para-saida-de-pazuello.ghtml\">que se encontrou com Bolsonaro no domingo (14) em Bras\u00edlia<\/a>, voltar\u00e1 ainda nesta segunda para S\u00e3o Paulo, onde ela \u00e9 supervisora da \u00e1rea de Cardio-Oncologia do Instituto do Cora\u00e7\u00e3o do Hospital das Cl\u00ednicas da Faculdade de Medicina da Universidade de S\u00e3o Paulo (USP) e coordenadora de cardiologia do Instituto do C\u00e2ncer do Estado de S\u00e3o Paulo.&nbsp;<\/p>\n\n\n\n<h2 class=\"wp-block-heading\">Vacinas<\/h2>\n\n\n\n<figure class=\"wp-block-image\"><img data-recalc-dims=\"1\" decoding=\"async\" src=\"https:\/\/i0.wp.com\/s02.video.glbimg.com\/x240\/9351177.jpg?w=600&#038;ssl=1\" alt=\"Ludhmila Hajjar comenta pontos cruciais da condu\u00e7\u00e3o na pandemia &quot;resgatar o tempo perdido na aquisi\u00e7\u00e3o das vacinas&quot;\"\/><\/figure>\n\n\n\n<p>Ludhmila Hajjar comenta pontos cruciais da condu\u00e7\u00e3o na pandemia &#8220;resgatar o tempo perdido na aquisi\u00e7\u00e3o das vacinas&#8221;&nbsp;<\/p>\n\n\n\n<p>Ainda na entrevista, a m\u00e9dica defendeu uma uni\u00e3o em busca de vacinas para o pa\u00eds.&nbsp;<\/p>\n\n\n\n<blockquote class=\"wp-block-quote is-layout-flow wp-block-quote-is-layout-flow\"><p>&#8220;N\u00e3o podemos perder tempo com as vacinas. N\u00f3s j\u00e1 perdemos muito tempo. Tem que ser um esfor\u00e7o nacional, com melhora da articula\u00e7\u00e3o nacional. O Brasil tem que falar com a OMS, tem que falar com o mundo todo, tem que pedir ajuda e tem que ser \u00e1gil na aquisi\u00e7\u00e3o de vacinas. A gente esperar que a popula\u00e7\u00e3o seja vacinada at\u00e9 dezembro, a gente vai perder muitas vidas.&#8221;<\/p><\/blockquote>\n\n\n\n<p>Para ela,&nbsp;houve falta de negocia\u00e7\u00e3o de doses com os fabricantes, &#8220;por subestimar a gravidade da pandemia&#8221;.<\/p>\n\n\n\n<h2 class=\"wp-block-heading\">Outros cotados<\/h2>\n\n\n\n<p>O governo cogita outros nomes para o cargo de Pazuello, como o m\u00e9dico Marcelo Queiroga. Ele j\u00e1 foi indicado para a presid\u00eancia da Ag\u00eancia Nacional de Sa\u00fade Suplementar e aguarda a sabatina pelo Senado.&nbsp;<\/p>\n\n\n\n<figure class=\"wp-block-image\"><img data-recalc-dims=\"1\" decoding=\"async\" src=\"https:\/\/i0.wp.com\/s04.video.glbimg.com\/x240\/9350651.jpg?w=600&#038;ssl=1\" alt=\"Sadi: Marcelo Queiroga \u00e9 o mais cotado para minist\u00e9rio ap\u00f3s desist\u00eancia de Ludhmila\"\/><\/figure>\n\n\n\n<p>Sadi: Marcelo Queiroga \u00e9 o mais cotado para minist\u00e9rio ap\u00f3s desist\u00eancia de Ludhmila&nbsp;<\/p>\n\n\n\n<p>Al\u00e9m disso,&nbsp;<a href=\"https:\/\/g1.globo.com\/politica\/blog\/andreia-sadi\/post\/2021\/03\/15\/troca-de-pazuello-visa-tambem-a-esvaziar-cpi-e-tirar-pressao-de-investigacao-no-stf.ghtml\">integrantes do governo acreditam que a sa\u00edda do ministro pode desacelerar a investiga\u00e7\u00e3o contra<\/a>&nbsp;ele por suposta omiss\u00e3o na crise sanit\u00e1ria no Amazonas, onde a falta de oxig\u00eanio levou \u00e0 morte de dezenas de pacientes no in\u00edcio do ano.&nbsp;<\/p>\n\n\n\n<p>Essa avalia\u00e7\u00e3o tamb\u00e9m \u00e9 compartilhada por ministros do STF, onde tramita a apura\u00e7\u00e3o. Mesmo a decis\u00e3o do relator do inqu\u00e9rito, Ricardo Lewandowski, de enviar o processo para a 1\u00aa inst\u00e2ncia por conta da sa\u00edda de Pazuello do minist\u00e9rio pode demorar, aposta o Planalto.<\/p>\n","protected":false},"excerpt":{"rendered":"<p>Ludhmila Hajjar era a mais cotada para assumir a pasta no lugar de Eduardo Pazuello. Em entrevista \u00e0 GloboNews, ela defendeu medidas de isolamento com respaldo t\u00e9cnico e negocia\u00e7\u00e3o para compra de mais vacinas.<\/p>\n","protected":false},"author":1,"featured_media":0,"comment_status":"closed","ping_status":"open","sticky":false,"template":"","format":"standard","meta":{"_exactmetrics_skip_tracking":false,"_exactmetrics_sitenote_active":false,"_exactmetrics_sitenote_note":"","_exactmetrics_sitenote_category":0,"jetpack_post_was_ever_published":false,"_jetpack_newsletter_access":"","_jetpack_dont_email_post_to_subs":false,"_jetpack_newsletter_tier_id":0,"_jetpack_memberships_contains_paywalled_content":false,"_jetpack_memberships_contains_paid_content":false,"footnotes":"","jetpack_publicize_message":"","jetpack_publicize_feature_enabled":true,"jetpack_social_post_already_shared":true,"jetpack_social_options":{"image_generator_settings":{"template":"highway","enabled":false},"version":2}},"categories":[1],"tags":[],"class_list":["post-31173","post","type-post","status-publish","format-standard","hentry","category-notas"],"jetpack_publicize_connections":[],"jetpack_sharing_enabled":true,"jetpack_featured_media_url":"","jetpack_shortlink":"https:\/\/wp.me\/p7wKYW-86N","jetpack-related-posts":[],"_links":{"self":[{"href":"http:\/\/blogdalucianaoliveira.com.br\/blog\/wp-json\/wp\/v2\/posts\/31173","targetHints":{"allow":["GET"]}}],"collection":[{"href":"http:\/\/blogdalucianaoliveira.com.br\/blog\/wp-json\/wp\/v2\/posts"}],"about":[{"href":"http:\/\/blogdalucianaoliveira.com.br\/blog\/wp-json\/wp\/v2\/types\/post"}],"author":[{"embeddable":true,"href":"http:\/\/blogdalucianaoliveira.com.br\/blog\/wp-json\/wp\/v2\/users\/1"}],"replies":[{"embeddable":true,"href":"http:\/\/blogdalucianaoliveira.com.br\/blog\/wp-json\/wp\/v2\/comments?post=31173"}],"version-history":[{"count":1,"href":"http:\/\/blogdalucianaoliveira.com.br\/blog\/wp-json\/wp\/v2\/posts\/31173\/revisions"}],"predecessor-version":[{"id":31175,"href":"http:\/\/blogdalucianaoliveira.com.br\/blog\/wp-json\/wp\/v2\/posts\/31173\/revisions\/31175"}],"wp:attachment":[{"href":"http:\/\/blogdalucianaoliveira.com.br\/blog\/wp-json\/wp\/v2\/media?parent=31173"}],"wp:term":[{"taxonomy":"category","embeddable":true,"href":"http:\/\/blogdalucianaoliveira.com.br\/blog\/wp-json\/wp\/v2\/categories?post=31173"},{"taxonomy":"post_tag","embeddable":true,"href":"http:\/\/blogdalucianaoliveira.com.br\/blog\/wp-json\/wp\/v2\/tags?post=31173"}],"curies":[{"name":"wp","href":"https:\/\/api.w.org\/{rel}","templated":true}]}}