{"id":31176,"date":"2021-03-15T18:25:06","date_gmt":"2021-03-15T22:25:06","guid":{"rendered":"http:\/\/blogdalucianaoliveira.com.br\/blog\/?p=31176"},"modified":"2021-03-15T18:25:11","modified_gmt":"2021-03-15T22:25:11","slug":"bolsonaro-e-denunciado-na-onu-por-devastadora-tragedia-humanitaria","status":"publish","type":"post","link":"http:\/\/blogdalucianaoliveira.com.br\/blog\/2021\/03\/15\/bolsonaro-e-denunciado-na-onu-por-devastadora-tragedia-humanitaria\/","title":{"rendered":"Bolsonaro \u00e9 denunciado na ONU por \u2018devastadora trag\u00e9dia humanit\u00e1ria\u2019"},"content":{"rendered":"\n<figure class=\"wp-block-image size-large\"><img data-recalc-dims=\"1\" loading=\"lazy\" decoding=\"async\" width=\"600\" height=\"391\" data-attachment-id=\"31177\" data-permalink=\"http:\/\/blogdalucianaoliveira.com.br\/blog\/2021\/03\/15\/bolsonaro-e-denunciado-na-onu-por-devastadora-tragedia-humanitaria\/586de423-d256-4458-836c-a941e21f0c73\/\" data-orig-file=\"https:\/\/i0.wp.com\/blogdalucianaoliveira.com.br\/blog\/wp-content\/uploads\/2021\/03\/586DE423-D256-4458-836C-A941E21F0C73.jpeg?fit=941%2C614\" data-orig-size=\"941,614\" data-comments-opened=\"0\" data-image-meta=\"{&quot;aperture&quot;:&quot;0&quot;,&quot;credit&quot;:&quot;&quot;,&quot;camera&quot;:&quot;&quot;,&quot;caption&quot;:&quot;&quot;,&quot;created_timestamp&quot;:&quot;0&quot;,&quot;copyright&quot;:&quot;&quot;,&quot;focal_length&quot;:&quot;0&quot;,&quot;iso&quot;:&quot;0&quot;,&quot;shutter_speed&quot;:&quot;0&quot;,&quot;title&quot;:&quot;&quot;,&quot;orientation&quot;:&quot;0&quot;}\" data-image-title=\"586DE423-D256-4458-836C-A941E21F0C73\" data-image-description=\"\" data-image-caption=\"\" data-medium-file=\"https:\/\/i0.wp.com\/blogdalucianaoliveira.com.br\/blog\/wp-content\/uploads\/2021\/03\/586DE423-D256-4458-836C-A941E21F0C73.jpeg?fit=300%2C196\" data-large-file=\"https:\/\/i0.wp.com\/blogdalucianaoliveira.com.br\/blog\/wp-content\/uploads\/2021\/03\/586DE423-D256-4458-836C-A941E21F0C73.jpeg?fit=600%2C391\" src=\"https:\/\/i0.wp.com\/blogdalucianaoliveira.com.br\/blog\/wp-content\/uploads\/2021\/03\/586DE423-D256-4458-836C-A941E21F0C73.jpeg?resize=600%2C391\" alt=\"\" class=\"wp-image-31177\" srcset=\"https:\/\/i0.wp.com\/blogdalucianaoliveira.com.br\/blog\/wp-content\/uploads\/2021\/03\/586DE423-D256-4458-836C-A941E21F0C73.jpeg?w=941 941w, https:\/\/i0.wp.com\/blogdalucianaoliveira.com.br\/blog\/wp-content\/uploads\/2021\/03\/586DE423-D256-4458-836C-A941E21F0C73.jpeg?resize=300%2C196 300w, https:\/\/i0.wp.com\/blogdalucianaoliveira.com.br\/blog\/wp-content\/uploads\/2021\/03\/586DE423-D256-4458-836C-A941E21F0C73.jpeg?resize=768%2C501 768w, https:\/\/i0.wp.com\/blogdalucianaoliveira.com.br\/blog\/wp-content\/uploads\/2021\/03\/586DE423-D256-4458-836C-A941E21F0C73.jpeg?resize=460%2C300 460w\" sizes=\"auto, (max-width: 600px) 100vw, 600px\" \/><\/figure>\n\n\n\n<p>Carta Capital &#8211; O presidente<a href=\"https:\/\/www.cartacapital.com.br\/tag\/jair-bolsonaro\/\"><strong>\u00a0Jair Bolsonaro<\/strong>\u00a0<\/a>foi denunciado, nesta segunda-feira 15, na sede do Conselho de Direitos Humanos das Na\u00e7\u00f5es Unidas, em Genebra, pela neglig\u00eancia na condu\u00e7\u00e3o da pandemia do novo coronav\u00edrus.<\/p>\n\n\n\n<!--more-->\n\n\n\n<p>A denuncia foi feita pela&nbsp;<strong>Comiss\u00e3o Arns<\/strong>&nbsp;e a organiza\u00e7\u00e3o n\u00e3o governamental&nbsp;<strong>Conectas.<\/strong>&nbsp;As entidades acusam o presidente de promover&nbsp;uma devastadora trag\u00e9dia humanit\u00e1ria, social e econ\u00f4mica no Brasil a partir de seu negacionismo.<\/p>\n\n\n\n<p>\u201c\u00c9 por isso que estamos aqui, hoje, para chamar a aten\u00e7\u00e3o deste Conselho e apontar a responsabilidade do Presidente Bolsonaro\u201d, afirmou em seu discurso&nbsp;a representante da Comiss\u00e3o Arns,&nbsp;<strong>Maria Herm\u00ednia Tavares de Almeida.<\/strong><\/p>\n\n\n\n<p>\u201cViemos aqui hoje para criticar as atitudes recorrentes do presidente Jair Bolsonaro sobre a pandemia. Ele desdenha das recomenda\u00e7\u00f5es dos cientistas; ele tem, repetidamente, semeado descr\u00e9dito em todas as medidas de prote\u00e7\u00e3o \u2013 como o uso de m\u00e1scaras e distanciamento social- promoveu o uso de drogas ineficazes; paralisou a capacidade de coordena\u00e7\u00e3o da autoridade federal de Sa\u00fade; descartou a import\u00e2ncia das vacinas; riu dos temores e l\u00e1grimas das fam\u00edlias e disse aos brasileiros para parar \u2018de frescura e mimimi&#8217;\u201d, destacou Maria.<\/p>\n\n\n\n<p>O Brasil passa pelo seu pior momento da pandemia. O Pa\u00eds j\u00e1 soma mais de 278 mil \u00f3bitos pela Covid-19.<\/p>\n\n\n\n<p>No discurso, as entidades ainda lembraram que todas as medidas econ\u00f4micas e sanit\u00e1rias em vigor no Brasil ocorreram por determina\u00e7\u00e3o dos poderes legislativo e judici\u00e1rio federal, bem como de governadores e prefeitos.<\/p>\n","protected":false},"excerpt":{"rendered":"<p>Carta Capital &#8211; O presidente\u00a0Jair Bolsonaro\u00a0foi denunciado, nesta segunda-feira 15, na sede do Conselho de Direitos Humanos das Na\u00e7\u00f5es Unidas, em Genebra, pela neglig\u00eancia na condu\u00e7\u00e3o da pandemia do novo coronav\u00edrus.<\/p>\n","protected":false},"author":1,"featured_media":0,"comment_status":"closed","ping_status":"open","sticky":false,"template":"","format":"standard","meta":{"_exactmetrics_skip_tracking":false,"_exactmetrics_sitenote_active":false,"_exactmetrics_sitenote_note":"","_exactmetrics_sitenote_category":0,"jetpack_post_was_ever_published":false,"_jetpack_newsletter_access":"","_jetpack_dont_email_post_to_subs":false,"_jetpack_newsletter_tier_id":0,"_jetpack_memberships_contains_paywalled_content":false,"_jetpack_memberships_contains_paid_content":false,"footnotes":"","jetpack_publicize_message":"","jetpack_publicize_feature_enabled":true,"jetpack_social_post_already_shared":true,"jetpack_social_options":{"image_generator_settings":{"template":"highway","enabled":false},"version":2}},"categories":[1],"tags":[],"class_list":["post-31176","post","type-post","status-publish","format-standard","hentry","category-notas"],"jetpack_publicize_connections":[],"jetpack_sharing_enabled":true,"jetpack_featured_media_url":"","jetpack_shortlink":"https:\/\/wp.me\/p7wKYW-86Q","jetpack-related-posts":[],"_links":{"self":[{"href":"http:\/\/blogdalucianaoliveira.com.br\/blog\/wp-json\/wp\/v2\/posts\/31176","targetHints":{"allow":["GET"]}}],"collection":[{"href":"http:\/\/blogdalucianaoliveira.com.br\/blog\/wp-json\/wp\/v2\/posts"}],"about":[{"href":"http:\/\/blogdalucianaoliveira.com.br\/blog\/wp-json\/wp\/v2\/types\/post"}],"author":[{"embeddable":true,"href":"http:\/\/blogdalucianaoliveira.com.br\/blog\/wp-json\/wp\/v2\/users\/1"}],"replies":[{"embeddable":true,"href":"http:\/\/blogdalucianaoliveira.com.br\/blog\/wp-json\/wp\/v2\/comments?post=31176"}],"version-history":[{"count":1,"href":"http:\/\/blogdalucianaoliveira.com.br\/blog\/wp-json\/wp\/v2\/posts\/31176\/revisions"}],"predecessor-version":[{"id":31178,"href":"http:\/\/blogdalucianaoliveira.com.br\/blog\/wp-json\/wp\/v2\/posts\/31176\/revisions\/31178"}],"wp:attachment":[{"href":"http:\/\/blogdalucianaoliveira.com.br\/blog\/wp-json\/wp\/v2\/media?parent=31176"}],"wp:term":[{"taxonomy":"category","embeddable":true,"href":"http:\/\/blogdalucianaoliveira.com.br\/blog\/wp-json\/wp\/v2\/categories?post=31176"},{"taxonomy":"post_tag","embeddable":true,"href":"http:\/\/blogdalucianaoliveira.com.br\/blog\/wp-json\/wp\/v2\/tags?post=31176"}],"curies":[{"name":"wp","href":"https:\/\/api.w.org\/{rel}","templated":true}]}}