{"id":31182,"date":"2021-03-16T11:52:33","date_gmt":"2021-03-16T15:52:33","guid":{"rendered":"http:\/\/blogdalucianaoliveira.com.br\/blog\/?p=31182"},"modified":"2021-03-16T11:52:36","modified_gmt":"2021-03-16T15:52:36","slug":"bolsonaro-e-refem-de-sua-loucura","status":"publish","type":"post","link":"http:\/\/blogdalucianaoliveira.com.br\/blog\/2021\/03\/16\/bolsonaro-e-refem-de-sua-loucura\/","title":{"rendered":"Bolsonaro \u00e9 ref\u00e9m de sua loucura"},"content":{"rendered":"\n<figure class=\"wp-block-image size-large\"><img data-recalc-dims=\"1\" loading=\"lazy\" decoding=\"async\" width=\"600\" height=\"291\" data-attachment-id=\"31183\" data-permalink=\"http:\/\/blogdalucianaoliveira.com.br\/blog\/2021\/03\/16\/bolsonaro-e-refem-de-sua-loucura\/out\/\" data-orig-file=\"https:\/\/i0.wp.com\/blogdalucianaoliveira.com.br\/blog\/wp-content\/uploads\/2021\/03\/out.jpg?fit=827%2C401\" data-orig-size=\"827,401\" data-comments-opened=\"0\" data-image-meta=\"{&quot;aperture&quot;:&quot;0&quot;,&quot;credit&quot;:&quot;&quot;,&quot;camera&quot;:&quot;&quot;,&quot;caption&quot;:&quot;&quot;,&quot;created_timestamp&quot;:&quot;0&quot;,&quot;copyright&quot;:&quot;&quot;,&quot;focal_length&quot;:&quot;0&quot;,&quot;iso&quot;:&quot;0&quot;,&quot;shutter_speed&quot;:&quot;0&quot;,&quot;title&quot;:&quot;&quot;,&quot;orientation&quot;:&quot;0&quot;}\" data-image-title=\"out\" data-image-description=\"\" data-image-caption=\"\" data-medium-file=\"https:\/\/i0.wp.com\/blogdalucianaoliveira.com.br\/blog\/wp-content\/uploads\/2021\/03\/out.jpg?fit=300%2C145\" data-large-file=\"https:\/\/i0.wp.com\/blogdalucianaoliveira.com.br\/blog\/wp-content\/uploads\/2021\/03\/out.jpg?fit=600%2C291\" src=\"https:\/\/i0.wp.com\/blogdalucianaoliveira.com.br\/blog\/wp-content\/uploads\/2021\/03\/out.jpg?resize=600%2C291\" alt=\"\" class=\"wp-image-31183\" srcset=\"https:\/\/i0.wp.com\/blogdalucianaoliveira.com.br\/blog\/wp-content\/uploads\/2021\/03\/out.jpg?w=827 827w, https:\/\/i0.wp.com\/blogdalucianaoliveira.com.br\/blog\/wp-content\/uploads\/2021\/03\/out.jpg?resize=300%2C145 300w, https:\/\/i0.wp.com\/blogdalucianaoliveira.com.br\/blog\/wp-content\/uploads\/2021\/03\/out.jpg?resize=768%2C372 768w, https:\/\/i0.wp.com\/blogdalucianaoliveira.com.br\/blog\/wp-content\/uploads\/2021\/03\/out.jpg?resize=619%2C300 619w\" sizes=\"auto, (max-width: 600px) 100vw, 600px\" \/><\/figure>\n\n\n\n<p>As amea\u00e7as de bolsonaristas sofridas pela m\u00e9dica Ludhmila Hajjar ao ser cotada para assumir o Minist\u00e9rio da Sa\u00fade no lugar de Eduardo Pazuello, mostram o quanto Bolsonaro est\u00e1 encurralado na loucura que plantou.<\/p>\n\n\n\n<!--more-->\n\n\n\n<p>Ela cairia bem na guinada de postura do presidente com\nrela\u00e7\u00e3o a vacinas, ap\u00f3s o discurso colossal de Lula quando teve suas condena\u00e7\u00f5es\nanuladas e comentou o fracasso do governo no enfrentamento a pandemia.<\/p>\n\n\n\n<p>S\u00f3 que a cardiologista defende o isolamento social, a\nimuniza\u00e7\u00e3o em massa da popula\u00e7\u00e3o e se op\u00f5e ao tal \u2018tratamento precoce\u2019 contra a\nCovid-19.<\/p>\n\n\n\n<p>O \u2018ex\u00e9rcito\u2019 do presidente \u00e9 alimentado com paranoia ideol\u00f3gica e na imin\u00eancia de ver uma mulher que exalta a ci\u00eancia ao inv\u00e9s de neg\u00e1-la, a amea\u00e7ou nas redes sociais e por telefone, for\u00e7ando a r\u00e1pida recusa ao cargo.<\/p>\n\n\n\n<p>Os bolsonaristas s\u00e3o motivados por discursos e a\u00e7\u00f5es irracionais e violentas e seu l\u00edder n\u00e3o pode ter um espasmo de lucidez.<\/p>\n\n\n\n<p>Para manter o apoio que s\u00f3 encolhe com fracassos nas crises\necon\u00f4mica e sanit\u00e1ria, Bolsonaro tem que seguir investindo na estupidez. <\/p>\n\n\n\n<p>Mesmo que queira n\u00e3o pode dar um passo sem desagradar\nfan\u00e1ticos religiosos, desmiolados e criminosos que incitam \u00e0 subvers\u00e3o da ordem\nsocial e pol\u00edtica.<\/p>\n\n\n\n<p>Restou orientar \u2018seu ex\u00e9rcito\u2019 a ir \u00e0s ruas para criar um\nclima de interven\u00e7\u00e3o militar contra o lockdown nacional, medida extrema para impedir\na tend\u00eancia de alta de mortes em 23 estados. <\/p>\n\n\n\n<p>O Brasil tem 17 recordes de \u00f3bitos&nbsp;seguidos de 27 de\nfevereiro at\u00e9 aqui.<\/p>\n\n\n\n<p>Sem medidas restritivas duras, d\u00e1 para imaginar a explos\u00e3o\nde casos e mortes com o feriado prolongado da Sexta-feira Santa no pr\u00f3ximo dia\n2.<\/p>\n\n\n\n<p>Bolsonaro sabe do pior que vem pela frente, mas prefere mortes\n\u00e0 deser\u00e7\u00e3o em massa de \u2018seu ex\u00e9rcito\u2019 que luta contra o lockdown onde \u00e9 necess\u00e1rio\nfaz tempo.<\/p>\n\n\n\n<p>O quarto ministro na pasta da sa\u00fade foi escolhido muito mais pela intimidade com a fam\u00edlia Bolsonaro e por isso, deve ser mais um a bater contin\u00eancia \u00e0 pol\u00edtica genocida do governo na pandemia.<\/p>\n\n\n\n<p>Sen\u00e3o j\u00e1 sabe&#8230; vai encarar amea\u00e7as \u2018do ex\u00e9rcito\u2019 do presidente.<\/p>\n\n\n\n<p>Longe v\u00e1 temor servil!<\/p>\n\n\n\n<p>P\u00e1tria livre dos negacionistas ou morrer pela estupidez do presidente.<\/p>\n","protected":false},"excerpt":{"rendered":"<p>As amea\u00e7as de bolsonaristas sofridas pela m\u00e9dica Ludhmila Hajjar ao ser cotada para assumir o Minist\u00e9rio da Sa\u00fade no lugar de Eduardo Pazuello, mostram o quanto Bolsonaro est\u00e1 encurralado na loucura que plantou.<\/p>\n","protected":false},"author":1,"featured_media":0,"comment_status":"closed","ping_status":"open","sticky":false,"template":"","format":"standard","meta":{"_exactmetrics_skip_tracking":false,"_exactmetrics_sitenote_active":false,"_exactmetrics_sitenote_note":"","_exactmetrics_sitenote_category":0,"jetpack_post_was_ever_published":false,"_jetpack_newsletter_access":"","_jetpack_dont_email_post_to_subs":false,"_jetpack_newsletter_tier_id":0,"_jetpack_memberships_contains_paywalled_content":false,"_jetpack_memberships_contains_paid_content":false,"footnotes":"","jetpack_publicize_message":"","jetpack_publicize_feature_enabled":true,"jetpack_social_post_already_shared":true,"jetpack_social_options":{"image_generator_settings":{"template":"highway","enabled":false},"version":2}},"categories":[1],"tags":[53,363],"class_list":["post-31182","post","type-post","status-publish","format-standard","hentry","category-notas","tag-bolsonaro","tag-covid"],"jetpack_publicize_connections":[],"jetpack_sharing_enabled":true,"jetpack_featured_media_url":"","jetpack_shortlink":"https:\/\/wp.me\/p7wKYW-86W","jetpack-related-posts":[],"_links":{"self":[{"href":"http:\/\/blogdalucianaoliveira.com.br\/blog\/wp-json\/wp\/v2\/posts\/31182","targetHints":{"allow":["GET"]}}],"collection":[{"href":"http:\/\/blogdalucianaoliveira.com.br\/blog\/wp-json\/wp\/v2\/posts"}],"about":[{"href":"http:\/\/blogdalucianaoliveira.com.br\/blog\/wp-json\/wp\/v2\/types\/post"}],"author":[{"embeddable":true,"href":"http:\/\/blogdalucianaoliveira.com.br\/blog\/wp-json\/wp\/v2\/users\/1"}],"replies":[{"embeddable":true,"href":"http:\/\/blogdalucianaoliveira.com.br\/blog\/wp-json\/wp\/v2\/comments?post=31182"}],"version-history":[{"count":1,"href":"http:\/\/blogdalucianaoliveira.com.br\/blog\/wp-json\/wp\/v2\/posts\/31182\/revisions"}],"predecessor-version":[{"id":31184,"href":"http:\/\/blogdalucianaoliveira.com.br\/blog\/wp-json\/wp\/v2\/posts\/31182\/revisions\/31184"}],"wp:attachment":[{"href":"http:\/\/blogdalucianaoliveira.com.br\/blog\/wp-json\/wp\/v2\/media?parent=31182"}],"wp:term":[{"taxonomy":"category","embeddable":true,"href":"http:\/\/blogdalucianaoliveira.com.br\/blog\/wp-json\/wp\/v2\/categories?post=31182"},{"taxonomy":"post_tag","embeddable":true,"href":"http:\/\/blogdalucianaoliveira.com.br\/blog\/wp-json\/wp\/v2\/tags?post=31182"}],"curies":[{"name":"wp","href":"https:\/\/api.w.org\/{rel}","templated":true}]}}