{"id":31185,"date":"2021-03-17T06:16:21","date_gmt":"2021-03-17T10:16:21","guid":{"rendered":"http:\/\/blogdalucianaoliveira.com.br\/blog\/?p=31185"},"modified":"2021-03-17T06:16:24","modified_gmt":"2021-03-17T10:16:24","slug":"observatorio-covid-19-aponta-maior-colapso-sanitario-e-hospitalar-da-historia-do-brasil","status":"publish","type":"post","link":"http:\/\/blogdalucianaoliveira.com.br\/blog\/2021\/03\/17\/observatorio-covid-19-aponta-maior-colapso-sanitario-e-hospitalar-da-historia-do-brasil\/","title":{"rendered":"Observat\u00f3rio Covid-19 aponta maior colapso sanit\u00e1rio e hospitalar da hist\u00f3ria do Brasil"},"content":{"rendered":"\n<figure class=\"wp-block-image size-large\"><img data-recalc-dims=\"1\" loading=\"lazy\" decoding=\"async\" width=\"600\" height=\"552\" data-attachment-id=\"31186\" data-permalink=\"http:\/\/blogdalucianaoliveira.com.br\/blog\/2021\/03\/17\/observatorio-covid-19-aponta-maior-colapso-sanitario-e-hospitalar-da-historia-do-brasil\/69c6d019-457a-408f-b3bb-d0ef732f0759\/\" data-orig-file=\"https:\/\/i0.wp.com\/blogdalucianaoliveira.com.br\/blog\/wp-content\/uploads\/2021\/03\/69C6D019-457A-408F-B3BB-D0EF732F0759.jpeg?fit=828%2C762\" data-orig-size=\"828,762\" data-comments-opened=\"0\" data-image-meta=\"{&quot;aperture&quot;:&quot;0&quot;,&quot;credit&quot;:&quot;&quot;,&quot;camera&quot;:&quot;&quot;,&quot;caption&quot;:&quot;&quot;,&quot;created_timestamp&quot;:&quot;0&quot;,&quot;copyright&quot;:&quot;&quot;,&quot;focal_length&quot;:&quot;0&quot;,&quot;iso&quot;:&quot;0&quot;,&quot;shutter_speed&quot;:&quot;0&quot;,&quot;title&quot;:&quot;&quot;,&quot;orientation&quot;:&quot;1&quot;}\" data-image-title=\"69C6D019-457A-408F-B3BB-D0EF732F0759\" data-image-description=\"\" data-image-caption=\"\" data-medium-file=\"https:\/\/i0.wp.com\/blogdalucianaoliveira.com.br\/blog\/wp-content\/uploads\/2021\/03\/69C6D019-457A-408F-B3BB-D0EF732F0759.jpeg?fit=300%2C276\" data-large-file=\"https:\/\/i0.wp.com\/blogdalucianaoliveira.com.br\/blog\/wp-content\/uploads\/2021\/03\/69C6D019-457A-408F-B3BB-D0EF732F0759.jpeg?fit=600%2C552\" src=\"https:\/\/i0.wp.com\/blogdalucianaoliveira.com.br\/blog\/wp-content\/uploads\/2021\/03\/69C6D019-457A-408F-B3BB-D0EF732F0759.jpeg?resize=600%2C552\" alt=\"\" class=\"wp-image-31186\" srcset=\"https:\/\/i0.wp.com\/blogdalucianaoliveira.com.br\/blog\/wp-content\/uploads\/2021\/03\/69C6D019-457A-408F-B3BB-D0EF732F0759.jpeg?w=828 828w, https:\/\/i0.wp.com\/blogdalucianaoliveira.com.br\/blog\/wp-content\/uploads\/2021\/03\/69C6D019-457A-408F-B3BB-D0EF732F0759.jpeg?resize=300%2C276 300w, https:\/\/i0.wp.com\/blogdalucianaoliveira.com.br\/blog\/wp-content\/uploads\/2021\/03\/69C6D019-457A-408F-B3BB-D0EF732F0759.jpeg?resize=768%2C707 768w, https:\/\/i0.wp.com\/blogdalucianaoliveira.com.br\/blog\/wp-content\/uploads\/2021\/03\/69C6D019-457A-408F-B3BB-D0EF732F0759.jpeg?resize=326%2C300 326w\" sizes=\"auto, (max-width: 600px) 100vw, 600px\" \/><\/figure>\n\n\n\n<p>Diante do atual cen\u00e1rio da pandemia, a Fiocruz divulga, nesta ter\u00e7a-feira (16\/3), mais uma&nbsp;<a href=\"https:\/\/agencia.fiocruz.br\/sites\/agencia.fiocruz.br\/files\/u34\/boletim_extraordinario_2021-marco-16-red-red-red.pdf\" target=\"_blank\" rel=\"noreferrer noopener\"><strong>edi\u00e7\u00e3o do Boletim Extraordin\u00e1rio do Observat\u00f3rio Covid-19 Fiocruz<\/strong><\/a>. A an\u00e1lise&nbsp;chama aten\u00e7\u00e3o para os indicadores&nbsp;que apontam uma situa\u00e7\u00e3o extremamente cr\u00edtica em todo pa\u00eds. Na vis\u00e3o dos pesquisadores que a realizam, trata-se do maior colapso sanit\u00e1rio e hospitalar da hist\u00f3ria do Brasil.<\/p>\n\n\n\n<!--more-->\n\n\n\n<p><br><\/p>\n\n\n\n<figure class=\"wp-block-embed-youtube wp-block-embed is-type-video is-provider-youtube wp-embed-aspect-16-9 wp-has-aspect-ratio\"><div class=\"wp-block-embed__wrapper\">\n<div class=\"jetpack-video-wrapper\"><iframe loading=\"lazy\" title=\"Ocupa\u00e7\u00e3o de leitos de UTI Covid-19\" width=\"600\" height=\"338\" src=\"https:\/\/www.youtube.com\/embed\/cJqpsTVYdms?feature=oembed\" frameborder=\"0\" allow=\"accelerometer; autoplay; clipboard-write; encrypted-media; gyroscope; picture-in-picture; web-share\" referrerpolicy=\"strict-origin-when-cross-origin\" allowfullscreen><\/iframe><\/div>\n<\/div><\/figure>\n\n\n\n<p>O\u00a0<strong>Boletim<\/strong>\u00a0mostra que, no momento, das 27 unidades federativas, 24 estados e o Distrito Federal est\u00e3o com taxas de ocupa\u00e7\u00e3o de leitos de UTI Covid-19 para adultos no Sistema \u00danico de Sa\u00fade (SUS) iguais ou superiores a 80%, sendo 15 com taxas iguais ou superiores a 90%. Em rela\u00e7\u00e3o \u00e0s capitais, 25 das 27 est\u00e3o com essas taxas iguais ou superiores a 80%, sendo 19 delas superiores a 90%.\u00a0<\/p>\n\n\n\n<p>Os dados s\u00e3o das secretarias estaduais de Sa\u00fade e do Distrito Federal, e das secretarias de Sa\u00fade das capitais. As novas informa\u00e7\u00f5es apuradas foram adicionadas&nbsp;<a href=\"https:\/\/agencia.fiocruz.br\/observatorio-covid-19-alerta-para-situacao-critica-na-saude-nos-estados-e-municipios\" target=\"_blank\" rel=\"noreferrer noopener\"><strong>\u00e0 s\u00e9rie hist\u00f3rica j\u00e1 apresentada pelo Boletim<\/strong><\/a>. O mapeamento traz dados obtidos desde 17 de julho de 2020.&nbsp;<\/p>\n\n\n\n<figure class=\"wp-block-image\"><img data-recalc-dims=\"1\" decoding=\"async\" src=\"https:\/\/i0.wp.com\/agencia.fiocruz.br\/sites\/agencia.fiocruz.br\/files\/u34\/boletim_alerta_m2.jpg?w=600&#038;ssl=1\" alt=\"\"\/><\/figure>\n\n\n\n<p>A fim de evitar que o n\u00famero de casos e mortes se alastrem ainda mais pelo pa\u00eds, assim como diminuir as taxas de ocupa\u00e7\u00e3o de leitos, os pesquisadores defendem a ado\u00e7\u00e3o rigorosa de a\u00e7\u00f5es de preven\u00e7\u00e3o e controle, como o maior rigor nas medidas de restri\u00e7\u00e3o \u00e0s atividades n\u00e3o essenciais. Eles enfatizam tamb\u00e9m a necessidade de amplia\u00e7\u00e3o das medidas de distanciamento f\u00edsico e social, o uso de m\u00e1scaras em larga escala e a acelera\u00e7\u00e3o da vacina\u00e7\u00e3o. &nbsp;<\/p>\n\n\n\n<figure class=\"wp-block-image\"><img data-recalc-dims=\"1\" decoding=\"async\" src=\"https:\/\/i0.wp.com\/agencia.fiocruz.br\/sites\/agencia.fiocruz.br\/files\/u34\/boletim_alerta_m.jpg?w=600&#038;ssl=1\" alt=\"\"\/><\/figure>\n\n\n\n<p>O munic\u00edpio de Araraquara, em S\u00e3o Paulo, \u00e9 apresentado no&nbsp;<strong>Boletim<\/strong>&nbsp;como um dos exemplos atuais de como medidas de restri\u00e7\u00e3o de atividades n\u00e3o essenciais evitam o colapso ou o prolongamento da situa\u00e7\u00e3o cr\u00edtica nos servi\u00e7os e sistemas de sa\u00fade. Com as medidas adotadas pelo munic\u00edpio, Araraquara conseguiu reduzir a transmiss\u00e3o de casos e \u00f3bitos, protegendo a vida e sa\u00fade da popula\u00e7\u00e3o.<\/p>\n","protected":false},"excerpt":{"rendered":"<p>Diante do atual cen\u00e1rio da pandemia, a Fiocruz divulga, nesta ter\u00e7a-feira (16\/3), mais uma&nbsp;edi\u00e7\u00e3o do Boletim Extraordin\u00e1rio do Observat\u00f3rio Covid-19 Fiocruz. A an\u00e1lise&nbsp;chama aten\u00e7\u00e3o para os indicadores&nbsp;que apontam uma situa\u00e7\u00e3o extremamente cr\u00edtica em todo pa\u00eds. Na vis\u00e3o dos pesquisadores que a realizam, trata-se do maior colapso sanit\u00e1rio e hospitalar da hist\u00f3ria do Brasil.<\/p>\n","protected":false},"author":1,"featured_media":0,"comment_status":"closed","ping_status":"open","sticky":false,"template":"","format":"standard","meta":{"_exactmetrics_skip_tracking":false,"_exactmetrics_sitenote_active":false,"_exactmetrics_sitenote_note":"","_exactmetrics_sitenote_category":0,"jetpack_post_was_ever_published":false,"_jetpack_newsletter_access":"","_jetpack_dont_email_post_to_subs":false,"_jetpack_newsletter_tier_id":0,"_jetpack_memberships_contains_paywalled_content":false,"_jetpack_memberships_contains_paid_content":false,"footnotes":"","jetpack_publicize_message":"","jetpack_publicize_feature_enabled":true,"jetpack_social_post_already_shared":true,"jetpack_social_options":{"image_generator_settings":{"template":"highway","enabled":false},"version":2}},"categories":[1],"tags":[],"class_list":["post-31185","post","type-post","status-publish","format-standard","hentry","category-notas"],"jetpack_publicize_connections":[],"jetpack_sharing_enabled":true,"jetpack_featured_media_url":"","jetpack_shortlink":"https:\/\/wp.me\/p7wKYW-86Z","jetpack-related-posts":[],"_links":{"self":[{"href":"http:\/\/blogdalucianaoliveira.com.br\/blog\/wp-json\/wp\/v2\/posts\/31185","targetHints":{"allow":["GET"]}}],"collection":[{"href":"http:\/\/blogdalucianaoliveira.com.br\/blog\/wp-json\/wp\/v2\/posts"}],"about":[{"href":"http:\/\/blogdalucianaoliveira.com.br\/blog\/wp-json\/wp\/v2\/types\/post"}],"author":[{"embeddable":true,"href":"http:\/\/blogdalucianaoliveira.com.br\/blog\/wp-json\/wp\/v2\/users\/1"}],"replies":[{"embeddable":true,"href":"http:\/\/blogdalucianaoliveira.com.br\/blog\/wp-json\/wp\/v2\/comments?post=31185"}],"version-history":[{"count":1,"href":"http:\/\/blogdalucianaoliveira.com.br\/blog\/wp-json\/wp\/v2\/posts\/31185\/revisions"}],"predecessor-version":[{"id":31187,"href":"http:\/\/blogdalucianaoliveira.com.br\/blog\/wp-json\/wp\/v2\/posts\/31185\/revisions\/31187"}],"wp:attachment":[{"href":"http:\/\/blogdalucianaoliveira.com.br\/blog\/wp-json\/wp\/v2\/media?parent=31185"}],"wp:term":[{"taxonomy":"category","embeddable":true,"href":"http:\/\/blogdalucianaoliveira.com.br\/blog\/wp-json\/wp\/v2\/categories?post=31185"},{"taxonomy":"post_tag","embeddable":true,"href":"http:\/\/blogdalucianaoliveira.com.br\/blog\/wp-json\/wp\/v2\/tags?post=31185"}],"curies":[{"name":"wp","href":"https:\/\/api.w.org\/{rel}","templated":true}]}}