{"id":31189,"date":"2021-03-17T06:49:20","date_gmt":"2021-03-17T10:49:20","guid":{"rendered":"http:\/\/blogdalucianaoliveira.com.br\/blog\/?p=31189"},"modified":"2021-03-17T06:49:25","modified_gmt":"2021-03-17T10:49:25","slug":"lotados-hospitais-privados-em-sao-paulo-pedem-socorro-ao-sus","status":"publish","type":"post","link":"http:\/\/blogdalucianaoliveira.com.br\/blog\/2021\/03\/17\/lotados-hospitais-privados-em-sao-paulo-pedem-socorro-ao-sus\/","title":{"rendered":"Lotados, hospitais privados em S\u00e3o Paulo pedem socorro ao SUS"},"content":{"rendered":"\n<figure class=\"wp-block-image size-large\"><img loading=\"lazy\" decoding=\"async\" width=\"1202\" height=\"787\" data-attachment-id=\"31190\" data-permalink=\"http:\/\/blogdalucianaoliveira.com.br\/blog\/2021\/03\/17\/lotados-hospitais-privados-em-sao-paulo-pedem-socorro-ao-sus\/f68d3871-7bcc-437a-ad60-9e9e1899fe52\/\" data-orig-file=\"https:\/\/i0.wp.com\/blogdalucianaoliveira.com.br\/blog\/wp-content\/uploads\/2021\/03\/F68D3871-7BCC-437A-AD60-9E9E1899FE52.jpeg?fit=1202%2C787\" data-orig-size=\"1202,787\" data-comments-opened=\"0\" data-image-meta=\"{&quot;aperture&quot;:&quot;0&quot;,&quot;credit&quot;:&quot;&quot;,&quot;camera&quot;:&quot;&quot;,&quot;caption&quot;:&quot;&quot;,&quot;created_timestamp&quot;:&quot;0&quot;,&quot;copyright&quot;:&quot;&quot;,&quot;focal_length&quot;:&quot;0&quot;,&quot;iso&quot;:&quot;0&quot;,&quot;shutter_speed&quot;:&quot;0&quot;,&quot;title&quot;:&quot;&quot;,&quot;orientation&quot;:&quot;0&quot;}\" data-image-title=\"F68D3871-7BCC-437A-AD60-9E9E1899FE52\" data-image-description=\"\" data-image-caption=\"\" data-medium-file=\"https:\/\/i0.wp.com\/blogdalucianaoliveira.com.br\/blog\/wp-content\/uploads\/2021\/03\/F68D3871-7BCC-437A-AD60-9E9E1899FE52.jpeg?fit=300%2C196\" data-large-file=\"https:\/\/i0.wp.com\/blogdalucianaoliveira.com.br\/blog\/wp-content\/uploads\/2021\/03\/F68D3871-7BCC-437A-AD60-9E9E1899FE52.jpeg?fit=600%2C393\" src=\"https:\/\/i0.wp.com\/blogdalucianaoliveira.com.br\/blog\/wp-content\/uploads\/2021\/03\/F68D3871-7BCC-437A-AD60-9E9E1899FE52.jpeg?fit=600%2C393\" alt=\"\" class=\"wp-image-31190\" srcset=\"https:\/\/i0.wp.com\/blogdalucianaoliveira.com.br\/blog\/wp-content\/uploads\/2021\/03\/F68D3871-7BCC-437A-AD60-9E9E1899FE52.jpeg?w=1202 1202w, https:\/\/i0.wp.com\/blogdalucianaoliveira.com.br\/blog\/wp-content\/uploads\/2021\/03\/F68D3871-7BCC-437A-AD60-9E9E1899FE52.jpeg?resize=300%2C196 300w, https:\/\/i0.wp.com\/blogdalucianaoliveira.com.br\/blog\/wp-content\/uploads\/2021\/03\/F68D3871-7BCC-437A-AD60-9E9E1899FE52.jpeg?resize=1024%2C670 1024w, https:\/\/i0.wp.com\/blogdalucianaoliveira.com.br\/blog\/wp-content\/uploads\/2021\/03\/F68D3871-7BCC-437A-AD60-9E9E1899FE52.jpeg?resize=768%2C503 768w, https:\/\/i0.wp.com\/blogdalucianaoliveira.com.br\/blog\/wp-content\/uploads\/2021\/03\/F68D3871-7BCC-437A-AD60-9E9E1899FE52.jpeg?resize=458%2C300 458w\" sizes=\"auto, (max-width: 600px) 100vw, 600px\" \/><\/figure>\n\n\n\n<p>Pelo menos 15 hospitais est\u00e3o 100% ocupados precisando de vagas para pacientes com covid-19, que aguardam em fila.<\/p>\n\n\n\n<!--more-->\n\n\n\n<p>Catraca Livre<\/p>\n\n\n\n<p>Pelo menos 15 hospitais da rede privada solicitaram leitos de UTI e enfermaria \u00e0 prefeitura de S\u00e3o Paulo por estarem 100% ocupados, sem nenhuma vaga e com fila de pacientes com\u00a0<a rel=\"noreferrer noopener\" href=\"https:\/\/catracalivre.com.br\/tag\/coronavirus\/\" target=\"_blank\">covid-19<\/a>. A informa\u00e7\u00e3o \u00e9 do secret\u00e1rio municipal da Sa\u00fade de S\u00e3o Paulo, Edson Aparecido, em entrevista \u00e0 r\u00e1dio\u00a0<a rel=\"noreferrer noopener\" href=\"https:\/\/cbn.globoradio.globo.com\/\" target=\"_blank\">CBN<\/a>, nesta ter\u00e7a-feira, 16.<\/p>\n\n\n\n<p>\u201cNos \u00faltimos quatro dias, tivemos solicita\u00e7\u00e3o de 30 leitos de UTI e enfermaria para atender um conjunto de hospitais privados, de conv\u00eanio, que est\u00e3o com seus equipamentos completamente lotados e esgotados\u201d, afirmou Edson Aparecido.<\/p>\n\n\n\n<p>Dentre os hospitais que est\u00e3o completamente lotados e pediram ajuda ao SUS, est\u00e3o Albert Sabin, Nove de Julho, Edmundo Vasconcelos, Nossa Senhora de Lourdes, Igesp, S\u00e3o Camilo, Nipo Brasileiro e Santa Paula.<\/p>\n\n\n\n<p>Edson apontou que a situa\u00e7\u00e3o \u00e9 in\u00e9dita, pois normalmente quem aluga leitos hospitalares da rede privada \u00e9 o setor estado, ou seja, o oposto do que est\u00e1 acontecendo neste momento.<\/p>\n\n\n\n<p>No in\u00edcio do m\u00eas, o secret\u00e1rio participou de uma reuni\u00e3o com os diretores de hospitais privados para solicitar ajuda para o atendimento de pessoas internadas por outras doen\u00e7as. O objetivo era justamente liberar leitos para pacientes com Covid-19.<\/p>\n\n\n\n<p>O estado de S\u00e3o Paulo registrou 679 novas mortes provocadas pela Covid-19 nesta ter\u00e7a-feira \u2014 um recorde, o maior em 24 horas desde o in\u00edcio da pandemia. Os casos confirmados da doen\u00e7a neste per\u00edodo foi de 17.684.<\/p>\n\n\n\n<p>O que acontece na capital paulista \u00e9 reflexo do estado e no pa\u00eds. S\u00e3o Paulo tem atualmente 24.285 pacientes internados por Covid-19, o maior n\u00famero desde o come\u00e7o da pandemia, no ano passado.<\/p>\n\n\n\n<p>Ainda de acordo com o governo do estado, essa ter\u00e7a-feira \u00e9 o segundo dia consecutivo que o estado ultrapassa a marca de 10 mil internados em UTI. As taxas de ocupa\u00e7\u00e3o de leitos de UTI chegaram a 89% e 90,5%\u00a0 na Grande S\u00e3o Paulo.<\/p>\n\n\n\n<p>Na \u00faltima entrevista coletiva do governo do estado, o coordenador do Centro de Conting\u00eancia ao Coronav\u00edrus, Jo\u00e3o Gabbardo dos Reis, j\u00e1 havia afirmado que a tend\u00eancia \u00e9 de piora dos \u00edndices de casos, mortes e leitos ocupados.<\/p>\n\n\n\n<p>Para tentar conter o avan\u00e7o da covid-19, desde ontem, o estado de S\u00e3o Paulo est\u00e1 em fase emergencial, a mais restritiva do Plano S\u00e3o Paulo, desde o in\u00edcio da pandemia.<\/p>\n\n\n\n<p>O cen\u00e1rio s\u00f3 deve melhorar daqui 15 dias, at\u00e9 l\u00e1 o comit\u00ea espera situa\u00e7\u00e3o ainda pior do que a vista nesta ter\u00e7a-feira.<\/p>\n","protected":false},"excerpt":{"rendered":"<p>Pelo menos 15 hospitais est\u00e3o 100% ocupados precisando de vagas para pacientes com covid-19, que aguardam em fila.<\/p>\n","protected":false},"author":1,"featured_media":0,"comment_status":"closed","ping_status":"open","sticky":false,"template":"","format":"standard","meta":{"_exactmetrics_skip_tracking":false,"_exactmetrics_sitenote_active":false,"_exactmetrics_sitenote_note":"","_exactmetrics_sitenote_category":0,"jetpack_post_was_ever_published":false,"_jetpack_newsletter_access":"","_jetpack_dont_email_post_to_subs":false,"_jetpack_newsletter_tier_id":0,"_jetpack_memberships_contains_paywalled_content":false,"_jetpack_memberships_contains_paid_content":false,"footnotes":"","jetpack_publicize_message":"","jetpack_publicize_feature_enabled":true,"jetpack_social_post_already_shared":true,"jetpack_social_options":{"image_generator_settings":{"template":"highway","enabled":false},"version":2}},"categories":[1],"tags":[],"class_list":["post-31189","post","type-post","status-publish","format-standard","hentry","category-notas"],"jetpack_publicize_connections":[],"jetpack_sharing_enabled":true,"jetpack_featured_media_url":"","jetpack_shortlink":"https:\/\/wp.me\/p7wKYW-873","jetpack-related-posts":[],"_links":{"self":[{"href":"http:\/\/blogdalucianaoliveira.com.br\/blog\/wp-json\/wp\/v2\/posts\/31189","targetHints":{"allow":["GET"]}}],"collection":[{"href":"http:\/\/blogdalucianaoliveira.com.br\/blog\/wp-json\/wp\/v2\/posts"}],"about":[{"href":"http:\/\/blogdalucianaoliveira.com.br\/blog\/wp-json\/wp\/v2\/types\/post"}],"author":[{"embeddable":true,"href":"http:\/\/blogdalucianaoliveira.com.br\/blog\/wp-json\/wp\/v2\/users\/1"}],"replies":[{"embeddable":true,"href":"http:\/\/blogdalucianaoliveira.com.br\/blog\/wp-json\/wp\/v2\/comments?post=31189"}],"version-history":[{"count":1,"href":"http:\/\/blogdalucianaoliveira.com.br\/blog\/wp-json\/wp\/v2\/posts\/31189\/revisions"}],"predecessor-version":[{"id":31191,"href":"http:\/\/blogdalucianaoliveira.com.br\/blog\/wp-json\/wp\/v2\/posts\/31189\/revisions\/31191"}],"wp:attachment":[{"href":"http:\/\/blogdalucianaoliveira.com.br\/blog\/wp-json\/wp\/v2\/media?parent=31189"}],"wp:term":[{"taxonomy":"category","embeddable":true,"href":"http:\/\/blogdalucianaoliveira.com.br\/blog\/wp-json\/wp\/v2\/categories?post=31189"},{"taxonomy":"post_tag","embeddable":true,"href":"http:\/\/blogdalucianaoliveira.com.br\/blog\/wp-json\/wp\/v2\/tags?post=31189"}],"curies":[{"name":"wp","href":"https:\/\/api.w.org\/{rel}","templated":true}]}}