{"id":31193,"date":"2021-03-17T06:55:40","date_gmt":"2021-03-17T10:55:40","guid":{"rendered":"http:\/\/blogdalucianaoliveira.com.br\/blog\/?p=31193"},"modified":"2021-03-17T06:55:46","modified_gmt":"2021-03-17T10:55:46","slug":"rejeicao-a-bolsonaro-dispara-bate-recorde-e-chega-a-54-segundo-datafolha","status":"publish","type":"post","link":"http:\/\/blogdalucianaoliveira.com.br\/blog\/2021\/03\/17\/rejeicao-a-bolsonaro-dispara-bate-recorde-e-chega-a-54-segundo-datafolha\/","title":{"rendered":"Rejei\u00e7\u00e3o a Bolsonaro dispara, bate recorde e chega a 54%, segundo Datafolha"},"content":{"rendered":"\n<figure class=\"wp-block-image size-large\"><img loading=\"lazy\" decoding=\"async\" width=\"1250\" height=\"600\" data-attachment-id=\"31194\" data-permalink=\"http:\/\/blogdalucianaoliveira.com.br\/blog\/2021\/03\/17\/rejeicao-a-bolsonaro-dispara-bate-recorde-e-chega-a-54-segundo-datafolha\/5b9f0618-0082-458f-9c3a-4453e3fbdfd5\/\" data-orig-file=\"https:\/\/i0.wp.com\/blogdalucianaoliveira.com.br\/blog\/wp-content\/uploads\/2021\/03\/5B9F0618-0082-458F-9C3A-4453E3FBDFD5.jpeg?fit=1250%2C600\" data-orig-size=\"1250,600\" data-comments-opened=\"0\" data-image-meta=\"{&quot;aperture&quot;:&quot;0&quot;,&quot;credit&quot;:&quot;&quot;,&quot;camera&quot;:&quot;&quot;,&quot;caption&quot;:&quot;&quot;,&quot;created_timestamp&quot;:&quot;0&quot;,&quot;copyright&quot;:&quot;&quot;,&quot;focal_length&quot;:&quot;0&quot;,&quot;iso&quot;:&quot;0&quot;,&quot;shutter_speed&quot;:&quot;0&quot;,&quot;title&quot;:&quot;&quot;,&quot;orientation&quot;:&quot;0&quot;}\" data-image-title=\"5B9F0618-0082-458F-9C3A-4453E3FBDFD5\" data-image-description=\"\" data-image-caption=\"\" data-medium-file=\"https:\/\/i0.wp.com\/blogdalucianaoliveira.com.br\/blog\/wp-content\/uploads\/2021\/03\/5B9F0618-0082-458F-9C3A-4453E3FBDFD5.jpeg?fit=300%2C144\" data-large-file=\"https:\/\/i0.wp.com\/blogdalucianaoliveira.com.br\/blog\/wp-content\/uploads\/2021\/03\/5B9F0618-0082-458F-9C3A-4453E3FBDFD5.jpeg?fit=600%2C288\" src=\"https:\/\/i2.wp.com\/blogdalucianaoliveira.com.br\/blog\/wp-content\/uploads\/2021\/03\/5B9F0618-0082-458F-9C3A-4453E3FBDFD5.jpeg?fit=600%2C288\" alt=\"\" class=\"wp-image-31194\" srcset=\"https:\/\/i0.wp.com\/blogdalucianaoliveira.com.br\/blog\/wp-content\/uploads\/2021\/03\/5B9F0618-0082-458F-9C3A-4453E3FBDFD5.jpeg?w=1250 1250w, https:\/\/i0.wp.com\/blogdalucianaoliveira.com.br\/blog\/wp-content\/uploads\/2021\/03\/5B9F0618-0082-458F-9C3A-4453E3FBDFD5.jpeg?resize=300%2C144 300w, https:\/\/i0.wp.com\/blogdalucianaoliveira.com.br\/blog\/wp-content\/uploads\/2021\/03\/5B9F0618-0082-458F-9C3A-4453E3FBDFD5.jpeg?resize=1024%2C492 1024w, https:\/\/i0.wp.com\/blogdalucianaoliveira.com.br\/blog\/wp-content\/uploads\/2021\/03\/5B9F0618-0082-458F-9C3A-4453E3FBDFD5.jpeg?resize=768%2C369 768w, https:\/\/i0.wp.com\/blogdalucianaoliveira.com.br\/blog\/wp-content\/uploads\/2021\/03\/5B9F0618-0082-458F-9C3A-4453E3FBDFD5.jpeg?resize=625%2C300 625w, https:\/\/i0.wp.com\/blogdalucianaoliveira.com.br\/blog\/wp-content\/uploads\/2021\/03\/5B9F0618-0082-458F-9C3A-4453E3FBDFD5.jpeg?w=1200 1200w\" sizes=\"auto, (max-width: 600px) 100vw, 600px\" \/><\/figure>\n\n\n\n<p><strong>247 &#8211;<\/strong>&nbsp;A rejei\u00e7\u00e3o \u00e0 a\u00e7\u00e3o de Jair Bolsonaro na gest\u00e3o da pandemia da Covid-19 disparou ao maior n\u00edvel desde que a crise sanit\u00e1ria come\u00e7ou, h\u00e1 um ano.<\/p>\n\n\n\n<!--more-->\n\n\n\n<p>Segundo o Datafolha, 54% dos brasileiros veem sua atua\u00e7\u00e3o como ruim ou p\u00e9ssima na semana em que foi apresentado o quarto ministro da Sa\u00fade de seu governo. Na pesquisa passada, realizada em 20 e 21 de janeiro, 48% reprovavam o trabalho de Bolsonaro.\u200b<\/p>\n\n\n\n<p>Na pesquisa atual, o \u00edndice daqueles que acham sua gest\u00e3o da crise \u00f3tima ou boa passou de 26% para 22%, enquanto quem a v\u00ea como regular foi de 25% para 24%. N\u00e3o opinaram 1%.<\/p>\n\n\n\n<p>O instituto ouviu por telefone 2.023 pessoas nos dias 15 e 16 de mar\u00e7o. A margem de erro \u00e9 de dois pontos para mais ou menos.<\/p>\n\n\n\n<p>Destas, 43% consideram Bolsonaro o principal culpado pela fase aguda da pandemia. Mais de 280 mil pessoas j\u00e1 morreram no pa\u00eds, que passa por um colapso nacional do sistema de sa\u00fade, informa a\u00a0<a href=\"https:\/\/https\/\/www1.folha.uol.com.br\/poder\/2021\/03\/datafolha-rejeicao-a-bolsonaro-na-gestao-da-pandemia-bate-recorde-e-vai-a-54.shtml\"><strong>Folha de S.Paulo<\/strong><\/a>.<\/p>\n","protected":false},"excerpt":{"rendered":"<p>247 &#8211;&nbsp;A rejei\u00e7\u00e3o \u00e0 a\u00e7\u00e3o de Jair Bolsonaro na gest\u00e3o da pandemia da Covid-19 disparou ao maior n\u00edvel desde que a crise sanit\u00e1ria come\u00e7ou, h\u00e1 um ano.<\/p>\n","protected":false},"author":1,"featured_media":0,"comment_status":"closed","ping_status":"open","sticky":false,"template":"","format":"standard","meta":{"_exactmetrics_skip_tracking":false,"_exactmetrics_sitenote_active":false,"_exactmetrics_sitenote_note":"","_exactmetrics_sitenote_category":0,"jetpack_post_was_ever_published":false,"_jetpack_newsletter_access":"","_jetpack_dont_email_post_to_subs":false,"_jetpack_newsletter_tier_id":0,"_jetpack_memberships_contains_paywalled_content":false,"_jetpack_memberships_contains_paid_content":false,"footnotes":"","jetpack_publicize_message":"","jetpack_publicize_feature_enabled":true,"jetpack_social_post_already_shared":true,"jetpack_social_options":{"image_generator_settings":{"template":"highway","enabled":false},"version":2}},"categories":[1],"tags":[],"class_list":["post-31193","post","type-post","status-publish","format-standard","hentry","category-notas"],"jetpack_publicize_connections":[],"jetpack_sharing_enabled":true,"jetpack_featured_media_url":"","jetpack_shortlink":"https:\/\/wp.me\/p7wKYW-877","jetpack-related-posts":[],"_links":{"self":[{"href":"http:\/\/blogdalucianaoliveira.com.br\/blog\/wp-json\/wp\/v2\/posts\/31193","targetHints":{"allow":["GET"]}}],"collection":[{"href":"http:\/\/blogdalucianaoliveira.com.br\/blog\/wp-json\/wp\/v2\/posts"}],"about":[{"href":"http:\/\/blogdalucianaoliveira.com.br\/blog\/wp-json\/wp\/v2\/types\/post"}],"author":[{"embeddable":true,"href":"http:\/\/blogdalucianaoliveira.com.br\/blog\/wp-json\/wp\/v2\/users\/1"}],"replies":[{"embeddable":true,"href":"http:\/\/blogdalucianaoliveira.com.br\/blog\/wp-json\/wp\/v2\/comments?post=31193"}],"version-history":[{"count":1,"href":"http:\/\/blogdalucianaoliveira.com.br\/blog\/wp-json\/wp\/v2\/posts\/31193\/revisions"}],"predecessor-version":[{"id":31195,"href":"http:\/\/blogdalucianaoliveira.com.br\/blog\/wp-json\/wp\/v2\/posts\/31193\/revisions\/31195"}],"wp:attachment":[{"href":"http:\/\/blogdalucianaoliveira.com.br\/blog\/wp-json\/wp\/v2\/media?parent=31193"}],"wp:term":[{"taxonomy":"category","embeddable":true,"href":"http:\/\/blogdalucianaoliveira.com.br\/blog\/wp-json\/wp\/v2\/categories?post=31193"},{"taxonomy":"post_tag","embeddable":true,"href":"http:\/\/blogdalucianaoliveira.com.br\/blog\/wp-json\/wp\/v2\/tags?post=31193"}],"curies":[{"name":"wp","href":"https:\/\/api.w.org\/{rel}","templated":true}]}}