{"id":31196,"date":"2021-03-17T11:02:44","date_gmt":"2021-03-17T15:02:44","guid":{"rendered":"http:\/\/blogdalucianaoliveira.com.br\/blog\/?p=31196"},"modified":"2021-03-17T11:02:50","modified_gmt":"2021-03-17T15:02:50","slug":"pazuello-diz-que-novo-ministro-reza-mesma-cartilha-e-ataca-antecessores","status":"publish","type":"post","link":"http:\/\/blogdalucianaoliveira.com.br\/blog\/2021\/03\/17\/pazuello-diz-que-novo-ministro-reza-mesma-cartilha-e-ataca-antecessores\/","title":{"rendered":"Pazuello diz que novo ministro \u201creza mesma cartilha\u201d e ataca antecessores"},"content":{"rendered":"\n<figure class=\"wp-block-image\"><img data-recalc-dims=\"1\" height=\"445\" width=\"600\" decoding=\"async\" src=\"https:\/\/i0.wp.com\/static.poder360.com.br\/2021\/03\/fiocruz_saude_tmazs_abr_0502214254-868x644.jpg?resize=600%2C445&#038;ssl=1\" alt=\"\"\/><\/figure>\n\n\n\n<p>Diz que entrega pasta \u201corganizada\u201d. Faz discurso em tom de despedida.<\/p>\n\n\n\n<!--more-->\n\n\n\n<p>Poder 360<\/p>\n\n\n\n<p>O ministro da Sa\u00fade, Eduardo Pazuello, disse, nesta 4\u00aa feira (17.mar.2021), que o&nbsp;<a href=\"https:\/\/www.poder360.com.br\/governo\/marcelo-queiroga-aceita-convite-de-bolsonaro-e-sera-novo-ministro-da-saude\/\" target=\"_blank\" rel=\"noreferrer noopener\">futuro ocupante da pasta<\/a>, o cardiologista Marcelo Queiroga, vai&nbsp;<em>\u201crezar a mesma cartilha\u201d<\/em>&nbsp;que a sua na condu\u00e7\u00e3o das pol\u00edticas de combate \u00e0 pandemia.<\/p>\n\n\n\n<p>A declara\u00e7\u00e3o foi feita durante cerim\u00f4nia para entrega de 500.000 doses de vacinas contra a covid-19 da AstraZeneca\/Oxford fabricadas pela Fiocruz (Funda\u00e7\u00e3o Oswaldo Cruz) na unidade Bio-Manguinhos, no Rio de Janeiro.<\/p>\n\n\n\n<p>Queiroga tamb\u00e9m estava no evento. Ele ainda n\u00e3o foi nomeado para o cargo. Segundo Pazuello, a confirma\u00e7\u00e3o depende apenas de quest\u00f5es administrativas.<br><\/p>\n\n\n\n<p><em>\u201cTemos pela frente uma transi\u00e7\u00e3o de cargos de ministro que \u00e9 apenas uma continuidade do trabalho. O doutor Marcelo Queiroga reza na mesma cartilha\u201d<\/em>, declarou Pazuello.<\/p>\n\n\n\n<p>Segundo o ministro, seu sucessor vai assumir o cargo em uma condi\u00e7\u00e3o mais favor\u00e1vel que a sua.&nbsp;<em>\u201cA diferen\u00e7a \u00e9 que eu vou entregar pra ele um minist\u00e9rio organizado, estruturado, funcionando. Como m\u00e9dico cardiologista, com conhecimento t\u00e9cnico, vai poder navegar nessas ferramentas em prol da sa\u00fade do Brasil\u201d<\/em>, afirmou.<\/p>\n\n\n\n<p><em>\u201cQueiroga pode ir al\u00e9m utilizando a estrutura j\u00e1 preparada para o in\u00edcio do trabalho. O momento \u00e9 bom com rela\u00e7\u00e3o \u00e0 capacidade de combater a pandemia no Brasil\u201d<\/em>, disse.<\/p>\n\n\n\n<p>Em tom de despedida, Pazuello disparou contra as gest\u00f5es anteriores do Minist\u00e9rio da Sa\u00fade. Criticou o fato de o governo federal n\u00e3o ter investido na constru\u00e7\u00e3o de f\u00e1bricas de IFA (insumo farmac\u00eautico ativo).<\/p>\n\n\n\n<p><em>\u201cO Brasil \u00e9 dependente de insumos farmacol\u00f3gicos da \u00cdndia e da China. Isso quer dizer que, se fecharem a torneira, n\u00e3o temos material para vacina. Essa \u00e9 a verdade. Nunca tivemos. Nossos antigos governantes n\u00e3o fizeram isso, mas n\u00f3s fizemos. A Fiocruz est\u00e1 com sua f\u00e1brica de IFA pronta. Em abril, come\u00e7amos a produzir e, em maio, teremos IFA para come\u00e7ar a produ\u00e7\u00e3o no Brasil\u201d<\/em>, disse.<\/p>\n\n\n\n<p>Nessa 3\u00aa (16.mar), o Minist\u00e9rio da Sa\u00fade&nbsp;<a href=\"https:\/\/www.poder360.com.br\/coronavirus\/novo-recorde-brasil-confirma-mais-2-841-mortes-por-covid-19-em-24-horas\/\" target=\"_blank\" rel=\"noreferrer noopener\">confirmou<\/a>&nbsp;mais 2.841 mortes por covid-19. \u00c9 o n\u00famero mais alto j\u00e1 registrado em 24 horas.<br><\/p>\n\n\n\n<p><br><\/p>\n","protected":false},"excerpt":{"rendered":"<p>Diz que entrega pasta \u201corganizada\u201d. Faz discurso em tom de despedida.<\/p>\n","protected":false},"author":1,"featured_media":0,"comment_status":"closed","ping_status":"open","sticky":false,"template":"","format":"standard","meta":{"_exactmetrics_skip_tracking":false,"_exactmetrics_sitenote_active":false,"_exactmetrics_sitenote_note":"","_exactmetrics_sitenote_category":0,"jetpack_post_was_ever_published":false,"_jetpack_newsletter_access":"","_jetpack_dont_email_post_to_subs":false,"_jetpack_newsletter_tier_id":0,"_jetpack_memberships_contains_paywalled_content":false,"_jetpack_memberships_contains_paid_content":false,"footnotes":"","jetpack_publicize_message":"","jetpack_publicize_feature_enabled":true,"jetpack_social_post_already_shared":true,"jetpack_social_options":{"image_generator_settings":{"template":"highway","enabled":false},"version":2}},"categories":[1],"tags":[363,413,366,412],"class_list":["post-31196","post","type-post","status-publish","format-standard","hentry","category-notas","tag-covid","tag-fiocruz","tag-pandemia","tag-pazuello"],"jetpack_publicize_connections":[],"jetpack_sharing_enabled":true,"jetpack_featured_media_url":"","jetpack_shortlink":"https:\/\/wp.me\/p7wKYW-87a","jetpack-related-posts":[],"_links":{"self":[{"href":"http:\/\/blogdalucianaoliveira.com.br\/blog\/wp-json\/wp\/v2\/posts\/31196","targetHints":{"allow":["GET"]}}],"collection":[{"href":"http:\/\/blogdalucianaoliveira.com.br\/blog\/wp-json\/wp\/v2\/posts"}],"about":[{"href":"http:\/\/blogdalucianaoliveira.com.br\/blog\/wp-json\/wp\/v2\/types\/post"}],"author":[{"embeddable":true,"href":"http:\/\/blogdalucianaoliveira.com.br\/blog\/wp-json\/wp\/v2\/users\/1"}],"replies":[{"embeddable":true,"href":"http:\/\/blogdalucianaoliveira.com.br\/blog\/wp-json\/wp\/v2\/comments?post=31196"}],"version-history":[{"count":1,"href":"http:\/\/blogdalucianaoliveira.com.br\/blog\/wp-json\/wp\/v2\/posts\/31196\/revisions"}],"predecessor-version":[{"id":31197,"href":"http:\/\/blogdalucianaoliveira.com.br\/blog\/wp-json\/wp\/v2\/posts\/31196\/revisions\/31197"}],"wp:attachment":[{"href":"http:\/\/blogdalucianaoliveira.com.br\/blog\/wp-json\/wp\/v2\/media?parent=31196"}],"wp:term":[{"taxonomy":"category","embeddable":true,"href":"http:\/\/blogdalucianaoliveira.com.br\/blog\/wp-json\/wp\/v2\/categories?post=31196"},{"taxonomy":"post_tag","embeddable":true,"href":"http:\/\/blogdalucianaoliveira.com.br\/blog\/wp-json\/wp\/v2\/tags?post=31196"}],"curies":[{"name":"wp","href":"https:\/\/api.w.org\/{rel}","templated":true}]}}