{"id":31198,"date":"2021-03-17T11:06:17","date_gmt":"2021-03-17T15:06:17","guid":{"rendered":"http:\/\/blogdalucianaoliveira.com.br\/blog\/?p=31198"},"modified":"2021-03-17T11:06:22","modified_gmt":"2021-03-17T15:06:22","slug":"lider-do-governo-bolsonaro-diz-em-meio-a-maior-tragedia-da-historia-do-brasil-que-a-situacao-e-ate-confortavel","status":"publish","type":"post","link":"http:\/\/blogdalucianaoliveira.com.br\/blog\/2021\/03\/17\/lider-do-governo-bolsonaro-diz-em-meio-a-maior-tragedia-da-historia-do-brasil-que-a-situacao-e-ate-confortavel\/","title":{"rendered":"L\u00edder do governo Bolsonaro diz, em meio \u00e0 maior trag\u00e9dia da hist\u00f3ria do Brasil, que a situa\u00e7\u00e3o &#8220;\u00e9 at\u00e9 confort\u00e1vel&#8221;"},"content":{"rendered":"\n<figure class=\"wp-block-image\"><img data-recalc-dims=\"1\" decoding=\"async\" src=\"https:\/\/i0.wp.com\/publisher-publish.s3.eu-central-1.amazonaws.com\/pb-brasil247\/swp\/jtjeq9\/media\/20200923140920_983444f686939bbc742a6ad47a0bb1cd0d25e0fb8b64dae03791be7901741b02.jpeg?w=600&#038;ssl=1\" alt=\"Ricardo Barros em Bras\u00edlia 27\/03\/2018\"\/><\/figure>\n\n\n\n<p><strong>247 &#8211;\u00a0<\/strong>O l\u00edder do governo Bolsonaro na C\u00e2mara, deputado Ricardo Barros (PP-PR), buscou atenuar a maior trag\u00e9dia humanit\u00e1ria da hist\u00f3ria do Brasil.\u00a0<br><\/p>\n\n\n\n<!--more-->\n\n\n\n<p>Diante do recorde de mortes di\u00e1rias<a target=\"_blank\" rel=\"noreferrer noopener\" href=\"https:\/\/www.brasil247.com\/coronavirus\/brasil-tem-novo-recorde-e-registra-2-841-mortes-por-covid-19-nas-ultimas-24-horas\">&nbsp;(2.842)&nbsp;<\/a>estabelecido nesta ter\u00e7a-feira (16), Barros disse que a situa\u00e7\u00e3o do pa\u00eds \u00e9 &#8220;at\u00e9 confort\u00e1vel&#8221;.<\/p>\n\n\n\n<p>&#8220;Olhe bem a estat\u00edstica, mortes por milh\u00e3o, ou seja, o cuidado do sistema de sa\u00fade com as pessoas. Reino Unido, 1.853 [mortes por milh\u00e3o], em 4\u00ba lugar. Estados Unidos, 1.609 por milh\u00e3o, em 11\u00ba. Brasil, 1.300 mortes por milh\u00e3o, em 22\u00ba lugar&#8221;, afirmou Barros ao&nbsp;<a target=\"_blank\" rel=\"noreferrer noopener\" href=\"https:\/\/g1.globo.com\/politica\/noticia\/2021\/03\/17\/lider-do-governo-cita-numero-de-vacinados-e-mortes-por-milhao-e-diz-que-situacao-do-pais-e-ate-confortavel.ghtml\">G1.<\/a><br><\/p>\n\n\n\n<p>&#8220;Ent\u00e3o, nosso sistema de sa\u00fade responde, est\u00e1 melhor no tratamento as pessoas do que a maioria dos pa\u00edses de primeiro mundo que est\u00e3o na nossa frente em n\u00famero de vacinados, mas o Brasil \u00e9 o 5\u00ba do mundo em n\u00famero de vacinados. Embora tenha come\u00e7ado mais tarde, j\u00e1 s\u00e3o 10 milh\u00f5es e 300 mil vacinados e 11 milh\u00f5es e 600 que j\u00e1 pegaram Covid e est\u00e3o imunes, ent\u00e3o, a nossa situa\u00e7\u00e3o, ela n\u00e3o \u00e9 t\u00e3o cr\u00edtica assim. Comparada a outros pa\u00edses, \u00e9 uma situa\u00e7\u00e3o at\u00e9 confort\u00e1vel&#8221;, completou o deputado.<br><\/p>\n","protected":false},"excerpt":{"rendered":"<p>247 &#8211;\u00a0O l\u00edder do governo Bolsonaro na C\u00e2mara, deputado Ricardo Barros (PP-PR), buscou atenuar a maior trag\u00e9dia humanit\u00e1ria da hist\u00f3ria do Brasil.\u00a0<\/p>\n","protected":false},"author":1,"featured_media":0,"comment_status":"closed","ping_status":"open","sticky":false,"template":"","format":"standard","meta":{"_exactmetrics_skip_tracking":false,"_exactmetrics_sitenote_active":false,"_exactmetrics_sitenote_note":"","_exactmetrics_sitenote_category":0,"jetpack_post_was_ever_published":false,"_jetpack_newsletter_access":"","_jetpack_dont_email_post_to_subs":false,"_jetpack_newsletter_tier_id":0,"_jetpack_memberships_contains_paywalled_content":false,"_jetpack_memberships_contains_paid_content":false,"footnotes":"","jetpack_publicize_message":"","jetpack_publicize_feature_enabled":true,"jetpack_social_post_already_shared":true,"jetpack_social_options":{"image_generator_settings":{"template":"highway","enabled":false},"version":2}},"categories":[1],"tags":[366,414,415],"class_list":["post-31198","post","type-post","status-publish","format-standard","hentry","category-notas","tag-pandemia","tag-psl","tag-ricardo-barros"],"jetpack_publicize_connections":[],"jetpack_sharing_enabled":true,"jetpack_featured_media_url":"","jetpack_shortlink":"https:\/\/wp.me\/p7wKYW-87c","jetpack-related-posts":[],"_links":{"self":[{"href":"http:\/\/blogdalucianaoliveira.com.br\/blog\/wp-json\/wp\/v2\/posts\/31198","targetHints":{"allow":["GET"]}}],"collection":[{"href":"http:\/\/blogdalucianaoliveira.com.br\/blog\/wp-json\/wp\/v2\/posts"}],"about":[{"href":"http:\/\/blogdalucianaoliveira.com.br\/blog\/wp-json\/wp\/v2\/types\/post"}],"author":[{"embeddable":true,"href":"http:\/\/blogdalucianaoliveira.com.br\/blog\/wp-json\/wp\/v2\/users\/1"}],"replies":[{"embeddable":true,"href":"http:\/\/blogdalucianaoliveira.com.br\/blog\/wp-json\/wp\/v2\/comments?post=31198"}],"version-history":[{"count":1,"href":"http:\/\/blogdalucianaoliveira.com.br\/blog\/wp-json\/wp\/v2\/posts\/31198\/revisions"}],"predecessor-version":[{"id":31199,"href":"http:\/\/blogdalucianaoliveira.com.br\/blog\/wp-json\/wp\/v2\/posts\/31198\/revisions\/31199"}],"wp:attachment":[{"href":"http:\/\/blogdalucianaoliveira.com.br\/blog\/wp-json\/wp\/v2\/media?parent=31198"}],"wp:term":[{"taxonomy":"category","embeddable":true,"href":"http:\/\/blogdalucianaoliveira.com.br\/blog\/wp-json\/wp\/v2\/categories?post=31198"},{"taxonomy":"post_tag","embeddable":true,"href":"http:\/\/blogdalucianaoliveira.com.br\/blog\/wp-json\/wp\/v2\/tags?post=31198"}],"curies":[{"name":"wp","href":"https:\/\/api.w.org\/{rel}","templated":true}]}}