{"id":31201,"date":"2021-03-17T17:25:35","date_gmt":"2021-03-17T21:25:35","guid":{"rendered":"http:\/\/blogdalucianaoliveira.com.br\/blog\/?p=31201"},"modified":"2021-03-17T17:25:37","modified_gmt":"2021-03-17T21:25:37","slug":"a-receita-do-colapso","status":"publish","type":"post","link":"http:\/\/blogdalucianaoliveira.com.br\/blog\/2021\/03\/17\/a-receita-do-colapso\/","title":{"rendered":"A RECEITA DO COLAPSO"},"content":{"rendered":"\n<figure class=\"wp-block-image size-large\"><img loading=\"lazy\" decoding=\"async\" width=\"1200\" height=\"800\" data-attachment-id=\"31202\" data-permalink=\"http:\/\/blogdalucianaoliveira.com.br\/blog\/2021\/03\/17\/a-receita-do-colapso\/8c95d336-145a-4da3-b79d-027791d4962a\/\" data-orig-file=\"https:\/\/i0.wp.com\/blogdalucianaoliveira.com.br\/blog\/wp-content\/uploads\/2021\/03\/8C95D336-145A-4DA3-B79D-027791D4962A.jpeg?fit=1200%2C800\" data-orig-size=\"1200,800\" data-comments-opened=\"0\" data-image-meta=\"{&quot;aperture&quot;:&quot;0&quot;,&quot;credit&quot;:&quot;&quot;,&quot;camera&quot;:&quot;&quot;,&quot;caption&quot;:&quot;&quot;,&quot;created_timestamp&quot;:&quot;0&quot;,&quot;copyright&quot;:&quot;&quot;,&quot;focal_length&quot;:&quot;0&quot;,&quot;iso&quot;:&quot;0&quot;,&quot;shutter_speed&quot;:&quot;0&quot;,&quot;title&quot;:&quot;&quot;,&quot;orientation&quot;:&quot;0&quot;}\" data-image-title=\"8C95D336-145A-4DA3-B79D-027791D4962A\" data-image-description=\"\" data-image-caption=\"\" data-medium-file=\"https:\/\/i0.wp.com\/blogdalucianaoliveira.com.br\/blog\/wp-content\/uploads\/2021\/03\/8C95D336-145A-4DA3-B79D-027791D4962A.jpeg?fit=300%2C200\" data-large-file=\"https:\/\/i0.wp.com\/blogdalucianaoliveira.com.br\/blog\/wp-content\/uploads\/2021\/03\/8C95D336-145A-4DA3-B79D-027791D4962A.jpeg?fit=600%2C400\" src=\"https:\/\/i0.wp.com\/blogdalucianaoliveira.com.br\/blog\/wp-content\/uploads\/2021\/03\/8C95D336-145A-4DA3-B79D-027791D4962A.jpeg?fit=600%2C400\" alt=\"\" class=\"wp-image-31202\" srcset=\"https:\/\/i0.wp.com\/blogdalucianaoliveira.com.br\/blog\/wp-content\/uploads\/2021\/03\/8C95D336-145A-4DA3-B79D-027791D4962A.jpeg?w=1200 1200w, https:\/\/i0.wp.com\/blogdalucianaoliveira.com.br\/blog\/wp-content\/uploads\/2021\/03\/8C95D336-145A-4DA3-B79D-027791D4962A.jpeg?resize=300%2C200 300w, https:\/\/i0.wp.com\/blogdalucianaoliveira.com.br\/blog\/wp-content\/uploads\/2021\/03\/8C95D336-145A-4DA3-B79D-027791D4962A.jpeg?resize=1024%2C683 1024w, https:\/\/i0.wp.com\/blogdalucianaoliveira.com.br\/blog\/wp-content\/uploads\/2021\/03\/8C95D336-145A-4DA3-B79D-027791D4962A.jpeg?resize=768%2C512 768w, https:\/\/i0.wp.com\/blogdalucianaoliveira.com.br\/blog\/wp-content\/uploads\/2021\/03\/8C95D336-145A-4DA3-B79D-027791D4962A.jpeg?resize=450%2C300 450w\" sizes=\"auto, (max-width: 600px) 100vw, 600px\" \/><\/figure>\n\n\n\n<h3 class=\"wp-block-heading\">Como uma cidade distribuiu hidroxicloroquina de gra\u00e7a, flexibilizou isolamento e viu mortes se multiplicarem&nbsp;<\/h3>\n\n\n\n<!--more-->\n\n\n\n<p><strong>THAIS BILENKY<\/strong>, na Revista Piau\u00ed <\/p>\n\n\n\n<p><br>Uma cidade populosa, administrada por um aliado do presidente Jair Bolsonaro, resume a forma como o Brasil vai levando a pandemia do coronav\u00edrus. Em Uberl\u00e2ndia, no Tri\u00e2ngulo Mineiro, o prefeito pede isolamento, mas com tantas exce\u00e7\u00f5es que elas se tornam a regra. Oferece \u201ctratamento precoce\u201d de gra\u00e7a, mas abandona a promessa de cura quando h\u00e1 vacinas nas quais se agarrar. Faz concess\u00f5es seguidas a empres\u00e1rios e comerciantes e enfrenta protestos deles mesmos, que querem ainda mais flexibiliza\u00e7\u00e3o. Uberl\u00e2ndia \u00e9 uma esp\u00e9cie de cidade exemplar da indecis\u00e3o do poder p\u00fablico diante da pandemia no Brasil. E j\u00e1 se foram 280 mil mortos.\u00a0<br><\/p>\n\n\n\n<p>Em julho passado, quatro dias depois de Uberl\u00e2ndia assumir momentaneamente a dianteira de casos de Covid em Minas Gerais, superando at\u00e9 Belo Horizonte, o prefeito da cidade, Odelmo Le\u00e3o (PP), anunciou um novo protocolo de combate \u00e0 pandemia: ivermectina e hidroxicloroquina de gra\u00e7a para a popula\u00e7\u00e3o. Em seguida, flexibilizou o decreto de isolamento, liberando feiras livres, lanchonetes e conveni\u00eancias. O Tribunal de Justi\u00e7a de Minas mandou Le\u00e3o recrudescer, enquadrando-o ao plano estadual de enfrentamento da pandemia Minas Consciente, mas a ordem durou pouco. O prefeito recorreu e, em meados de julho, a cidade de 700 mil habitantes bateu a marca de 10 mil infectados \u2013 ato cont\u00ednuo, liberou at\u00e9 shopping center. Duzentas pessoas morreram da doen\u00e7a at\u00e9 aquele m\u00eas.<\/p>\n\n\n\n<p>Ap\u00f3s oito meses, no dia 2 de mar\u00e7o deste ano, o prefeito admitiu que o sistema de sa\u00fade de Uberl\u00e2ndia se exauriu. Com 100% dos leitos de UTI ocupados, 184 pacientes esperavam vagas abrirem, e outros j\u00e1 tinham sido transferidos para cidades pr\u00f3ximas. \u201cA rede de sa\u00fade de Uberl\u00e2ndia colapsou. Friso: colapsou. A situa\u00e7\u00e3o \u00e9 ca\u00f3tica. A gente pediu, a gente apelou para que todos compreendessem o momento que viv\u00edamos, para que n\u00e3o cheg\u00e1ssemos a essa situa\u00e7\u00e3o. Infelizmente, muitos n\u00e3o ouviram e duvidaram dessa doen\u00e7a. Hoje a nossa situa\u00e7\u00e3o \u00e9 a pior de todas as que vivemos\u201d, afirmou Le\u00e3o.<\/p>\n\n\n\n<p>Em 4 de mar\u00e7o, o&nbsp;presidente Jair Bolsonaro pisou em solo uberlandense com sorriso de orelha a orelha, vis\u00edvel porque n\u00e3o usava m\u00e1scara. Odelmo Le\u00e3o, seu \u201cvelho amigo de Parlamento\u201d, como Bolsonaro o definiu, o recebeu de bra\u00e7os abertos e N95 no rosto. \u201cQuem fala em tratamento precoce passou a ser criminoso no Brasil\u201d, discursou o presidente a algumas dezenas de apoiadores sem m\u00e1scara que se amontoavam para v\u00ea-lo de perto. \u201cO m\u00e9dico, ele \u00e9 ensinado, \u00e9 direito dele, n\u00e3o tendo o medicamento para aquela doen\u00e7a, ele buscar a alternativa\u201d, prosseguiu Bolsonaro.<\/p>\n\n\n\n<p>Na cidade, acontece o oposto do que descreveu o presidente. O Minist\u00e9rio P\u00fablico Federal conseguiu na Justi\u00e7a que o m\u00e9dico que n\u00e3o receitar o \u201ctratamento precoce\u201d seja denunciado por pacientes e fique sujeito a multa de 10 mil reais. N\u00e3o h\u00e1, por ora, registro de puni\u00e7\u00f5es judiciais.<\/p>\n\n\n\n<p>O presidente continuou a falar, agora sobre efeitos colaterais econ\u00f4micos. \u201cSe todo mundo ficar em casa, vai morrer todo mundo de fome.\u201d Os simpatizantes aplaudiram. \u201cO desemprego leva \u00e0 mis\u00e9ria, \u00e0 depress\u00e3o, a uma s\u00e9rie de outros problemas, que matam muito mais do que o v\u00edrus.\u201d Ele estava no lugar certo.<\/p>\n\n\n\n<p><strong>E<\/strong>m setembro de 2020, depois de atingir pela primeira vez cem dias seguidos com registros de \u00f3bitos, Odelmo Le\u00e3o conseguiu no Supremo Tribunal Federal reabrir bares e restaurantes. Em outubro, o prefeito anunciou a sa\u00edda da cidade do Minas Consciente, plano de conting\u00eancia do governo estadual de Romeu Zema (Novo) para enfrentar a pandemia. Quinze dias depois, Uberl\u00e2ndia registrou o recorde de 140 dias consecutivos de \u00f3bitos.<\/p>\n\n\n\n<p>Em novembro e dezembro, seguindo tend\u00eancia nacional, a pandemia arrefeceu em termos relativos ao que acontecera at\u00e9 ent\u00e3o. Mas, com a virada do ano, a doen\u00e7a se mostrou mais agressiva inclusive entre grupos que antes n\u00e3o eram considerados de risco. A regi\u00e3o de Uberl\u00e2ndia voltou a ser um dos focos mais graves da pandemia em Minas. O n\u00famero de mortes explodiu. De 27 \u00f3bitos registrados em dezembro, o n\u00famero saltou para 76 em janeiro e 257 em fevereiro, somando ao final do m\u00eas passado 1 074 mortes desde o in\u00edcio da pandemia. Em mar\u00e7o foram 284 at\u00e9 o dia 12, segundo dados da prefeitura.<\/p>\n\n\n\n<p>Com o esgotamento do sistema de sa\u00fade da cidade, em fevereiro, Odelmo Le\u00e3o baixou medidas para tentar conter o avan\u00e7o da doen\u00e7a. Proibiu a venda de bebidas alco\u00f3licas das 18h \u00e0s 5h, fechou shoppings, bares, restaurantes e clubes sociais aos finais de semana \u2013 mas os manteve em funcionamento de segunda a sexta. Ap\u00f3s quinze dias, precisou ser mais duro e fechou o com\u00e9rcio. Numa entrevista para detalhar as medidas, exclamou mais de uma vez: \u201cLockdown n\u00e3o!\u201d<\/p>\n\n\n\n<p>No \u00faltimo dia 12, comerciantes voltaram \u00e0s ruas para protestar, como t\u00eam feito desde o in\u00edcio da pandemia. O objetivo \u00e9 voltar a flexibilizar as atividades.&nbsp;<\/p>\n\n\n\n<p>Desde o agravamento da pandemia em 2021, o prefeito n\u00e3o falou mais em hidroxicloroquina ou \u201ctratamento precoce\u201d. Sua aposta agora \u00e9 na imuniza\u00e7\u00e3o. Publica fotos de idosos sendo vacinados e faz an\u00fancios de inten\u00e7\u00e3o de compra de mais doses. A cidade diz ter aplicado at\u00e9 agora quase 45 mil doses de vacina.&nbsp;<\/p>\n\n\n\n<p>O governador de Minas Gerais, Romeu Zema (Novo), que tamb\u00e9m minimizou a necessidade de isolamento inicialmente, foi mais en\u00e9rgico ao reagir \u00e0s evid\u00eancias que um ano de pandemia trouxe. Em abril passado, ele criticou prefeitos que impuseram medidas restritivas de circula\u00e7\u00e3o. \u201cNessa crise n\u00f3s precisamos que o v\u00edrus viaje um pouco\u201d, justificou. Em mar\u00e7o de 2021, contudo, decretou lockdown no noroeste do estado e no Tri\u00e2ngulo Norte, onde fica Uberl\u00e2ndia.<\/p>\n\n\n\n<p>&nbsp;Onda Roxa, como o governador batizou a a\u00e7\u00e3o, determina toque de recolher das 20h \u00e0s 5h, libera somente quem trabalha em servi\u00e7o essencial para transitar e obriga o uso de m\u00e1scaras em qualquer espa\u00e7o p\u00fablico ou privado. O problema \u00e9 que a Onda Roxa faz parte do plano Minas Consciente, do qual Uberl\u00e2ndia se retirou com a\u00e7\u00e3o judicial.&nbsp; Reservadamente, auxiliares de Zema dizem que a cidade adotou medidas t\u00e3o restritivas quanto as impostas pelo governo estadual, portanto n\u00e3o h\u00e1 preju\u00edzo no combate ao v\u00edrus.<\/p>\n\n\n\n<p>\u201cO prefeito est\u00e1 perdido\u201d, resumiu o m\u00e9dico Alair Benedito, professor aposentado da Universidade Federal de Uberl\u00e2ndia. \u201cN\u00e3o toma as medidas adequadas, porque sofre muita press\u00e3o da iniciativa privada e, como recebeu financiamento eleitoral do empresariado local, mant\u00e9m seus compromissos pol\u00edticos com esses grupos e as medidas de distanciamento social foram negadas.\u201d Ex-diretor do Hospital de Cl\u00ednicas da Universidade Federal de Uberl\u00e2ndia, que \u00e9 refer\u00eancia para Covid na regi\u00e3o, Benedito aponta insufici\u00eancia da rede de atendimento desde antes da pandemia. \u201cO prefeito tenta achar culpados. Transfere a responsabilidade para o hospital, mas n\u00e3o h\u00e1 n\u00famero de leitos suficiente, falta estrutura, pessoal e espa\u00e7o.\u201d<\/p>\n\n\n\n<p>Agora j\u00e1 s\u00e3o 1.371 vidas perdidas na cidade em um ano de pandemia, segundo a Fiocruz, o que confere a Uberl\u00e2ndia uma taxa de 198 mortes por cem mil habitantes. A capital mineira, que adotou medidas mais restritivas, tem m\u00e9dia de 115 \u00f3bitos por cem mil habitantes. Porto Alegre, que enfrenta o colapso de seu sistema de sa\u00fade, registra 185 mortes por cem mil habitantes. No Brasil, a taxa \u00e9 de 132 \u00f3bitos por cem mil habitantes. Todos os leitos de UTI de Uberl\u00e2ndia est\u00e3o ocupados, demais leitos de emerg\u00eancia idem. N\u00e3o h\u00e1 m\u00e9dicos, fisioterapeutas, enfermeiros e profissionais da sa\u00fade suficientes para a demanda.<\/p>\n\n\n\n<p>\u201cHouve um n\u00e3o reconhecimento da gravidade da pandemia\u201d, diz Juliana Markus, m\u00e9dica do Hospital de Cl\u00ednicas de Uberl\u00e2ndia, que atua na linha de frente desde o in\u00edcio da pandemia. Al\u00e9m das flexibiliza\u00e7\u00f5es do isolamento e do surgimento de novas cepas, a m\u00e9dica critica a insist\u00eancia no tratamento \u00e0 base de hidroxicloroquina e ivermectina, que n\u00e3o apenas n\u00e3o t\u00eam efic\u00e1cia comprovada para Covid como ainda oferecem risco de efeitos colaterais graves. \u201cAs autoridades p\u00fablicas defenderam o kit profil\u00e1tico, que geram ilus\u00e3o de que a pessoa que contrair o v\u00edrus vai ficar com caso menos grave e por isso pode se expor, uma falsa sensa\u00e7\u00e3o de seguran\u00e7a\u201d, afirmou. \u201cN\u00e3o tem embasamento na realidade e contribui para o momento cr\u00edtico que vivemos.\u201d<\/p>\n\n\n\n<p>No \u00faltimo final de semana, apesar dos alertas de autoridades de sa\u00fade p\u00fablica do mundo todo, uberlandenses foram protestar nas ruas pedindo tratamento precoce e reabertura do com\u00e9rcio, em pleno pico da pandemia.<\/p>\n\n\n\n<p>Em fevereiro deste ano, o prefeito reclamou que a popula\u00e7\u00e3o n\u00e3o colaborava. \u201cH\u00e1 onze meses n\u00f3s estamos pedindo apoio, e parece que n\u00e3o h\u00e1 entendimento. Na minha avalia\u00e7\u00e3o h\u00e1 falta de consci\u00eancia coletiva, uma coisa muito grave na nossa sociedade\u201d, criticou.<\/p>\n\n\n\n<p>Mas em julho do ano passado ele cantava vit\u00f3ria. \u201cSe Uberl\u00e2ndia tem os resultados que tem \u00e9 porque tivemos a responsabilidade de testar a popula\u00e7\u00e3o, adquirimos os rem\u00e9dios necess\u00e1rios, a hidroxicloroquina, que tem a discuss\u00e3o, mas eu j\u00e1 disse que o professor [secret\u00e1rio de sa\u00fade municipal] liberou, est\u00e1 em todas as farm\u00e1cias da nossa rede. \u00c9 o m\u00e9dico receitar, se n\u00e3o achar no mercado, pode ir \u00e0 farm\u00e1cia da prefeitura, que n\u00f3s vamos fornecer o produto\u201d, comemorou.<\/p>\n\n\n\n<p>Procurada pela&nbsp;<strong>piau\u00ed<\/strong>, a prefeitura n\u00e3o esclareceu os crit\u00e9rios que a levaram a flexibilizar o isolamento em diversas ocasi\u00f5es, nem se ainda recomenda o \u201ctratamento precoce\u201d ou como avalia o comportamento do presidente Bolsonaro diante da gravidade da Covid no pa\u00eds e na cidade.<\/p>\n","protected":false},"excerpt":{"rendered":"<p>Como uma cidade distribuiu hidroxicloroquina de gra\u00e7a, flexibilizou isolamento e viu mortes se multiplicarem&nbsp;<\/p>\n","protected":false},"author":1,"featured_media":0,"comment_status":"closed","ping_status":"open","sticky":false,"template":"","format":"standard","meta":{"_exactmetrics_skip_tracking":false,"_exactmetrics_sitenote_active":false,"_exactmetrics_sitenote_note":"","_exactmetrics_sitenote_category":0,"jetpack_post_was_ever_published":false,"_jetpack_newsletter_access":"","_jetpack_dont_email_post_to_subs":false,"_jetpack_newsletter_tier_id":0,"_jetpack_memberships_contains_paywalled_content":false,"_jetpack_memberships_contains_paid_content":false,"footnotes":"","jetpack_publicize_message":"","jetpack_publicize_feature_enabled":true,"jetpack_social_post_already_shared":true,"jetpack_social_options":{"image_generator_settings":{"template":"highway","enabled":false},"version":2}},"categories":[1],"tags":[363,416,417],"class_list":["post-31201","post","type-post","status-publish","format-standard","hentry","category-notas","tag-covid","tag-kit-covid","tag-tratamento-precoce"],"jetpack_publicize_connections":[],"jetpack_sharing_enabled":true,"jetpack_featured_media_url":"","jetpack_shortlink":"https:\/\/wp.me\/p7wKYW-87f","jetpack-related-posts":[],"_links":{"self":[{"href":"http:\/\/blogdalucianaoliveira.com.br\/blog\/wp-json\/wp\/v2\/posts\/31201","targetHints":{"allow":["GET"]}}],"collection":[{"href":"http:\/\/blogdalucianaoliveira.com.br\/blog\/wp-json\/wp\/v2\/posts"}],"about":[{"href":"http:\/\/blogdalucianaoliveira.com.br\/blog\/wp-json\/wp\/v2\/types\/post"}],"author":[{"embeddable":true,"href":"http:\/\/blogdalucianaoliveira.com.br\/blog\/wp-json\/wp\/v2\/users\/1"}],"replies":[{"embeddable":true,"href":"http:\/\/blogdalucianaoliveira.com.br\/blog\/wp-json\/wp\/v2\/comments?post=31201"}],"version-history":[{"count":1,"href":"http:\/\/blogdalucianaoliveira.com.br\/blog\/wp-json\/wp\/v2\/posts\/31201\/revisions"}],"predecessor-version":[{"id":31203,"href":"http:\/\/blogdalucianaoliveira.com.br\/blog\/wp-json\/wp\/v2\/posts\/31201\/revisions\/31203"}],"wp:attachment":[{"href":"http:\/\/blogdalucianaoliveira.com.br\/blog\/wp-json\/wp\/v2\/media?parent=31201"}],"wp:term":[{"taxonomy":"category","embeddable":true,"href":"http:\/\/blogdalucianaoliveira.com.br\/blog\/wp-json\/wp\/v2\/categories?post=31201"},{"taxonomy":"post_tag","embeddable":true,"href":"http:\/\/blogdalucianaoliveira.com.br\/blog\/wp-json\/wp\/v2\/tags?post=31201"}],"curies":[{"name":"wp","href":"https:\/\/api.w.org\/{rel}","templated":true}]}}