{"id":31204,"date":"2021-03-17T17:45:29","date_gmt":"2021-03-17T21:45:29","guid":{"rendered":"http:\/\/blogdalucianaoliveira.com.br\/blog\/?p=31204"},"modified":"2021-03-17T17:45:34","modified_gmt":"2021-03-17T21:45:34","slug":"promotores-bolsonaristas-entram-com-peticao-para-instalacao-de-estado-de-defesa-e-intervencao-federal","status":"publish","type":"post","link":"http:\/\/blogdalucianaoliveira.com.br\/blog\/2021\/03\/17\/promotores-bolsonaristas-entram-com-peticao-para-instalacao-de-estado-de-defesa-e-intervencao-federal\/","title":{"rendered":"Promotores bolsonaristas entram com peti\u00e7\u00e3o para instala\u00e7\u00e3o de Estado de Defesa e Interven\u00e7\u00e3o Federal"},"content":{"rendered":"\n<figure class=\"wp-block-image size-large\"><img loading=\"lazy\" decoding=\"async\" width=\"1200\" height=\"675\" data-attachment-id=\"31205\" data-permalink=\"http:\/\/blogdalucianaoliveira.com.br\/blog\/2021\/03\/17\/promotores-bolsonaristas-entram-com-peticao-para-instalacao-de-estado-de-defesa-e-intervencao-federal\/132d747b-2746-4272-b9af-eb26274d595f\/\" data-orig-file=\"https:\/\/i0.wp.com\/blogdalucianaoliveira.com.br\/blog\/wp-content\/uploads\/2021\/03\/132D747B-2746-4272-B9AF-EB26274D595F.jpeg?fit=1200%2C675\" data-orig-size=\"1200,675\" data-comments-opened=\"0\" data-image-meta=\"{&quot;aperture&quot;:&quot;0&quot;,&quot;credit&quot;:&quot;&quot;,&quot;camera&quot;:&quot;&quot;,&quot;caption&quot;:&quot;&quot;,&quot;created_timestamp&quot;:&quot;0&quot;,&quot;copyright&quot;:&quot;&quot;,&quot;focal_length&quot;:&quot;0&quot;,&quot;iso&quot;:&quot;0&quot;,&quot;shutter_speed&quot;:&quot;0&quot;,&quot;title&quot;:&quot;&quot;,&quot;orientation&quot;:&quot;0&quot;}\" data-image-title=\"132D747B-2746-4272-B9AF-EB26274D595F\" data-image-description=\"\" data-image-caption=\"\" data-medium-file=\"https:\/\/i0.wp.com\/blogdalucianaoliveira.com.br\/blog\/wp-content\/uploads\/2021\/03\/132D747B-2746-4272-B9AF-EB26274D595F.jpeg?fit=300%2C169\" data-large-file=\"https:\/\/i0.wp.com\/blogdalucianaoliveira.com.br\/blog\/wp-content\/uploads\/2021\/03\/132D747B-2746-4272-B9AF-EB26274D595F.jpeg?fit=600%2C338\" src=\"https:\/\/i0.wp.com\/blogdalucianaoliveira.com.br\/blog\/wp-content\/uploads\/2021\/03\/132D747B-2746-4272-B9AF-EB26274D595F.jpeg?fit=600%2C338\" alt=\"\" class=\"wp-image-31205\" srcset=\"https:\/\/i0.wp.com\/blogdalucianaoliveira.com.br\/blog\/wp-content\/uploads\/2021\/03\/132D747B-2746-4272-B9AF-EB26274D595F.jpeg?w=1200 1200w, https:\/\/i0.wp.com\/blogdalucianaoliveira.com.br\/blog\/wp-content\/uploads\/2021\/03\/132D747B-2746-4272-B9AF-EB26274D595F.jpeg?resize=300%2C169 300w, https:\/\/i0.wp.com\/blogdalucianaoliveira.com.br\/blog\/wp-content\/uploads\/2021\/03\/132D747B-2746-4272-B9AF-EB26274D595F.jpeg?resize=1024%2C576 1024w, https:\/\/i0.wp.com\/blogdalucianaoliveira.com.br\/blog\/wp-content\/uploads\/2021\/03\/132D747B-2746-4272-B9AF-EB26274D595F.jpeg?resize=768%2C432 768w, https:\/\/i0.wp.com\/blogdalucianaoliveira.com.br\/blog\/wp-content\/uploads\/2021\/03\/132D747B-2746-4272-B9AF-EB26274D595F.jpeg?resize=533%2C300 533w\" sizes=\"auto, (max-width: 600px) 100vw, 600px\" \/><\/figure>\n\n\n\n<p>Peti\u00e7\u00e3o em nome do &#8220;MP Pr\u00f3-Sociedade&#8221; \u00e9 assinado pelo advogado Douglas Kirchner, que trabalha para os deputados bolsonaristas Filipe Barros e Chris Tonietto e foi expulso do MPF ap\u00f3s espancar a esposa com a ajuda da pastora de sua igreja.<\/p>\n\n\n\n<!--more-->\n\n\n\n<p>Por\u00a0<a rel=\"noreferrer noopener\" href=\"https:\/\/revistaforum.com.br\/author\/plinioteodoro\/\" target=\"_blank\">Plinio Teodoro<\/a>, na Revista Forum<\/p>\n\n\n\n<p>A Associa\u00e7\u00e3o Nacional MP Pr\u00f3-Sociedade, que representa um grupo de promotores e procuradores bolsonaristas, deram entrada com uma peti\u00e7\u00e3o na Presid\u00eancia da Rep\u00fablica nesta ter\u00e7a-feira (16) pedindo a instala\u00e7\u00e3o do Estado de Defesa e a \u201cpossibilidade\u201d de interven\u00e7\u00e3o federal em estados \u201cem que se constate a incorreta aplica\u00e7\u00e3o de recursos or\u00e7ament\u00e1rios\u201d que teriam sido destinados pelo governo Jair Bolsonaro.<\/p>\n\n\n\n<p>\u201cTal provid\u00eancia concentraria nas m\u00e3os da Uni\u00e3o a coordena\u00e7\u00e3o dos rumos da pandemia, evitando-se os equ\u00edvocos e desencontros de muitas das medidas adotadas pelas demais unidades da Federa\u00e7\u00e3o (as quais est\u00e3o suprimindo direitos individuais indispon\u00edveis), podendo o Governo Federal se valer at\u00e9 mesmo da ocupa\u00e7\u00e3o e do uso tempor\u00e1rio de bens e servi\u00e7os p\u00fablicos de outros entes federativos\u201d, diz a justificativa da peti\u00e7\u00e3o, que cita nominalmente o estado de S\u00e3o Paulo, governado por Jo\u00e3o Doria (PSDB).<\/p>\n\n\n\n<p>Segundo a pr\u00f3pria pe\u00e7a jur\u00eddica, o decreto de Estado de Defesa permite o Estado de Defesa teria como objetivo \u201cpreservar ou prontamente restabelecer, em locais restritos e determinados, a ordem p\u00fablica ou a paz social amea\u00e7adas por grave e iminente instabilidade institucional ou atingidas por calamidades de grandes propor\u00e7\u00f5es na natureza\u201d.<\/p>\n\n\n\n<p><strong>Bolsonarista<br><\/strong>A peti\u00e7\u00e3o \u00e9 assinada pelo advogado Douglas Ivanowski Bertelli Kirchner, que representa os deputados bolsonaristas Filipe Barros (PSL-PR) e Chris Tonietto (PSL-RJ) em pelo menos uma a\u00e7\u00e3o na Justi\u00e7a.<\/p>\n\n\n\n<p>Douglas Kirchner \u00e9 ex-procurador e foi expulso do Minist\u00e9rio P\u00fablico Federal (MPF) em 2016 ap\u00f3s manter a esposa em c\u00e1rcere privado, t\u00ea-la espancado e a agredido com golpes de cinto. Ele agiu junto com a pastora evang\u00e9lica Eunice Batista Pitaluga, da Igreja Evang\u00e9lica Hadar, em que o casal frequentava em Rond\u00f4nia.<\/p>\n\n\n\n<p>O crime teria ocorrido entre fevereiro e julho de 2014, quando a pastora, de acordo com as apura\u00e7\u00f5es, deu uma surra de cip\u00f3 na esposa de Kirchner na presen\u00e7a dele. \u00c0 \u00e9poca, Kirchner foi defendido pela ent\u00e3o advogada Jana\u00edna Paschoal, atual deputada estadual do PSL em S\u00e3o Paulo.<\/p>\n","protected":false},"excerpt":{"rendered":"<p>Peti\u00e7\u00e3o em nome do &#8220;MP Pr\u00f3-Sociedade&#8221; \u00e9 assinado pelo advogado Douglas Kirchner, que trabalha para os deputados bolsonaristas Filipe Barros e Chris Tonietto e foi expulso do MPF ap\u00f3s espancar a esposa com a ajuda da pastora de sua igreja.<\/p>\n","protected":false},"author":1,"featured_media":0,"comment_status":"closed","ping_status":"open","sticky":false,"template":"","format":"standard","meta":{"_exactmetrics_skip_tracking":false,"_exactmetrics_sitenote_active":false,"_exactmetrics_sitenote_note":"","_exactmetrics_sitenote_category":0,"jetpack_post_was_ever_published":false,"_jetpack_newsletter_access":"","_jetpack_dont_email_post_to_subs":false,"_jetpack_newsletter_tier_id":0,"_jetpack_memberships_contains_paywalled_content":false,"_jetpack_memberships_contains_paid_content":false,"footnotes":"","jetpack_publicize_message":"","jetpack_publicize_feature_enabled":true,"jetpack_social_post_already_shared":true,"jetpack_social_options":{"image_generator_settings":{"template":"highway","enabled":false},"version":2}},"categories":[1],"tags":[],"class_list":["post-31204","post","type-post","status-publish","format-standard","hentry","category-notas"],"jetpack_publicize_connections":[],"jetpack_sharing_enabled":true,"jetpack_featured_media_url":"","jetpack_shortlink":"https:\/\/wp.me\/p7wKYW-87i","jetpack-related-posts":[],"_links":{"self":[{"href":"http:\/\/blogdalucianaoliveira.com.br\/blog\/wp-json\/wp\/v2\/posts\/31204","targetHints":{"allow":["GET"]}}],"collection":[{"href":"http:\/\/blogdalucianaoliveira.com.br\/blog\/wp-json\/wp\/v2\/posts"}],"about":[{"href":"http:\/\/blogdalucianaoliveira.com.br\/blog\/wp-json\/wp\/v2\/types\/post"}],"author":[{"embeddable":true,"href":"http:\/\/blogdalucianaoliveira.com.br\/blog\/wp-json\/wp\/v2\/users\/1"}],"replies":[{"embeddable":true,"href":"http:\/\/blogdalucianaoliveira.com.br\/blog\/wp-json\/wp\/v2\/comments?post=31204"}],"version-history":[{"count":1,"href":"http:\/\/blogdalucianaoliveira.com.br\/blog\/wp-json\/wp\/v2\/posts\/31204\/revisions"}],"predecessor-version":[{"id":31206,"href":"http:\/\/blogdalucianaoliveira.com.br\/blog\/wp-json\/wp\/v2\/posts\/31204\/revisions\/31206"}],"wp:attachment":[{"href":"http:\/\/blogdalucianaoliveira.com.br\/blog\/wp-json\/wp\/v2\/media?parent=31204"}],"wp:term":[{"taxonomy":"category","embeddable":true,"href":"http:\/\/blogdalucianaoliveira.com.br\/blog\/wp-json\/wp\/v2\/categories?post=31204"},{"taxonomy":"post_tag","embeddable":true,"href":"http:\/\/blogdalucianaoliveira.com.br\/blog\/wp-json\/wp\/v2\/tags?post=31204"}],"curies":[{"name":"wp","href":"https:\/\/api.w.org\/{rel}","templated":true}]}}