{"id":31207,"date":"2021-03-18T10:31:20","date_gmt":"2021-03-18T14:31:20","guid":{"rendered":"http:\/\/blogdalucianaoliveira.com.br\/blog\/?p=31207"},"modified":"2021-03-18T10:31:24","modified_gmt":"2021-03-18T14:31:24","slug":"ro-vereador-satiriza-morte-em-video-contra-aglomeracoes-na-pandemia","status":"publish","type":"post","link":"http:\/\/blogdalucianaoliveira.com.br\/blog\/2021\/03\/18\/ro-vereador-satiriza-morte-em-video-contra-aglomeracoes-na-pandemia\/","title":{"rendered":"RO: Vereador satiriza morte em v\u00eddeo contra aglomera\u00e7\u00f5es na pandemia"},"content":{"rendered":"\n<figure class=\"wp-block-image size-large\"><img data-recalc-dims=\"1\" loading=\"lazy\" decoding=\"async\" width=\"600\" height=\"279\" data-attachment-id=\"31208\" data-permalink=\"http:\/\/blogdalucianaoliveira.com.br\/blog\/2021\/03\/18\/ro-vereador-satiriza-morte-em-video-contra-aglomeracoes-na-pandemia\/monte-negro\/\" data-orig-file=\"https:\/\/i0.wp.com\/blogdalucianaoliveira.com.br\/blog\/wp-content\/uploads\/2021\/03\/monte-negro.jpg?fit=828%2C385\" data-orig-size=\"828,385\" data-comments-opened=\"0\" data-image-meta=\"{&quot;aperture&quot;:&quot;0&quot;,&quot;credit&quot;:&quot;&quot;,&quot;camera&quot;:&quot;&quot;,&quot;caption&quot;:&quot;&quot;,&quot;created_timestamp&quot;:&quot;0&quot;,&quot;copyright&quot;:&quot;&quot;,&quot;focal_length&quot;:&quot;0&quot;,&quot;iso&quot;:&quot;0&quot;,&quot;shutter_speed&quot;:&quot;0&quot;,&quot;title&quot;:&quot;&quot;,&quot;orientation&quot;:&quot;0&quot;}\" data-image-title=\"monte-negro\" data-image-description=\"\" data-image-caption=\"\" data-medium-file=\"https:\/\/i0.wp.com\/blogdalucianaoliveira.com.br\/blog\/wp-content\/uploads\/2021\/03\/monte-negro.jpg?fit=300%2C139\" data-large-file=\"https:\/\/i0.wp.com\/blogdalucianaoliveira.com.br\/blog\/wp-content\/uploads\/2021\/03\/monte-negro.jpg?fit=600%2C279\" src=\"https:\/\/i0.wp.com\/blogdalucianaoliveira.com.br\/blog\/wp-content\/uploads\/2021\/03\/monte-negro.jpg?resize=600%2C279&#038;ssl=1\" alt=\"\" class=\"wp-image-31208\" srcset=\"https:\/\/i0.wp.com\/blogdalucianaoliveira.com.br\/blog\/wp-content\/uploads\/2021\/03\/monte-negro.jpg?w=828 828w, https:\/\/i0.wp.com\/blogdalucianaoliveira.com.br\/blog\/wp-content\/uploads\/2021\/03\/monte-negro.jpg?resize=300%2C139 300w, https:\/\/i0.wp.com\/blogdalucianaoliveira.com.br\/blog\/wp-content\/uploads\/2021\/03\/monte-negro.jpg?resize=768%2C357 768w, https:\/\/i0.wp.com\/blogdalucianaoliveira.com.br\/blog\/wp-content\/uploads\/2021\/03\/monte-negro.jpg?resize=645%2C300 645w\" sizes=\"auto, (max-width: 600px) 100vw, 600px\" \/><\/figure>\n\n\n\n<p><\/p>\n\n\n\n<p>O vereador Thonatan Libarde (PSDB- RO) foi eleito no munic\u00edpio\nde Monte Negro com 178 votos, mas o v\u00eddeo que divulgou contra aglomera\u00e7\u00f5es na pandemia\nj\u00e1 tem milhares de visualiza\u00e7\u00f5es.<\/p>\n\n\n\n<p>Ele, a dona de uma funer\u00e1ria e um coveiro, gravaram juntos um\nalerta bizarro para criticar quem est\u00e1 participando de festas no per\u00edodo de\nmaior alta de casos de Covid-19 no estado.<\/p>\n\n\n\n<!--more-->\n\n\n\n<p>O vereador faz propaganda de caix\u00f5es e do servi\u00e7o de\nqualidade do coveiro.<\/p>\n\n\n\n<p>\u201c\u00c9 para aquelas pessoas que est\u00e3o em festa aglomerando, pegando Covid e passando para aquelas que ficam em casa\u201d, diz a dona da funer\u00e1ria.<\/p>\n\n\n\n<p>O coveiro diz que est\u00e1 esperando quem fura a regra do isolamento\nsocial para \u201cjogar terra e fazer o servi\u00e7o que tem ser feito\u201d.<\/p>\n\n\n\n<p>O vereador manda o coveiro convidar quem aglomera a\nexperimentar os seus servi\u00e7os.<\/p>\n\n\n\n<p>\u00a0\u201cEle enterra bem fundo e faz um servi\u00e7o bom\u201d, diz Thonatan.<\/p>\n\n\n\n<figure class=\"wp-block-embed-youtube wp-block-embed is-type-video is-provider-youtube wp-embed-aspect-16-9 wp-has-aspect-ratio\"><div class=\"wp-block-embed__wrapper\">\n<div class=\"jetpack-video-wrapper\"><iframe loading=\"lazy\" title=\"Vereador,  dona de funer\u00e1ria e coveiro gravam v\u00eddeo bizarro contra aglomera\u00e7\u00f5es\" width=\"600\" height=\"338\" src=\"https:\/\/www.youtube.com\/embed\/AOeYAfCECEk?feature=oembed\" frameborder=\"0\" allow=\"accelerometer; autoplay; clipboard-write; encrypted-media; gyroscope; picture-in-picture; web-share\" referrerpolicy=\"strict-origin-when-cross-origin\" allowfullscreen><\/iframe><\/div>\n<\/div><\/figure>\n\n\n\n<p>Com a repercuss\u00e3o negativa para o trio que gravou o v\u00eddeo com teor aned\u00f3tico, o vereador divulgou outro v\u00eddeo pedindo desculpas.<\/p>\n\n\n\n<p>\u201cN\u00e3o foi minha inten\u00e7\u00e3o de maneira alguma. Hoje nosso estado est\u00e1 congestionado, a sa\u00fade est\u00e1 congestionada. O secret\u00e1rio de sa\u00fade j\u00e1 fez v\u00e1rios v\u00eddeos falando para n\u00e3o aglomerar. Aqui em Monte Negro a nossa fiscaliza\u00e7\u00e3o j\u00e1 est\u00e1 exausta\u201d, disse o vereador.<\/p>\n\n\n\n<iframe loading=\"lazy\" src=\"https:\/\/www.facebook.com\/plugins\/video.php?height=314&#038;href=https%3A%2F%2Fwww.facebook.com%2F100009810496502%2Fvideos%2F1403087220028281%2F&#038;show_text=false&#038;width=560\" width=\"560\" height=\"314\" style=\"border:none;overflow:hidden\" scrolling=\"no\" frameborder=\"0\" allowfullscreen=\"true\" allow=\"autoplay; clipboard-write; encrypted-media; picture-in-picture; web-share\" allowFullScreen=\"true\"><\/iframe>\n\n\n\n<p>Segundo \u00faltimo boletim da Secretaria Estadual de Sa\u00fade, mais de 170.515 pessoas foram infectadas e 3519 morreram com a Covid. <\/p>\n\n\n\n<p>Monte Negro tem 1022 casos e 18 \u00f3bitos.<\/p>\n\n\n\n<p>O secret\u00e1rio de sa\u00fade Fernando M\u00e1ximo disse que h\u00e1 54 dias n\u00e3o falta disponibilidade de leitos de UTI em Rond\u00f4nia. V\u00e1rios hospitais particulares soltaram notas alertando tamb\u00e9m para falta de vagas.  <br> <\/p>\n\n\n\n<p><\/p>\n","protected":false},"excerpt":{"rendered":"<p>O vereador Thonatan Libarde (PSDB- RO) foi eleito no munic\u00edpio de Monte Negro com 178 votos, mas o v\u00eddeo que divulgou contra aglomera\u00e7\u00f5es na pandemia j\u00e1 tem milhares de visualiza\u00e7\u00f5es. Ele, a dona de uma funer\u00e1ria e um coveiro, gravaram juntos um alerta bizarro para criticar quem est\u00e1 participando de festas no per\u00edodo de maior&#8230;<a class=\"more-link\" href=\"http:\/\/blogdalucianaoliveira.com.br\/blog\/2021\/03\/18\/ro-vereador-satiriza-morte-em-video-contra-aglomeracoes-na-pandemia\/\">Continue a leitura <span class=\"meta-nav\">&raquo;<\/span><\/a><\/p>\n","protected":false},"author":1,"featured_media":0,"comment_status":"closed","ping_status":"open","sticky":false,"template":"","format":"standard","meta":{"_exactmetrics_skip_tracking":false,"_exactmetrics_sitenote_active":false,"_exactmetrics_sitenote_note":"","_exactmetrics_sitenote_category":0,"jetpack_post_was_ever_published":false,"_jetpack_newsletter_access":"","_jetpack_dont_email_post_to_subs":false,"_jetpack_newsletter_tier_id":0,"_jetpack_memberships_contains_paywalled_content":false,"_jetpack_memberships_contains_paid_content":false,"footnotes":"","jetpack_publicize_message":"","jetpack_publicize_feature_enabled":true,"jetpack_social_post_already_shared":true,"jetpack_social_options":{"image_generator_settings":{"template":"highway","enabled":false},"version":2}},"categories":[1],"tags":[363,22,419,418,420],"class_list":["post-31207","post","type-post","status-publish","format-standard","hentry","category-notas","tag-covid","tag-psdb","tag-thoantan-libarde","tag-vereador","tag-video"],"jetpack_publicize_connections":[],"jetpack_sharing_enabled":true,"jetpack_featured_media_url":"","jetpack_shortlink":"https:\/\/wp.me\/p7wKYW-87l","jetpack-related-posts":[],"_links":{"self":[{"href":"http:\/\/blogdalucianaoliveira.com.br\/blog\/wp-json\/wp\/v2\/posts\/31207","targetHints":{"allow":["GET"]}}],"collection":[{"href":"http:\/\/blogdalucianaoliveira.com.br\/blog\/wp-json\/wp\/v2\/posts"}],"about":[{"href":"http:\/\/blogdalucianaoliveira.com.br\/blog\/wp-json\/wp\/v2\/types\/post"}],"author":[{"embeddable":true,"href":"http:\/\/blogdalucianaoliveira.com.br\/blog\/wp-json\/wp\/v2\/users\/1"}],"replies":[{"embeddable":true,"href":"http:\/\/blogdalucianaoliveira.com.br\/blog\/wp-json\/wp\/v2\/comments?post=31207"}],"version-history":[{"count":1,"href":"http:\/\/blogdalucianaoliveira.com.br\/blog\/wp-json\/wp\/v2\/posts\/31207\/revisions"}],"predecessor-version":[{"id":31209,"href":"http:\/\/blogdalucianaoliveira.com.br\/blog\/wp-json\/wp\/v2\/posts\/31207\/revisions\/31209"}],"wp:attachment":[{"href":"http:\/\/blogdalucianaoliveira.com.br\/blog\/wp-json\/wp\/v2\/media?parent=31207"}],"wp:term":[{"taxonomy":"category","embeddable":true,"href":"http:\/\/blogdalucianaoliveira.com.br\/blog\/wp-json\/wp\/v2\/categories?post=31207"},{"taxonomy":"post_tag","embeddable":true,"href":"http:\/\/blogdalucianaoliveira.com.br\/blog\/wp-json\/wp\/v2\/tags?post=31207"}],"curies":[{"name":"wp","href":"https:\/\/api.w.org\/{rel}","templated":true}]}}