{"id":31210,"date":"2021-03-18T10:48:17","date_gmt":"2021-03-18T14:48:17","guid":{"rendered":"http:\/\/blogdalucianaoliveira.com.br\/blog\/?p=31210"},"modified":"2021-03-18T10:48:23","modified_gmt":"2021-03-18T14:48:23","slug":"alvo-de-perseguicao-felipe-neto-cria-projeto-para-defender-processados-pelo-governo-bolsonaro","status":"publish","type":"post","link":"http:\/\/blogdalucianaoliveira.com.br\/blog\/2021\/03\/18\/alvo-de-perseguicao-felipe-neto-cria-projeto-para-defender-processados-pelo-governo-bolsonaro\/","title":{"rendered":"Alvo de persegui\u00e7\u00e3o, Felipe Neto cria projeto para defender processados pelo governo Bolsonaro"},"content":{"rendered":"\n<figure class=\"wp-block-image\"><img data-recalc-dims=\"1\" decoding=\"async\" src=\"https:\/\/i0.wp.com\/publisher-publish.s3.eu-central-1.amazonaws.com\/pb-brasil247\/swp\/jtjeq9\/media\/20210318100356_930cda24b5d5d96c93d703524553f0f603fae70da400ff2a23579a04b05261e7.jpg?w=600&#038;ssl=1\" alt=\"Felipe Neto e Jair Bolsonaro\"\/><\/figure>\n\n\n\n<p><\/p>\n\n\n\n<p><strong>247 &#8211;\u00a0<\/strong>Intimado pelo suposto crime cometido contra o presidente Jair Bolsonaro, ao cham\u00e1-lo de genocida diante das ascendentes mortes que assolam o pa\u00eds, o comunicador digital responder\u00e1 do seu jeito. Neto reuniu nomes de peso e amplamente renomados no \u00e2mbito do Direito brasileiro em prol de todos que se manifestarem contrariamente ao governo Bolsonaro. A frente \u201cCala-Boca J\u00e1 Morreu\u201d ser\u00e1 formada pelos escrit\u00f3rios de Andr\u00e9 Perecmanis, Augusto de Arruda Botelho e Davi Tangerino, que, juntos, ir\u00e3o defender gratuitamente as pessoas que expressarem uma ideia ou criticarem uma autoridade p\u00fablica. <\/p>\n\n\n\n<!--more-->\n\n\n\n<p>O servi\u00e7o poder\u00e1 ser usufru\u00eddo por qualquer indiv\u00edduo que n\u00e3o possua advogado constitu\u00eddo, e que por meio de uma landing page, poder\u00e1 acionar a equipe respons\u00e1vel pelos encaminhamentos jur\u00eddicos. \u00a0<br><\/p>\n\n\n\n<p>\u201cA liberdade de express\u00e3o no Brasil est\u00e1 sob ataque de violentos inimigos da democracia. Querem intimidar e silenciar a todos aqueles que criticam autoridades p\u00fablicas, eleitas pelo povo, e que exercem o poder que t\u00eam em nome desse mesmo povo. E para isso, se armam da Lei de Seguran\u00e7a Nacional, heran\u00e7a do passado mais terr\u00edvel e assombroso do pa\u00eds: a ditadura militar\u201d, destaca Augusto de Arruda Botelho. &nbsp;<\/p>\n\n\n\n<p>\u201cO Cala-Boca J\u00e1 Morreu ser\u00e1 um grupo da sociedade civil que vai lutar contra o autoritarismo e que ser\u00e1 movido pelo princ\u00edpio de que quando um cidad\u00e3o \u00e9 calado no exerc\u00edcio do seu leg\u00edtimo direito de express\u00e3o, a voz da democracia se enfraquece. N\u00e3o podemos nos calar. N\u00e3o podemos deixar que nos calem e n\u00e3o vamos\u201d, finaliza Felipe Neto, idealizador do projeto.<\/p>\n\n\n\n<p><\/p>\n","protected":false},"excerpt":{"rendered":"<p>247 &#8211;\u00a0Intimado pelo suposto crime cometido contra o presidente Jair Bolsonaro, ao cham\u00e1-lo de genocida diante das ascendentes mortes que assolam o pa\u00eds, o comunicador digital responder\u00e1 do seu jeito. Neto reuniu nomes de peso e amplamente renomados no \u00e2mbito do Direito brasileiro em prol de todos que se manifestarem contrariamente ao governo Bolsonaro. A&#8230;<a class=\"more-link\" href=\"http:\/\/blogdalucianaoliveira.com.br\/blog\/2021\/03\/18\/alvo-de-perseguicao-felipe-neto-cria-projeto-para-defender-processados-pelo-governo-bolsonaro\/\">Continue a leitura <span class=\"meta-nav\">&raquo;<\/span><\/a><\/p>\n","protected":false},"author":1,"featured_media":0,"comment_status":"closed","ping_status":"open","sticky":false,"template":"","format":"standard","meta":{"_exactmetrics_skip_tracking":false,"_exactmetrics_sitenote_active":false,"_exactmetrics_sitenote_note":"","_exactmetrics_sitenote_category":0,"jetpack_post_was_ever_published":false,"_jetpack_newsletter_access":"","_jetpack_dont_email_post_to_subs":false,"_jetpack_newsletter_tier_id":0,"_jetpack_memberships_contains_paywalled_content":false,"_jetpack_memberships_contains_paid_content":false,"footnotes":"","jetpack_publicize_message":"","jetpack_publicize_feature_enabled":true,"jetpack_social_post_already_shared":true,"jetpack_social_options":{"image_generator_settings":{"template":"highway","enabled":false},"version":2}},"categories":[1],"tags":[53,421,422,423],"class_list":["post-31210","post","type-post","status-publish","format-standard","hentry","category-notas","tag-bolsonaro","tag-felipe-neto","tag-genocida","tag-intimado"],"jetpack_publicize_connections":[],"jetpack_sharing_enabled":true,"jetpack_featured_media_url":"","jetpack_shortlink":"https:\/\/wp.me\/p7wKYW-87o","jetpack-related-posts":[],"_links":{"self":[{"href":"http:\/\/blogdalucianaoliveira.com.br\/blog\/wp-json\/wp\/v2\/posts\/31210","targetHints":{"allow":["GET"]}}],"collection":[{"href":"http:\/\/blogdalucianaoliveira.com.br\/blog\/wp-json\/wp\/v2\/posts"}],"about":[{"href":"http:\/\/blogdalucianaoliveira.com.br\/blog\/wp-json\/wp\/v2\/types\/post"}],"author":[{"embeddable":true,"href":"http:\/\/blogdalucianaoliveira.com.br\/blog\/wp-json\/wp\/v2\/users\/1"}],"replies":[{"embeddable":true,"href":"http:\/\/blogdalucianaoliveira.com.br\/blog\/wp-json\/wp\/v2\/comments?post=31210"}],"version-history":[{"count":1,"href":"http:\/\/blogdalucianaoliveira.com.br\/blog\/wp-json\/wp\/v2\/posts\/31210\/revisions"}],"predecessor-version":[{"id":31211,"href":"http:\/\/blogdalucianaoliveira.com.br\/blog\/wp-json\/wp\/v2\/posts\/31210\/revisions\/31211"}],"wp:attachment":[{"href":"http:\/\/blogdalucianaoliveira.com.br\/blog\/wp-json\/wp\/v2\/media?parent=31210"}],"wp:term":[{"taxonomy":"category","embeddable":true,"href":"http:\/\/blogdalucianaoliveira.com.br\/blog\/wp-json\/wp\/v2\/categories?post=31210"},{"taxonomy":"post_tag","embeddable":true,"href":"http:\/\/blogdalucianaoliveira.com.br\/blog\/wp-json\/wp\/v2\/tags?post=31210"}],"curies":[{"name":"wp","href":"https:\/\/api.w.org\/{rel}","templated":true}]}}