{"id":31212,"date":"2021-03-18T10:52:22","date_gmt":"2021-03-18T14:52:22","guid":{"rendered":"http:\/\/blogdalucianaoliveira.com.br\/blog\/?p=31212"},"modified":"2021-03-18T10:52:25","modified_gmt":"2021-03-18T14:52:25","slug":"brasil-esta-sofrendo-genocidio-diz-um-dos-maiores-epidemiologistas-do-mundo-direto-dos-eua","status":"publish","type":"post","link":"http:\/\/blogdalucianaoliveira.com.br\/blog\/2021\/03\/18\/brasil-esta-sofrendo-genocidio-diz-um-dos-maiores-epidemiologistas-do-mundo-direto-dos-eua\/","title":{"rendered":"\u201cBrasil est\u00e1 sofrendo genoc\u00eddio\u201d, diz um dos maiores epidemiologistas do mundo direto dos EUA"},"content":{"rendered":"\n<figure class=\"wp-block-image\"><img data-recalc-dims=\"1\" height=\"338\" width=\"600\" decoding=\"async\" src=\"https:\/\/i0.wp.com\/www.diariodocentrodomundo.com.br\/wp-content\/uploads\/2021\/03\/eric-feigl-ding-600x338.jpg?resize=600%2C338&#038;ssl=1\" alt=\"\"\/><\/figure>\n\n\n\n<p>No DCM &#8211; Um dos maiores epidemiologistas do mundo, Eric Feigl-Ding, citando um advogado brasileiro que o contatou, afirmou que \u201co Brasil est\u00e1 sofrendo genoc\u00eddio\u201d.<\/p>\n\n\n\n<!--more-->\n\n\n\n<p>Pesquisador formado pela Universidade de Harvard, o m\u00e9dico acredita que o pa\u00eds passa por uma \u201ccrise humanit\u00e1ria\u201d e, citando dados da Fiocruz, diz que \u00e9 \u201co maior colapso sanit\u00e1rio e hospitalar da hist\u00f3ria do Brasil\u201d.<\/p>\n\n\n\n<p>\u201cH\u00e1 algum tempo venho tentando alertar sobre a crise emergente no Brasil. T\u00e3o triste que Bolsonaro est\u00e1 fazendo pouco ou nada enquanto seu pa\u00eds arde em chamas\u201d.<\/p>\n\n\n\n<p>Ele cita o que o presidente disse ap\u00f3s o pa\u00eds atingir 250 mil mortos e critica:<\/p>\n\n\n\n<p>\u201cAs pessoas no Brasil gritam por socorro\u2026 Mas esta \u00e9 a resposta de Bolsonaro \u00e0 crise de sa\u00fade: \u2018chega de frescura e mimimi&#8217;\u201d.<\/p>\n\n\n\n<p>\u201cSe voc\u00ea tiver que substituir o seu ministro da Sa\u00fade mais uma vez \u2013 e conseguir um quarto ministro em um ano, talvez o problema n\u00e3o sejam os ministros, talvez seja voc\u00ea\u201d, prossegue.<\/p>\n\n\n\n<p>O epidemiologista ainda fez um \u00faltimo apelo ao mundo ao narrar a trag\u00e9dia brasileira:<\/p>\n\n\n\n<p>\u201cEsta \u00e9 a maior emerg\u00eancia de sa\u00fade que o Brasil j\u00e1 enfrentou. O mundo precisa ACORDAR e ENVIAR AJUDA AGORA\u201d, afirmou.<\/p>\n\n\n\n<figure class=\"wp-block-embed-twitter wp-block-embed is-type-rich is-provider-twitter\"><div class=\"wp-block-embed__wrapper\">\n<blockquote class=\"twitter-tweet\" data-width=\"550\" data-dnt=\"true\"><p lang=\"en\" dir=\"ltr\">DEAR GOD\u2014\u201cThe largest public health &amp; hospital collapse in the history of Brazil \ud83c\udde7\ud83c\uddf7\u201d\u2014wow.<br><br>\u27a1\ufe0f 25 of 27 Brazilian state capitals have ICUs capacities between or above 80%, 19 are higher than 90% capacity. <a href=\"https:\/\/twitter.com\/hashtag\/P1?src=hash&amp;ref_src=twsrc%5Etfw\">#P1<\/a> variant is 2-2.5x more contagious. \ud83e\uddf5<a href=\"https:\/\/twitter.com\/hashtag\/COVID19?src=hash&amp;ref_src=twsrc%5Etfw\">#COVID19<\/a> <a href=\"https:\/\/t.co\/4kxAHrRlux\">https:\/\/t.co\/4kxAHrRlux<\/a> <a href=\"https:\/\/t.co\/AGxH6jKPNS\">pic.twitter.com\/AGxH6jKPNS<\/a><\/p>&mdash; Eric Feigl-Ding (@DrEricDing) <a href=\"https:\/\/twitter.com\/DrEricDing\/status\/1372005826383204353?ref_src=twsrc%5Etfw\">March 17, 2021<\/a><\/blockquote><script async src=\"https:\/\/platform.twitter.com\/widgets.js\" charset=\"utf-8\"><\/script>\n<\/div><\/figure>\n","protected":false},"excerpt":{"rendered":"<p>No DCM &#8211; Um dos maiores epidemiologistas do mundo, Eric Feigl-Ding, citando um advogado brasileiro que o contatou, afirmou que \u201co Brasil est\u00e1 sofrendo genoc\u00eddio\u201d.<\/p>\n","protected":false},"author":1,"featured_media":0,"comment_status":"closed","ping_status":"open","sticky":false,"template":"","format":"standard","meta":{"_exactmetrics_skip_tracking":false,"_exactmetrics_sitenote_active":false,"_exactmetrics_sitenote_note":"","_exactmetrics_sitenote_category":0,"jetpack_post_was_ever_published":false,"_jetpack_newsletter_access":"","_jetpack_dont_email_post_to_subs":false,"_jetpack_newsletter_tier_id":0,"_jetpack_memberships_contains_paywalled_content":false,"_jetpack_memberships_contains_paid_content":false,"footnotes":"","jetpack_publicize_message":"","jetpack_publicize_feature_enabled":true,"jetpack_social_post_already_shared":true,"jetpack_social_options":{"image_generator_settings":{"template":"highway","enabled":false},"version":2}},"categories":[1],"tags":[53,425,424,366],"class_list":["post-31212","post","type-post","status-publish","format-standard","hentry","category-notas","tag-bolsonaro","tag-eric-feigl-ding","tag-genocidio","tag-pandemia"],"jetpack_publicize_connections":[],"jetpack_sharing_enabled":true,"jetpack_featured_media_url":"","jetpack_shortlink":"https:\/\/wp.me\/p7wKYW-87q","jetpack-related-posts":[],"_links":{"self":[{"href":"http:\/\/blogdalucianaoliveira.com.br\/blog\/wp-json\/wp\/v2\/posts\/31212","targetHints":{"allow":["GET"]}}],"collection":[{"href":"http:\/\/blogdalucianaoliveira.com.br\/blog\/wp-json\/wp\/v2\/posts"}],"about":[{"href":"http:\/\/blogdalucianaoliveira.com.br\/blog\/wp-json\/wp\/v2\/types\/post"}],"author":[{"embeddable":true,"href":"http:\/\/blogdalucianaoliveira.com.br\/blog\/wp-json\/wp\/v2\/users\/1"}],"replies":[{"embeddable":true,"href":"http:\/\/blogdalucianaoliveira.com.br\/blog\/wp-json\/wp\/v2\/comments?post=31212"}],"version-history":[{"count":1,"href":"http:\/\/blogdalucianaoliveira.com.br\/blog\/wp-json\/wp\/v2\/posts\/31212\/revisions"}],"predecessor-version":[{"id":31213,"href":"http:\/\/blogdalucianaoliveira.com.br\/blog\/wp-json\/wp\/v2\/posts\/31212\/revisions\/31213"}],"wp:attachment":[{"href":"http:\/\/blogdalucianaoliveira.com.br\/blog\/wp-json\/wp\/v2\/media?parent=31212"}],"wp:term":[{"taxonomy":"category","embeddable":true,"href":"http:\/\/blogdalucianaoliveira.com.br\/blog\/wp-json\/wp\/v2\/categories?post=31212"},{"taxonomy":"post_tag","embeddable":true,"href":"http:\/\/blogdalucianaoliveira.com.br\/blog\/wp-json\/wp\/v2\/tags?post=31212"}],"curies":[{"name":"wp","href":"https:\/\/api.w.org\/{rel}","templated":true}]}}