{"id":31214,"date":"2021-03-18T11:52:43","date_gmt":"2021-03-18T15:52:43","guid":{"rendered":"http:\/\/blogdalucianaoliveira.com.br\/blog\/?p=31214"},"modified":"2021-03-18T11:53:29","modified_gmt":"2021-03-18T15:53:29","slug":"classe-artistica-pede-a-sejucel-prorrogacao-do-prazo-de-execucao-dos-projetos-da-lei-aldir-blanc","status":"publish","type":"post","link":"http:\/\/blogdalucianaoliveira.com.br\/blog\/2021\/03\/18\/classe-artistica-pede-a-sejucel-prorrogacao-do-prazo-de-execucao-dos-projetos-da-lei-aldir-blanc\/","title":{"rendered":"Classe art\u00edstica pede \u00e0 SEJUCEL prorroga\u00e7\u00e3o do prazo de execu\u00e7\u00e3o dos projetos da Lei Aldir Blanc"},"content":{"rendered":"\n<figure class=\"wp-block-image size-large\"><img data-recalc-dims=\"1\" loading=\"lazy\" decoding=\"async\" width=\"600\" height=\"457\" data-attachment-id=\"31215\" data-permalink=\"http:\/\/blogdalucianaoliveira.com.br\/blog\/2021\/03\/18\/classe-artistica-pede-a-sejucel-prorrogacao-do-prazo-de-execucao-dos-projetos-da-lei-aldir-blanc\/proto\/\" data-orig-file=\"https:\/\/i0.wp.com\/blogdalucianaoliveira.com.br\/blog\/wp-content\/uploads\/2021\/03\/proto.jpg?fit=1018%2C776\" data-orig-size=\"1018,776\" data-comments-opened=\"0\" data-image-meta=\"{&quot;aperture&quot;:&quot;0&quot;,&quot;credit&quot;:&quot;&quot;,&quot;camera&quot;:&quot;&quot;,&quot;caption&quot;:&quot;&quot;,&quot;created_timestamp&quot;:&quot;0&quot;,&quot;copyright&quot;:&quot;&quot;,&quot;focal_length&quot;:&quot;0&quot;,&quot;iso&quot;:&quot;0&quot;,&quot;shutter_speed&quot;:&quot;0&quot;,&quot;title&quot;:&quot;&quot;,&quot;orientation&quot;:&quot;0&quot;}\" data-image-title=\"proto\" data-image-description=\"\" data-image-caption=\"\" data-medium-file=\"https:\/\/i0.wp.com\/blogdalucianaoliveira.com.br\/blog\/wp-content\/uploads\/2021\/03\/proto.jpg?fit=300%2C229\" data-large-file=\"https:\/\/i0.wp.com\/blogdalucianaoliveira.com.br\/blog\/wp-content\/uploads\/2021\/03\/proto.jpg?fit=600%2C457\" src=\"https:\/\/i0.wp.com\/blogdalucianaoliveira.com.br\/blog\/wp-content\/uploads\/2021\/03\/proto.jpg?resize=600%2C457\" alt=\"\" class=\"wp-image-31215\" srcset=\"https:\/\/i0.wp.com\/blogdalucianaoliveira.com.br\/blog\/wp-content\/uploads\/2021\/03\/proto.jpg?w=1018 1018w, https:\/\/i0.wp.com\/blogdalucianaoliveira.com.br\/blog\/wp-content\/uploads\/2021\/03\/proto.jpg?resize=300%2C229 300w, https:\/\/i0.wp.com\/blogdalucianaoliveira.com.br\/blog\/wp-content\/uploads\/2021\/03\/proto.jpg?resize=768%2C585 768w, https:\/\/i0.wp.com\/blogdalucianaoliveira.com.br\/blog\/wp-content\/uploads\/2021\/03\/proto.jpg?resize=394%2C300 394w\" sizes=\"auto, (max-width: 600px) 100vw, 600px\" \/><\/figure>\n\n\n\n<p>O pedido protocolado nesta quinta-feira (18) e re\u00fane mais de 160 assinaturas. Os artistas apontam as dificuldades com o agravamento da pandemia no estado para finalizar os projetos.   <\/p>\n\n\n\n<!--more-->\n\n\n\n<p>Confira o pedido:<\/p>\n\n\n\n<p>Senhor Superintendente de Esporte, Cultura, Juventude, Esporte e Lazer do estado de Rond\u00f4nia, Este Coletivo de Cultura, que n\u00e3o obstante, foram premiados por esta Superintend\u00eancia atrav\u00e9s dos 08 (oito) editais de Premia\u00e7\u00f5es e Chamamentos P\u00fablicos que atendem a execu\u00e7\u00e3o da Lei Aldir Blanc no estado de Rond\u00f4nia, vem atrav\u00e9s desta, solicitar AUMENTO DE PRAZO DE EXECU\u00c7\u00c3O das a\u00e7\u00f5es previstas nos projetos culturais e art\u00edsticos, tendo em vista o momento de Calamidade P\u00fablica com a pandemia da COVID19 no pa\u00eds e, especificamente no estado de Rond\u00f4nia. <\/p>\n\n\n\n<p>Considerando que, entramos no terceiro m\u00eas no ano de 2021, e o pa\u00eds tem um agravamento da doen\u00e7a e, sobretudo, o estado de Rond\u00f4nia, que ainda permanece na fase 01, considerada vermelha, do enfrentamento da doen\u00e7a. Rond\u00f4nia teve nas \u00faltimas 24h mais de 46 (quarenta e seis) mortes pela COVID em mais de 1675 novos casos, e ainda permanece sem 100% dos leitos de UTIs em lota\u00e7\u00e3o em todo o territ\u00f3rio (. Ocorre, que o prazo estipulado para execu\u00e7\u00e3o das a\u00e7\u00f5es previstas, que atendem aos objetos destes editais s\u00e3o de at\u00e9 120 (cento e vinte dias), uma m\u00e9dia de a\u00e7\u00f5es art\u00edsticas e culturais nos 04 (quatro) primeiros meses do ano. <\/p>\n\n\n\n<p>Destarte, senhor superintendente, muitas a\u00e7\u00f5es culturais j\u00e1 est\u00e3o ocorrendo em meio ao caos instaurado por esta doen\u00e7a, colocando em risco, muitos artistas e produtores fazedores da cultura em nosso estado. Vale ressaltar, que para uma a\u00e7\u00e3o art\u00edstica acontecer, mesmo que considerada em pequeno porte, h\u00e1 um grupo de pessoas envolvidas nas a\u00e7\u00f5es de transmiss\u00f5es, execu\u00e7\u00e3o, grava\u00e7\u00e3o e afins. H\u00e1 de considerar, que para qualquer a\u00e7\u00e3o prevista, movimenta uma estrutura e log\u00edstica com pessoas que se organizam para realizar. Ademais, o DECRETO N\u00b0 25.853, DE 02 DE MAR\u00c7O DE 2021, que institui o Sistema de Distanciamento Social Controlado para fins de preven\u00e7\u00e3o e enfrentamento \u00e0 epidemia causada pelo novo coronav\u00edrus, no \u00e2mbito do estado de Rond\u00f4nia, reitera a declara\u00e7\u00e3o de estado de calamidade p\u00fablica em todo o territ\u00f3rio estadual e revoga o Decreto n\u00b0 25.782, de 30 de janeiro de 2021, estabelece ainda mais a limita\u00e7\u00e3o da circula\u00e7\u00e3o de indiv\u00edduos e de atividades empresariais, excepcionando a realiza\u00e7\u00e3o das necessidades imediatas de alimenta\u00e7\u00e3o, cuidados de sa\u00fade e\/ou exerc\u00edcio de atividades essenciais. Muito embora, os artistas t\u00eam sido diretamente atingidos, os primeiros a parar, e sem saber ainda quando retornaremos, a execu\u00e7\u00e3o da Lei Aldir Blanc, \u00e9 um grande alento e al\u00edvio para este momento, e deu um grande \u00e2nimo a classe art\u00edstica. <\/p>\n\n\n\n<p>No estado inteiro, est\u00e3o com grandes e importantes a\u00e7\u00f5es culturais acontecendo, das mais diversas, com transmiss\u00f5es de festivais, mostras, 1 oficinas, rodas de conversas, sabemos que estamos realizando em meio a um grande risco com aumento de casos em nosso estado. 2 Cabe considerar que o audiovisual \u00e9 uma das linguagens mais afetadas, pois precisam capturar imagens, depoimentos, a\u00e7\u00f5es muitas vezes externas. Os festivais e mostras movimentam uma equipe de pelo menos 15 (quinze) pessoas em todas log\u00edstica e estrutura para a sua realiza\u00e7\u00e3o. As grava\u00e7\u00f5es de \u00c1lbuns de M\u00fasicas, EPS, clipes musicais, da mesma forma. Como confinar uma equipe dentro de est\u00fadio de m\u00fasica, neste momento, por exemplo?? Outrossim, para qualquer transmiss\u00e3o dos projetos, \u00e9 necess\u00e1rio pelo menos 05 (cinco) pessoas envolvidas. <\/p>\n\n\n\n<p>E, considerando este novo decreto, ficamos impossibilitados mais uma vez de realizar as a\u00e7\u00f5es previstas dentro de um cronograma que atenda ao solicitado nos editais de cultura do estado. Declara\u00e7\u00f5es recentes do senhor Governador do estado Coronel Marcos Rocha e, ainda do secret\u00e1rio estadual de sa\u00fade Dr. Fernando M\u00e1ximo, foram noticiadas em rede nacional, relatando a situa\u00e7\u00e3o agravante do estado em meio ao enfrentamento da pandemia. O artigo 2\u00ba do Decreto estabelece que: \u201cIII &#8211; atividades essenciais: aquelas definidas como indispens\u00e1veis ao atendimento das necessidades inadi\u00e1veis da comunidade, assim consideradas aquelas que, se n\u00e3o atendidas, colocam em perigo a sobreviv\u00eancia, a sa\u00fade, a seguran\u00e7a ou a dignidade da pessoa humana\u201d. <\/p>\n\n\n\n<p>Neste momento, muitas das a\u00e7\u00f5es propostas, ficam expostas a circula\u00e7\u00e3o, e mesmo muitas a\u00e7\u00f5es acontecendo de forma remota, transmitida pela internet, temos que minimamente, aglomerar um grupo para a produ\u00e7\u00e3o destas a\u00e7\u00f5es. Nos colocando, muitas vezes em risco, para cumprir de maneira precisa e assertiva as a\u00e7\u00f5es previstas em nossos projetos. Diante do exposto, solicitamos de Vossa senhoria, o aumento de prazo para execu\u00e7\u00e3o das a\u00e7\u00f5es previstas nos editais de premia\u00e7\u00f5es e chamamento p\u00fablico, de mais 60 (sessenta) dias, considerando a partir do prazo j\u00e1 estabelecido, para que desta forma, possamos, n\u00e3o nos colocar em risco, ou nos afligir em realizar o cronograma. Mas, sobretudo, permanecer em aten\u00e7\u00e3o aos cuidados sanit\u00e1rios estabelecidos pelo governo do estado de Rond\u00f4nia, quanto \u00e0 quarentena, e a\u00e7\u00f5es de preven\u00e7\u00e3o do agravamento desta terr\u00edvel doen\u00e7a em todo o estado. <\/p>\n\n\n\n<p>Certos de contarmos com vossa compreens\u00e3o e deferimento, nos colocamos \u00e1 disposi\u00e7\u00e3o para qualquer d\u00favida ou esclarecimentos. Porto Velho, 04 de mar\u00e7o de 2021. <\/p>\n\n\n\n<p>Assinam esta solicita\u00e7\u00e3o grupos e artista premiados pela execu\u00e7\u00e3o da Lei Aldir Blanc no estado de Rond\u00f4nia atrav\u00e9s dos editais de premia\u00e7\u00e3o e chamamento p\u00fablico e apoiadores. <\/p>\n\n\n\n<p> 1 &#8211; Amaz\u00f4nia (UNIR) e &#8211; UNIR INCOOP UNIR &#8211; Incubadora de Cooperativas Populares da UNIR <\/p>\n\n\n\n<p>2 &#8211; Adailtom Alves &#8211; Po\u00e9ticoVisual <\/p>\n\n\n\n<p>3 &#8211; Alberto Bertagna\/ Pr\u00eamio Jair Pistolino <\/p>\n\n\n\n<p>4 &#8211; Andr\u00e9a Melo &#8211; Coletivo Gaia &#8211; Porto Velho\/RO <\/p>\n\n\n\n<p>5 &#8211; Andressa Christiny do Carmo Batista \/ Partidas e mec\u00e2nicas da cena <\/p>\n\n\n\n<p>6 &#8211; Andressa da Silva\/ Performance V\u00e1cuo <\/p>\n\n\n\n<p>7 &#8211; Akilas Corr\u00eaa Moreira- M\u00fasico\/Banda Quilomboclada <\/p>\n\n\n\n<p>8 &#8211; Berenice Perpetua Sim\u00e3o &#8211; Conselheira do Conselho Municipal de Pol. Culturais de PVh &#8211; Set. Dan\u00e7a <\/p>\n\n\n\n<p>9 &#8211; Bira Louren\u00e7o\/Projeto cria\u00e7\u00e3o de site <\/p>\n\n\n\n<p>10 &#8211; Carol Allen\/ M\u00e9dia- metragem-Vozes da Mem\u00f3ria <\/p>\n\n\n\n<p>11 &#8211; Cantad\u00f4 Produ\u00e7\u00f5es Art\u00edsticas- Canta Zezinho <\/p>\n\n\n\n<p>12 &#8211; Carolina Zemuner dos Santos &#8211; PPKast &#8211; Edital Marechal Rondon <\/p>\n\n\n\n<p>13 &#8211; Chic\u00e3o Santos \/ Ator, Palha\u00e7o, Diretor e Produtor <\/p>\n\n\n\n<p>14 &#8211; Daniele Silva dos Santos (Fada Inad Produtora Cultural) <\/p>\n\n\n\n<p>15 &#8211; Daniel Yago Gon\u00e7alves- M\u00fasico\/Banda Quilomboclada <\/p>\n\n\n\n<p>16 &#8211; Ederson Lauri Leandro &#8211; O Divino Guapor\u00e9 (Edital 78)\/ Rond\u00f4nia: Afetividade po\u00e9tica do lugar (Edital 86)<\/p>\n\n\n\n<p>17 &#8211; Eliane Borges do Nascimento &#8211; Artesanato <\/p>\n\n\n\n<p>18 &#8211; Eliane Viana Ara\u00fajo &#8211; Agenda Porto Velho <\/p>\n\n\n\n<p>19 &#8211; Elias Fernando Ribeiro. &#8211; contemplado nos editais: 77\/2020\/Maricyane. 80\/2020\/Marechal Rondon<\/p>\n\n\n\n<p>20 &#8211; Erl\u00e2ndia Ribeiro da Silva \/ Clube das Escritoras de Rond\u00f4nia <\/p>\n\n\n\n<p>21 &#8211; F\u00e1tima Sobrinho- Coletivo Casar\u00e3o do Boneco\/Coletivo Casar\u00e3o do Boneco <\/p>\n\n\n\n<p>22 &#8211; Flammareon Jackson Farias Cruz &#8211; M\u00fasico\/ Produtor Cultural e Conte\u00fado Digital\/ Educador\/Banda Quilomboclada <\/p>\n\n\n\n<p>23 &#8211; Gleyciane Prata Artes Pl\u00e1sticas <\/p>\n\n\n\n<p>24 &#8211; Izabela Lima &#8211; Festival Sonora Porto Velho <\/p>\n\n\n\n<p>25 &#8211; Jamile Soares &#8211; Festival Palha\u00e7a\u00ed <\/p>\n\n\n\n<p>26 &#8211; Josenir Lopes Dettoni &#8211; GEA &#8211; Grupo de \u00c9tica da Amaz\u00f4nia \/ UNIR <\/p>\n\n\n\n<p>27 &#8211; Juliana Rossato Santi\/ Departamento de Arqueologia\/UNIR <\/p>\n\n\n\n<p>28 &#8211; Juraci Oliveira Campos J\u00fanior \/ Pr\u00eamio Jair Pistolino <\/p>\n\n\n\n<p>29 &#8211; Justino Alves Barbosa -M\u00fasico\/produtor\/agroflorestor\/Quilomboclada e Agrotropical Amaz\u00f4nia <\/p>\n\n\n\n<p>30 &#8211; Kelven F\u00e9lix &#8211; Porto Velho\/RO 3 4 <\/p>\n\n\n\n<p>31 &#8211; Kenny Fraz\u00e3o \u2013 Atriz, Arte Educadora e Produtora Cultural\/Banda Quilomboclada <\/p>\n\n\n\n<p>32 &#8211; Lauriano cleto Gon\u00e7alves- M\u00fasico\/Produtor Cultural\/Banda Quilomboclada <\/p>\n\n\n\n<p>33 &#8211; Lilian Maria Moser \u2013 Departamento de Historia &#8211; UNIR <\/p>\n\n\n\n<p>34 &#8211; Luciano Fl\u00e1vio de Oliveira &#8211; Projeto e-book Fegues <\/p>\n\n\n\n<p>35 &#8211; Luiz Lerro &#8211; \u201cBarranco Porto Velho: um tabloide virtual de ousadas webformances\u201d <\/p>\n\n\n\n<p>36 &#8211; M\u00e1rcia Machado de Lima &#8211; Devir Amaz\u00f4nia &#8211; Grupo de Pesquisa em Literatura, Educa\u00e7\u00e3o e Interculturalidade <\/p>\n\n\n\n<p>37 &#8211; Maria Luzia Ferreira Santos\/ Edital Alejandro Bedotti <\/p>\n\n\n\n<p>38 &#8211; Mira mundo Produ\u00e7\u00f5es Culturais &#8211; S\u00e3o Luis\/MA <\/p>\n\n\n\n<p>39 &#8211; Patr\u00edcia Morais das Neves \/ &#8220;Do Canga\u00e7o ao Seringal&#8221; \/ edital P\u00e1caas novos<\/p>\n\n\n\n<p>40 &#8211; Patr\u00edcia Morais das Neves\/ \u00c1lbum &#8220;Do forr\u00f3 ao Carimb\u00f3&#8221;. Edital Marechal Rondon <\/p>\n\n\n\n<p>41 &#8211; Rafael Altomar \/ beradelia <\/p>\n\n\n\n<p>42 &#8211; Rafael Christofolleti &#8211; DIPSA &#8211; Diferen\u00e7a e Processos de subjetiva\u00e7\u00e3o na Amaz\u00f4nia (UNIR) <\/p>\n\n\n\n<p>43 &#8211; Ra\u00edssa Dourado Ribeiro de Lima\/ Eldorado Filmes <\/p>\n\n\n\n<p>44 &#8211; Ramon Alves \/ Desmanche o Selo <\/p>\n\n\n\n<p>45 &#8211; Rosangela A. Hil\u00e1rio Grupo de Pesquisa Ativista Audre Lorde <\/p>\n\n\n\n<p>46 &#8211; Sabrynne Sena- musicista, regente e produtora cultural <\/p>\n\n\n\n<p>47 &#8211; Samuel Pessoa da Silva &#8211; M\u00fasico\/Produtor Cultural\/Banda Quilomboclada <\/p>\n\n\n\n<p>48 &#8211; Selma Cristina Pavanelli \u2013 Produtora, palha\u00e7a e atriz <\/p>\n\n\n\n<p>49 &#8211; Silvana Zuse\u2013 N\u00facleo de Ci\u00eancias Humanas\/ Universidade Federal de Rond\u00f4nia- NCH\/UNIR <\/p>\n\n\n\n<p>50 &#8211; Stephanie Caroline Matos Dantas &#8211; Gritos do Cotidiano 51- Suely Rodrigues -Associa\u00e7\u00e3o Cultural Ra\u00edzes do Porto <\/p>\n\n\n\n<p>52 &#8211; Taiane Sales Nunes \/ Dicas da Palha\u00e7a Firmina <\/p>\n\n\n\n<p>53 &#8211; Tain\u00e1 Sousa Oliveira &#8211; Patrim\u00f4nio Edificado e Migra\u00e7\u00e3o\/Edital Alejandro Bedotti <\/p>\n\n\n\n<p>54 &#8211; Thaiz Lucksis &#8211; Associa\u00e7\u00e3o Cultural Waraji\/ACW <\/p>\n\n\n\n<p>55 &#8211; Thiago Maziero &#8211; Produtor Musical do Ecos da Oca <\/p>\n\n\n\n<p>56 &#8211; UNIR INCOOP UNIR &#8211; Incubadora de Cooperativas Populares da UNIR <\/p>\n\n\n\n<p>57 &#8211; Valdete Sousa &#8211; CEPC <\/p>\n\n\n\n<p>58 &#8211; Val\u00e9ria Frota- Canta Zezinho\/Rascunhos <\/p>\n\n\n\n<p>59 &#8211; Vicente Eduardo Ribeiro Mar\u00e7al &#8211; Departamento de Filosofia &#8211; UNIR <\/p>\n\n\n\n<p>60 &#8211; Vit\u00f3ria Mor\u00e3o \/ artista visual <\/p>\n\n\n\n<p>61 &#8211; Yan Patrick Morais Gil \/ Edital Mary Cyanne<\/p>\n\n\n\n<p>62 &#8211; Yan Patrick Morais Gil\/ Ep &#8220;Equilibrium&#8221;. Edital Marechal Rondon <\/p>\n\n\n\n<p>63 &#8211; Walterlina Brasil \u2013 N\u00facleo de Ci\u00eancias Humanas\/ Universidade Federal de Rond\u00f4nia- NCH\/UNIR <\/p>\n\n\n\n<p>64 &#8211; Zaine Diniz \u2013 Atriz 4 <\/p>\n\n\n\n<p>65 &#8211; Arvore Casa das Artes &#8211; Vit\u00f3ria\/ES 5 <\/p>\n\n\n\n<p>66 &#8211; Bando Gol\u00edardXs &#8211; S\u00e3o Paulo\/SP <\/p>\n\n\n\n<p>67 &#8211; Bonita Lampi\u00e3o &#8211; S\u00e3o Paulo <\/p>\n\n\n\n<p>68 &#8211; Bojiganga de Artes &#8211; S\u00e3o Paulo- SP <\/p>\n\n\n\n<p>69 &#8211; Brava Companhia &#8211; S\u00e3o Paulo\/SP <\/p>\n\n\n\n<p>70 &#8211; Centro de experimenta\u00e7\u00e3o art\u00edstico e Cultural encanto dos alagados-AP. <\/p>\n\n\n\n<p>71 &#8211; CHAP &#8211; RJ <\/p>\n\n\n\n<p>72 &#8211; Cia. Bornal de Bugigangas &#8211; Assis\/SP <\/p>\n\n\n\n<p>73 &#8211; Cia Circunstancia &#8211; Belo Horizonte\/MG <\/p>\n\n\n\n<p>74 &#8211; Cia Colcha de Retalhojs SP\/SP <\/p>\n\n\n\n<p>75 &#8211; Cia de Teatro Madalenas &#8211; Bel\u00e9m-PA <\/p>\n\n\n\n<p>76 &#8211; Cia de Teatro Nu Escuro\/Goiana-GO <\/p>\n\n\n\n<p>77 &#8211; Cia de Teatro Soluar &#8211; Jo\u00e3o Pessoa\/PB. <\/p>\n\n\n\n<p>78 &#8211; Cia Est\u00e1vel de Teatro &#8211; S\u00e3o Paulo\/SP <\/p>\n\n\n\n<p>79 &#8211; Cia. F\u00e1brica SP &#8211; Peru\u00edbe\/SP <\/p>\n\n\n\n<p>80 &#8211; Cia LaCasa \u2013 Macei\u00f3\/AL <\/p>\n\n\n\n<p>81 &#8211; Cia Lamparim de Circo e Teatro &#8211; Quixeramobim \u2013 CE <\/p>\n\n\n\n<p>82 &#8211; Cia Mundu Rod\u00e1- s\u00e3o Paulo <\/p>\n\n\n\n<p>83 &#8211; Cia Teatro Em Cordel &#8211; Edmilson Santini &#8211; RJ <\/p>\n\n\n\n<p>84 &#8211; Cia. Visse e Versa de A\u00e7\u00e3o C\u00eanica &#8211; Rio Branco &#8211; Acre <\/p>\n\n\n\n<p>85 &#8211; Cia Vulc\u00e2nicas &#8211; S\u00e3o Paulo &#8211; SP <\/p>\n\n\n\n<p>86 &#8211; Circo Pratodos.- Mariana\/MG <\/p>\n\n\n\n<p>87 &#8211; Circo Teatro Capixaba &#8211; Divino de S\u00e3o Lourehn\u00e7o\/ES 88 &#8211; Circo Teatro Palombar <\/p>\n\n\n\n<p>88 &#8211; Circovolante &#8211; Mariana\/MG <\/p>\n\n\n\n<p>89 &#8211; Cirquinho do Revirado Crici\u00fama SC <\/p>\n\n\n\n<p>90 &#8211; Como La em Casa Teatro &amp; Cia Bella &#8211; S\u00e3o Paulo <\/p>\n\n\n\n<p>91 &#8211; Companhia Opini\u00e3o &#8211; SP <\/p>\n\n\n\n<p>92 &#8211; Coletivo de artistas produtore e t\u00e9cnicos em Teatro do Amap\u00e1-CAPTTA <\/p>\n\n\n\n<p>93 &#8211; Coletivo Ful\u00f4 &#8211; Crato &#8211; CE <\/p>\n\n\n\n<p>94 &#8211; Companhia Cultural Cirandu\u00eds &#8211; Jandu\u00eds\/RN <\/p>\n\n\n\n<p>95 &#8211; Corpos &amp; Sombras &#8211; teatro e circo &#8211; S\u00e3o Leopoldo-RS <\/p>\n\n\n\n<p>96 &#8211; Esquadr\u00e3o da Vida &#8211; DF <\/p>\n\n\n\n<p>97 &#8211; ERRO Grupo &#8211; Florian\u00f3polis &#8211; SC <\/p>\n\n\n\n<p>98 &#8211; Escarc\u00e9u de Teatro- Mossor\u00f3\/RN; <\/p>\n\n\n\n<p>99 &#8211; F\u00e1tima Sobrinho- Bel\u00e9m\/Pa <\/p>\n\n\n\n<p>100 &#8211; Flor e Espinho &#8211; Campo Grande\/MS <\/p>\n\n\n\n<p>101 &#8211; Gira Cia Andante &#8211; Migu el Pereira\/RJ <\/p>\n\n\n\n<p>102 &#8211; Grupo A Pombagem \/ Salvador-Ba <\/p>\n\n\n\n<p>103 &#8211; Grupo Casa3\/Guaruj\u00e1-SP <\/p>\n\n\n\n<p>104 &#8211; Grupo Cutucurim &#8211; Angra dos Reis-RJ <\/p>\n\n\n\n<p>105 &#8211; Grupo de teatro De Pernas Pro Ar &#8211; Canoas\/RS <\/p>\n\n\n\n<p>106 &#8211; Grupo de Teatro Quem Tem Boca \u00e9 Pra Gritar &#8211; Jo\u00e3o Pessoa-PB 5 <\/p>\n\n\n\n<p>107 &#8211; Grupo Experimental de Artes Vivartes Acre e Casa de Cultura Vivarte &#8211; 6 Acre <\/p>\n\n\n\n<p>108 &#8211; Grupo GRUTTA &#8211; Tangar\u00e1 da Serra\/MT <\/p>\n\n\n\n<p>109 &#8211; Grupo M\u00e3e da Rua &#8211; S\u00e3o Paulo <\/p>\n\n\n\n<p>110 &#8211; Grupo Manjeric\u00e3o &#8211; Porto Alegre\/RS <\/p>\n\n\n\n<p>111 &#8211; Grupo M\u00e1scaras &#8211; Guaran\u00e9sia &#8211; MG <\/p>\n\n\n\n<p>112 &#8211; Grupo OffSina Rio de Janeiro- RJ <\/p>\n\n\n\n<p>113 &#8211; Grupo Olho Rasteiro &#8211; Curitiba\/PR <\/p>\n\n\n\n<p>114 &#8211; Grupo Pombas Urbanas &#8211; S\u00e3o Paulo\/SP <\/p>\n\n\n\n<p>115 &#8211; Grupo Put&#8217;s de Teatro &#8211; Toledo\/PR <\/p>\n\n\n\n<p>116 &#8211; Grupo Rosa dos Ventos- Presidente Prudente SP <\/p>\n\n\n\n<p>117 &#8211; Grupo TAMTAN &#8211; Tanquinho-Bahia<\/p>\n\n\n\n<p>118 &#8211; Grupo Teatral De 4 No Ato &#8211; Rio de Janeiro\/RJ <\/p>\n\n\n\n<p>119 &#8211; Grupo teatral Hemisf\u00e9rio <\/p>\n\n\n\n<p>120 &#8211; Grupo Teatro de Caretas \/ CE <\/p>\n\n\n\n<p>121 &#8211; Grupo TIA \/ Canoas-RS 122 &#8211; Grupo Xing\u00f4 &#8211; S\u00e3o Paulo\/SP <\/p>\n\n\n\n<p>123 &#8211; Ivanildo Piccoli Brincantuar CNPq Ufal <\/p>\n\n\n\n<p>124 &#8211; Lacarta Circoj Teatro de Rua &#8211; ES <\/p>\n\n\n\n<p>125 &#8211; Licko Turle PELE NEGRA &#8211; Salvador\/BA <\/p>\n\n\n\n<p>126 &#8211; Mamulengo rasga estrada &#8211; Presidente Prudente &#8211; SP <\/p>\n\n\n\n<p>127 &#8211; Mamulengo Sem Fronteiras &#8211; DF <\/p>\n\n\n\n<p>128 &#8211; MARL \u2013 Movimento de Artistas de Rua de Londrina \/ PR <\/p>\n\n\n\n<p>129 &#8211; MiraMundo Produ\u00e7\u00f5es Culturais (MA) <\/p>\n\n\n\n<p>130 &#8211; Nativos terra rasgada &#8211; Sorocaba\/SP <\/p>\n\n\n\n<p>131 &#8211; N\u00facleo aclowndemia de palha\u00e7aria &#8211; Sorocaba\/SP <\/p>\n\n\n\n<p>132 &#8211; N\u00facleo Pavanelli\/SP <\/p>\n\n\n\n<p>133 &#8211; N\u00facleo Sem Drama Na Cia da Cabra Orelana &#8211; S\u00e3o Paulo SP <\/p>\n\n\n\n<p>134 &#8211; O Buraco d&#8217;Oraculo &#8211; S\u00e3o Paulo\/SP <\/p>\n\n\n\n<p>135 &#8211; OIgal\u00ea Cooperativa de Artistas Teatrais <\/p>\n\n\n\n<p>136 &#8211; Os Mamatchas &#8211; Mor\u00f3n\/Buenos Aires <\/p>\n\n\n\n<p>137 &#8211; Palha\u00e7o Piru\u00e1 &#8211; Natal &#8211; RN <\/p>\n\n\n\n<p>138 &#8211; Palha\u00e7os Trovadores -Bel\u00e9m\/Pa <\/p>\n\n\n\n<p>139 &#8211; Povo da Rua &#8211; Porto Alegre\/RS <\/p>\n\n\n\n<p>140 &#8211; Ru\u00e9 La Companhia- Guarulhos\/SP <\/p>\n\n\n\n<p>141 &#8211; Salmonela Urbana Cia- Curitiba-PR <\/p>\n\n\n\n<p>142 &#8211; Ser\u00e1 O Benedito?! \/ RJ <\/p>\n\n\n\n<p>143 &#8211; Som na Linha &#8211; P. Prudente\/SP <\/p>\n\n\n\n<p>144 &#8211; Teatro de Rocok\u00f3z &#8211; SP\/SP <\/p>\n\n\n\n<p>145 &#8211; Teatro de Trincheira \/ Caraguatatuba &#8211; SP <\/p>\n\n\n\n<p>146 &#8211; Teatro em Tr\u00e2mite &#8211; Florian\u00f3polis\/SC <\/p>\n\n\n\n<p>147 &#8211; Teatro Itinerante RJ (Marcondes Mesqueu) <\/p>\n\n\n\n<p>148 &#8211; Teatro Imagin\u00e1rio Maracangalha &#8211; Campo Grande MS 6 <\/p>\n\n\n\n<p>149 &#8211; Teatro Widia &#8211; Santos\/SP 7 <\/p>\n\n\n\n<p>150 &#8211; Tribo de Atuadores \u00d3i N\u00f3is Aqui Traveis- Poa\/RS <\/p>\n\n\n\n<p>151 &#8211; Trupe Arlequin\/ PB <\/p>\n\n\n\n<p>152 &#8211; Trupe Circuluz &#8211; Olinda &#8211; PE <\/p>\n\n\n\n<p>153 &#8211; Trupe ser\u00e1 o Benedito- Caic\u00f3\/RN <\/p>\n\n\n\n<p>154 &#8211; Trupe Olho da Rua \/Santos-SP <\/p>\n\n\n\n<p>155 &#8211; Gicele Sucupira Fernandes <\/p>\n\n\n\n<p>156 &#8211; Arthemiza Evangelista Sans\u00e3o <\/p>\n\n\n\n<p>157 &#8211; Carlos C\u00e9sar Neves da Silva\/Comunidades Quilombolas do Vale do Guapor\u00e9: Tradi\u00e7\u00e3o, Extrativismo e F\u00e9. <\/p>\n\n\n\n<p>158 &#8211; Aparecida Paula Silva Rebolo &#8211; Projeto : Ritmos do Brasil. <\/p>\n\n\n\n<p>159 &#8211; Produz Conte\u00fados Eireli ME\/ A lenda da Cria\u00e7\u00e3o do Homem para os Suru\u00ed Pa\u00edter <\/p>\n\n\n\n<p>160 &#8211; Proponente: Mario Sergio Freitas Filho Projeto: BR 364 \u2013 Rond\u00f4nia. <\/p>\n\n\n\n<p>161 &#8211; ASELCI \u2013 Associa\u00e7\u00e3o Semeando Letras e Cidadania\/ Da Gr\u00e9cia \u00e0 Amaz\u00f4nia: Mitos e Lendas no Auto do Boi de Gaia. <\/p>\n\n\n\n<p>162 &#8211; Associa\u00e7\u00e3o Cultural Pirarucu do Madeira<\/p>\n","protected":false},"excerpt":{"rendered":"<p>O pedido protocolado nesta quinta-feira (18) e re\u00fane mais de 160 assinaturas. Os artistas apontam as dificuldades com o agravamento da pandemia no estado para finalizar os projetos.<\/p>\n","protected":false},"author":1,"featured_media":0,"comment_status":"closed","ping_status":"open","sticky":false,"template":"","format":"standard","meta":{"_exactmetrics_skip_tracking":false,"_exactmetrics_sitenote_active":false,"_exactmetrics_sitenote_note":"","_exactmetrics_sitenote_category":0,"jetpack_post_was_ever_published":false,"_jetpack_newsletter_access":"","_jetpack_dont_email_post_to_subs":false,"_jetpack_newsletter_tier_id":0,"_jetpack_memberships_contains_paywalled_content":false,"_jetpack_memberships_contains_paid_content":false,"footnotes":"","jetpack_publicize_message":"","jetpack_publicize_feature_enabled":true,"jetpack_social_post_already_shared":true,"jetpack_social_options":{"image_generator_settings":{"template":"highway","enabled":false},"version":2}},"categories":[1],"tags":[427,426,366,428,7,429],"class_list":["post-31214","post","type-post","status-publish","format-standard","hentry","category-notas","tag-aldir-blanc","tag-artistas","tag-pandemia","tag-prorrogacao","tag-rondonia","tag-sejucel"],"jetpack_publicize_connections":[],"jetpack_sharing_enabled":true,"jetpack_featured_media_url":"","jetpack_shortlink":"https:\/\/wp.me\/p7wKYW-87s","jetpack-related-posts":[],"_links":{"self":[{"href":"http:\/\/blogdalucianaoliveira.com.br\/blog\/wp-json\/wp\/v2\/posts\/31214","targetHints":{"allow":["GET"]}}],"collection":[{"href":"http:\/\/blogdalucianaoliveira.com.br\/blog\/wp-json\/wp\/v2\/posts"}],"about":[{"href":"http:\/\/blogdalucianaoliveira.com.br\/blog\/wp-json\/wp\/v2\/types\/post"}],"author":[{"embeddable":true,"href":"http:\/\/blogdalucianaoliveira.com.br\/blog\/wp-json\/wp\/v2\/users\/1"}],"replies":[{"embeddable":true,"href":"http:\/\/blogdalucianaoliveira.com.br\/blog\/wp-json\/wp\/v2\/comments?post=31214"}],"version-history":[{"count":3,"href":"http:\/\/blogdalucianaoliveira.com.br\/blog\/wp-json\/wp\/v2\/posts\/31214\/revisions"}],"predecessor-version":[{"id":31218,"href":"http:\/\/blogdalucianaoliveira.com.br\/blog\/wp-json\/wp\/v2\/posts\/31214\/revisions\/31218"}],"wp:attachment":[{"href":"http:\/\/blogdalucianaoliveira.com.br\/blog\/wp-json\/wp\/v2\/media?parent=31214"}],"wp:term":[{"taxonomy":"category","embeddable":true,"href":"http:\/\/blogdalucianaoliveira.com.br\/blog\/wp-json\/wp\/v2\/categories?post=31214"},{"taxonomy":"post_tag","embeddable":true,"href":"http:\/\/blogdalucianaoliveira.com.br\/blog\/wp-json\/wp\/v2\/tags?post=31214"}],"curies":[{"name":"wp","href":"https:\/\/api.w.org\/{rel}","templated":true}]}}