{"id":31219,"date":"2021-03-18T13:20:57","date_gmt":"2021-03-18T17:20:57","guid":{"rendered":"http:\/\/blogdalucianaoliveira.com.br\/blog\/?p=31219"},"modified":"2021-03-18T13:21:03","modified_gmt":"2021-03-18T17:21:03","slug":"saude-diz-em-oficio-que-usa-ivermectina-e-kit-covid-em-indigenas-de-ro","status":"publish","type":"post","link":"http:\/\/blogdalucianaoliveira.com.br\/blog\/2021\/03\/18\/saude-diz-em-oficio-que-usa-ivermectina-e-kit-covid-em-indigenas-de-ro\/","title":{"rendered":"Sa\u00fade diz, em of\u00edcio, que usa ivermectina e &#8216;kit covid&#8217; em ind\u00edgenas de RO"},"content":{"rendered":"\n<figure class=\"wp-block-image size-large\"><img data-recalc-dims=\"1\" loading=\"lazy\" decoding=\"async\" width=\"600\" height=\"547\" data-attachment-id=\"31220\" data-permalink=\"http:\/\/blogdalucianaoliveira.com.br\/blog\/2021\/03\/18\/saude-diz-em-oficio-que-usa-ivermectina-e-kit-covid-em-indigenas-de-ro\/11db44a5-b560-4bf3-9500-cb69fdd3f7a3\/\" data-orig-file=\"https:\/\/i0.wp.com\/blogdalucianaoliveira.com.br\/blog\/wp-content\/uploads\/2021\/03\/11DB44A5-B560-4BF3-9500-CB69FDD3F7A3.jpeg?fit=828%2C755\" data-orig-size=\"828,755\" data-comments-opened=\"0\" data-image-meta=\"{&quot;aperture&quot;:&quot;0&quot;,&quot;credit&quot;:&quot;&quot;,&quot;camera&quot;:&quot;&quot;,&quot;caption&quot;:&quot;&quot;,&quot;created_timestamp&quot;:&quot;0&quot;,&quot;copyright&quot;:&quot;&quot;,&quot;focal_length&quot;:&quot;0&quot;,&quot;iso&quot;:&quot;0&quot;,&quot;shutter_speed&quot;:&quot;0&quot;,&quot;title&quot;:&quot;&quot;,&quot;orientation&quot;:&quot;1&quot;}\" data-image-title=\"11DB44A5-B560-4BF3-9500-CB69FDD3F7A3\" data-image-description=\"\" data-image-caption=\"\" data-medium-file=\"https:\/\/i0.wp.com\/blogdalucianaoliveira.com.br\/blog\/wp-content\/uploads\/2021\/03\/11DB44A5-B560-4BF3-9500-CB69FDD3F7A3.jpeg?fit=300%2C274\" data-large-file=\"https:\/\/i0.wp.com\/blogdalucianaoliveira.com.br\/blog\/wp-content\/uploads\/2021\/03\/11DB44A5-B560-4BF3-9500-CB69FDD3F7A3.jpeg?fit=600%2C547\" src=\"https:\/\/i0.wp.com\/blogdalucianaoliveira.com.br\/blog\/wp-content\/uploads\/2021\/03\/11DB44A5-B560-4BF3-9500-CB69FDD3F7A3.jpeg?resize=600%2C547\" alt=\"\" class=\"wp-image-31220\" srcset=\"https:\/\/i0.wp.com\/blogdalucianaoliveira.com.br\/blog\/wp-content\/uploads\/2021\/03\/11DB44A5-B560-4BF3-9500-CB69FDD3F7A3.jpeg?w=828 828w, https:\/\/i0.wp.com\/blogdalucianaoliveira.com.br\/blog\/wp-content\/uploads\/2021\/03\/11DB44A5-B560-4BF3-9500-CB69FDD3F7A3.jpeg?resize=300%2C274 300w, https:\/\/i0.wp.com\/blogdalucianaoliveira.com.br\/blog\/wp-content\/uploads\/2021\/03\/11DB44A5-B560-4BF3-9500-CB69FDD3F7A3.jpeg?resize=768%2C700 768w, https:\/\/i0.wp.com\/blogdalucianaoliveira.com.br\/blog\/wp-content\/uploads\/2021\/03\/11DB44A5-B560-4BF3-9500-CB69FDD3F7A3.jpeg?resize=329%2C300 329w\" sizes=\"auto, (max-width: 600px) 100vw, 600px\" \/><\/figure>\n\n\n\n<p>UOL, por Rubens Valente &#8211; Um of\u00edcio distribu\u00eddo pelo DSEI (Distrito Sanit\u00e1rio Especial Ind\u00edgena) de Vilhena (RO) no \u00faltimo dia 15 diz que &#8220;est\u00e1 sendo realizado&#8221; entre os ind\u00edgenas um suposto &#8220;tratamento profil\u00e1tico com ivermectina para a popula\u00e7\u00e3o maior de dez anos&#8221; e um suposto &#8220;tratamento kit covid para todos os ind\u00edgenas que apresentarem sintomas&#8221; da doen\u00e7a causada pelo coronav\u00edrus.<\/p>\n\n\n\n<!--more-->\n\n\n\n<p>Os DSEIs s\u00e3o vinculados \u00e0 Sesai (Secretaria Especial de Sa\u00fade Ind\u00edgena), um \u00f3rg\u00e3o do Minist\u00e9rio da Sa\u00fade. A unidade de Vilhena \u00e9 respons\u00e1vel pelo atendimento de 6 mil ind\u00edgenas de 144 aldeias e 43 etnias diferentes, al\u00e9m de manter quatro casas de sa\u00fade ind\u00edgena nos munic\u00edpios de Cacoal e Vilhena, em Rond\u00f4nia, e de Ju\u00edna e Aripuan\u00e3, em Mato Grosso. <br><br>Localizada por telefone pela coluna, a coordenadora do DSEI Vilhena que assina o documento, Solange Pereira Vieira Tavares, disse que &#8220;kits covid&#8221; foram entregues por prefeituras da regi\u00e3o e usados por ind\u00edgenas no ano passado, a pedido dos pr\u00f3prios ind\u00edgenas, e desde que assinassem um termo de compromisso. Mas agora o distrito estaria vivendo &#8220;uma nova fase&#8221;, &#8220;estamos vacinando&#8221;. Ela disse que iria &#8220;averiguar&#8221; se os medicamentos ainda est\u00e3o sendo usados porque apontou um erro no of\u00edcio: uma funcion\u00e1ria do DSEI teria copiado a frase sobre o uso dos rem\u00e9dios de um of\u00edcio anterior, do ano passado, como se fosse um cen\u00e1rio atual. &#8220;Esse texto do par\u00e1grafo nono \u00e9 de quando come\u00e7ou a covid&#8221;, disse a coordenadora. Solange n\u00e3o soube dizer se crian\u00e7as acima de 10 anos usaram a ivermectina nem quantos ind\u00edgenas foram medicados. &#8220;N\u00e3o sei [dizer] agora a faixa et\u00e1ria, por\u00e9m&#8230; Por exemplo, o munic\u00edpio de Cacoal distribuiu kits para a popula\u00e7\u00e3o, com ivermectina, e n\u00f3s pegamos. N\u00f3s recebemos do munic\u00edpio [&#8230;]. O kit \u00e9 de cada munic\u00edpio, protocolo de cada munic\u00edpio. A\u00ed os ind\u00edgenas quiseram. Os munic\u00edpios distribu\u00edram para toda sua popula\u00e7\u00e3o. [&#8230;] O munic\u00edpio fez uma declara\u00e7\u00e3o para o paciente assinar. Quem quis tomar teve que assinar esse termo. Cada pessoa que tomou assinou o termo. [&#8230;] Inclusive os ind\u00edgenas&#8221;, disse a coordenadora.<br><\/p>\n\n\n\n<p>O Minist\u00e9rio da Sa\u00fade e a Sesai em Bras\u00edlia foram procurados na ter\u00e7a-feira (16), mas n\u00e3o se manifestaram at\u00e9 o fechamento deste texto. O of\u00edcio foi enviado para os chefes da Funai (Funda\u00e7\u00e3o Nacional do \u00cdndio) de Cacoal (RO) e de Ju\u00edna (MT) e dezenas de lideran\u00e7as ind\u00edgenas da regi\u00e3o. No documento, Solange afirma que \u00e9 necess\u00e1rio refor\u00e7ar o isolamento social nas aldeias frente ao agravamento da pandemia, cita recomenda\u00e7\u00f5es da OMS (Organiza\u00e7\u00e3o Mundial da Sa\u00fade) e do Minist\u00e9rio da Sa\u00fade e pede que seja determinada &#8220;uma quarentena no per\u00edodo de 15 de mar\u00e7o a 29 de mar\u00e7o de 2021&#8221; nas aldeias. Nesse per\u00edodo, diz o documento, as lideran\u00e7as n\u00e3o devem permitir entradas e sa\u00eddas dos ind\u00edgenas e autorizar apenas o ingresso de servidores do DSEI e da Funai.<\/p>\n","protected":false},"excerpt":{"rendered":"<p>UOL, por Rubens Valente &#8211; Um of\u00edcio distribu\u00eddo pelo DSEI (Distrito Sanit\u00e1rio Especial Ind\u00edgena) de Vilhena (RO) no \u00faltimo dia 15 diz que &#8220;est\u00e1 sendo realizado&#8221; entre os ind\u00edgenas um suposto &#8220;tratamento profil\u00e1tico com ivermectina para a popula\u00e7\u00e3o maior de dez anos&#8221; e um suposto &#8220;tratamento kit covid para todos os ind\u00edgenas que apresentarem sintomas&#8221;&#8230;<a class=\"more-link\" href=\"http:\/\/blogdalucianaoliveira.com.br\/blog\/2021\/03\/18\/saude-diz-em-oficio-que-usa-ivermectina-e-kit-covid-em-indigenas-de-ro\/\">Continue a leitura <span class=\"meta-nav\">&raquo;<\/span><\/a><\/p>\n","protected":false},"author":1,"featured_media":0,"comment_status":"closed","ping_status":"open","sticky":false,"template":"","format":"standard","meta":{"_exactmetrics_skip_tracking":false,"_exactmetrics_sitenote_active":false,"_exactmetrics_sitenote_note":"","_exactmetrics_sitenote_category":0,"jetpack_post_was_ever_published":false,"_jetpack_newsletter_access":"","_jetpack_dont_email_post_to_subs":false,"_jetpack_newsletter_tier_id":0,"_jetpack_memberships_contains_paywalled_content":false,"_jetpack_memberships_contains_paid_content":false,"footnotes":"","jetpack_publicize_message":"","jetpack_publicize_feature_enabled":true,"jetpack_social_post_already_shared":true,"jetpack_social_options":{"image_generator_settings":{"template":"highway","enabled":false},"version":2}},"categories":[1],"tags":[],"class_list":["post-31219","post","type-post","status-publish","format-standard","hentry","category-notas"],"jetpack_publicize_connections":[],"jetpack_sharing_enabled":true,"jetpack_featured_media_url":"","jetpack_shortlink":"https:\/\/wp.me\/p7wKYW-87x","jetpack-related-posts":[],"_links":{"self":[{"href":"http:\/\/blogdalucianaoliveira.com.br\/blog\/wp-json\/wp\/v2\/posts\/31219","targetHints":{"allow":["GET"]}}],"collection":[{"href":"http:\/\/blogdalucianaoliveira.com.br\/blog\/wp-json\/wp\/v2\/posts"}],"about":[{"href":"http:\/\/blogdalucianaoliveira.com.br\/blog\/wp-json\/wp\/v2\/types\/post"}],"author":[{"embeddable":true,"href":"http:\/\/blogdalucianaoliveira.com.br\/blog\/wp-json\/wp\/v2\/users\/1"}],"replies":[{"embeddable":true,"href":"http:\/\/blogdalucianaoliveira.com.br\/blog\/wp-json\/wp\/v2\/comments?post=31219"}],"version-history":[{"count":1,"href":"http:\/\/blogdalucianaoliveira.com.br\/blog\/wp-json\/wp\/v2\/posts\/31219\/revisions"}],"predecessor-version":[{"id":31221,"href":"http:\/\/blogdalucianaoliveira.com.br\/blog\/wp-json\/wp\/v2\/posts\/31219\/revisions\/31221"}],"wp:attachment":[{"href":"http:\/\/blogdalucianaoliveira.com.br\/blog\/wp-json\/wp\/v2\/media?parent=31219"}],"wp:term":[{"taxonomy":"category","embeddable":true,"href":"http:\/\/blogdalucianaoliveira.com.br\/blog\/wp-json\/wp\/v2\/categories?post=31219"},{"taxonomy":"post_tag","embeddable":true,"href":"http:\/\/blogdalucianaoliveira.com.br\/blog\/wp-json\/wp\/v2\/tags?post=31219"}],"curies":[{"name":"wp","href":"https:\/\/api.w.org\/{rel}","templated":true}]}}