{"id":31222,"date":"2021-03-18T16:43:27","date_gmt":"2021-03-18T20:43:27","guid":{"rendered":"http:\/\/blogdalucianaoliveira.com.br\/blog\/?p=31222"},"modified":"2021-03-18T16:43:31","modified_gmt":"2021-03-18T20:43:31","slug":"datafolha-indica-que-fieis-a-bolsonaro-nao-passam-de-14-da-populacao","status":"publish","type":"post","link":"http:\/\/blogdalucianaoliveira.com.br\/blog\/2021\/03\/18\/datafolha-indica-que-fieis-a-bolsonaro-nao-passam-de-14-da-populacao\/","title":{"rendered":"Datafolha indica que fi\u00e9is a Bolsonaro n\u00e3o passam de 14% da popula\u00e7\u00e3o"},"content":{"rendered":"\n<figure class=\"wp-block-image size-large\"><img loading=\"lazy\" decoding=\"async\" width=\"1250\" height=\"600\" data-attachment-id=\"31223\" data-permalink=\"http:\/\/blogdalucianaoliveira.com.br\/blog\/2021\/03\/18\/datafolha-indica-que-fieis-a-bolsonaro-nao-passam-de-14-da-populacao\/b3462b9b-f1d4-49be-848b-7e74317d387c\/\" data-orig-file=\"https:\/\/i0.wp.com\/blogdalucianaoliveira.com.br\/blog\/wp-content\/uploads\/2021\/03\/B3462B9B-F1D4-49BE-848B-7E74317D387C.jpeg?fit=1250%2C600\" data-orig-size=\"1250,600\" data-comments-opened=\"0\" data-image-meta=\"{&quot;aperture&quot;:&quot;0&quot;,&quot;credit&quot;:&quot;&quot;,&quot;camera&quot;:&quot;&quot;,&quot;caption&quot;:&quot;&quot;,&quot;created_timestamp&quot;:&quot;0&quot;,&quot;copyright&quot;:&quot;&quot;,&quot;focal_length&quot;:&quot;0&quot;,&quot;iso&quot;:&quot;0&quot;,&quot;shutter_speed&quot;:&quot;0&quot;,&quot;title&quot;:&quot;&quot;,&quot;orientation&quot;:&quot;0&quot;}\" data-image-title=\"B3462B9B-F1D4-49BE-848B-7E74317D387C\" data-image-description=\"\" data-image-caption=\"\" data-medium-file=\"https:\/\/i0.wp.com\/blogdalucianaoliveira.com.br\/blog\/wp-content\/uploads\/2021\/03\/B3462B9B-F1D4-49BE-848B-7E74317D387C.jpeg?fit=300%2C144\" data-large-file=\"https:\/\/i0.wp.com\/blogdalucianaoliveira.com.br\/blog\/wp-content\/uploads\/2021\/03\/B3462B9B-F1D4-49BE-848B-7E74317D387C.jpeg?fit=600%2C288\" src=\"https:\/\/i2.wp.com\/blogdalucianaoliveira.com.br\/blog\/wp-content\/uploads\/2021\/03\/B3462B9B-F1D4-49BE-848B-7E74317D387C.jpeg?fit=600%2C288\" alt=\"\" class=\"wp-image-31223\" srcset=\"https:\/\/i0.wp.com\/blogdalucianaoliveira.com.br\/blog\/wp-content\/uploads\/2021\/03\/B3462B9B-F1D4-49BE-848B-7E74317D387C.jpeg?w=1250 1250w, https:\/\/i0.wp.com\/blogdalucianaoliveira.com.br\/blog\/wp-content\/uploads\/2021\/03\/B3462B9B-F1D4-49BE-848B-7E74317D387C.jpeg?resize=300%2C144 300w, https:\/\/i0.wp.com\/blogdalucianaoliveira.com.br\/blog\/wp-content\/uploads\/2021\/03\/B3462B9B-F1D4-49BE-848B-7E74317D387C.jpeg?resize=1024%2C492 1024w, https:\/\/i0.wp.com\/blogdalucianaoliveira.com.br\/blog\/wp-content\/uploads\/2021\/03\/B3462B9B-F1D4-49BE-848B-7E74317D387C.jpeg?resize=768%2C369 768w, https:\/\/i0.wp.com\/blogdalucianaoliveira.com.br\/blog\/wp-content\/uploads\/2021\/03\/B3462B9B-F1D4-49BE-848B-7E74317D387C.jpeg?resize=625%2C300 625w, https:\/\/i0.wp.com\/blogdalucianaoliveira.com.br\/blog\/wp-content\/uploads\/2021\/03\/B3462B9B-F1D4-49BE-848B-7E74317D387C.jpeg?w=1200 1200w\" sizes=\"auto, (max-width: 600px) 100vw, 600px\" \/><\/figure>\n\n\n\n<p><strong><br>247 &#8211;&nbsp;<\/strong>Pesquisa&nbsp;<a href=\"https:\/\/www.brasil247.com\/brasil\/rejeicao-a-bolsonaro-dispara-bate-recorde-e-chega-a-54-segundo-datafolha\">Datafolha, divulgada nesta quarta-feira (17) sobre a avalia\u00e7\u00e3o de Jair Bolsonaro<\/a>, aponta que apenas 14% da popula\u00e7\u00e3o brasileira \u00e9 composta por pessoas efetivamente fi\u00e9is ao presidente brasileiro.&nbsp;<\/p>\n\n\n\n<!--more-->\n\n\n\n<p>Este segmento, que responde por 45% das avalia\u00e7\u00f5es positivas que Bolsonaro recebe, \u00e9 formado por aqueles que acreditam em tudo o que Bolsonaro fala, negam a gravidade da pandemia e se posicionam contra a vacina\u00e7\u00e3o. H\u00e1 um segundo grupo, que corresponde a &nbsp;21% da popula\u00e7\u00e3o, equivalente a 31% das men\u00e7\u00f5es positivas, que se mostra favor\u00e1vel \u00e0s vacinas contra a Covid-19 e ao distanciamento social. O terceiro grupo de apoio se concentra entre a popula\u00e7\u00e3o de menor renda e que \u00e9 beneficiada pelo aux\u00edlio emergencial.&nbsp;<\/p>\n\n\n\n<p>\u201cAqueles que prezam pelas normas sanit\u00e1rias e elegeram Bolsonaro, mas n\u00e3o s\u00e3o t\u00e3o fi\u00e9is, correm o risco de abandonar o barco. E quanto aos que se converteram devido ao aux\u00edlio emergencial, mas n\u00e3o votaram nele, o apoio \u00e9 incerto, porque o benef\u00edcio deve voltar com valor menor e por menos tempo\u201d, disse o cientista pol\u00edtico e professor da FGV, Marco Antonio Teixeira, em entrevista ao jornal\u00a0<a href=\"https:\/\/oglobo.globo.com\/brasil\/datafolha-conheca-os-grupos-que-mantem-apoio-bolsonaro-no-momento-mais-grave-da-pandemia-24930133\">O Globo<\/a>.\u00a0<br><\/p>\n\n\n\n<p>O cientista pol\u00edtico Eduardo Grin avalia que a pesquisa captou um crescimento do segmento antibolsonarista. \u201cCresce a rejei\u00e7\u00e3o na pandemia e um sentimento de antibolsonarismo. O eleitor \u201cpendular\u201d, mais moderado, v\u00ea que do outro lado tem outros candidatos, como o Lula e outros nomes no campo do centro\u201d, avaliou.<\/p>\n\n\n\n<p>Apesar do aumento da rejei\u00e7\u00e3o a Bolsonaro, 50% da popula\u00e7\u00e3o se mostra contr\u00e1ria a abertura de um processo de impeachment, contra 46% dos que dizem ser a favor da medida.&nbsp;<\/p>\n\n\n\n<p><\/p>\n","protected":false},"excerpt":{"rendered":"<p>247 &#8211;&nbsp;Pesquisa&nbsp;Datafolha, divulgada nesta quarta-feira (17) sobre a avalia\u00e7\u00e3o de Jair Bolsonaro, aponta que apenas 14% da popula\u00e7\u00e3o brasileira \u00e9 composta por pessoas efetivamente fi\u00e9is ao presidente brasileiro.&nbsp;<\/p>\n","protected":false},"author":1,"featured_media":0,"comment_status":"closed","ping_status":"open","sticky":false,"template":"","format":"standard","meta":{"_exactmetrics_skip_tracking":false,"_exactmetrics_sitenote_active":false,"_exactmetrics_sitenote_note":"","_exactmetrics_sitenote_category":0,"jetpack_post_was_ever_published":false,"_jetpack_newsletter_access":"","_jetpack_dont_email_post_to_subs":false,"_jetpack_newsletter_tier_id":0,"_jetpack_memberships_contains_paywalled_content":false,"_jetpack_memberships_contains_paid_content":false,"footnotes":"","jetpack_publicize_message":"","jetpack_publicize_feature_enabled":true,"jetpack_social_post_already_shared":true,"jetpack_social_options":{"image_generator_settings":{"template":"highway","enabled":false},"version":2}},"categories":[1],"tags":[],"class_list":["post-31222","post","type-post","status-publish","format-standard","hentry","category-notas"],"jetpack_publicize_connections":[],"jetpack_sharing_enabled":true,"jetpack_featured_media_url":"","jetpack_shortlink":"https:\/\/wp.me\/p7wKYW-87A","jetpack-related-posts":[],"_links":{"self":[{"href":"http:\/\/blogdalucianaoliveira.com.br\/blog\/wp-json\/wp\/v2\/posts\/31222","targetHints":{"allow":["GET"]}}],"collection":[{"href":"http:\/\/blogdalucianaoliveira.com.br\/blog\/wp-json\/wp\/v2\/posts"}],"about":[{"href":"http:\/\/blogdalucianaoliveira.com.br\/blog\/wp-json\/wp\/v2\/types\/post"}],"author":[{"embeddable":true,"href":"http:\/\/blogdalucianaoliveira.com.br\/blog\/wp-json\/wp\/v2\/users\/1"}],"replies":[{"embeddable":true,"href":"http:\/\/blogdalucianaoliveira.com.br\/blog\/wp-json\/wp\/v2\/comments?post=31222"}],"version-history":[{"count":1,"href":"http:\/\/blogdalucianaoliveira.com.br\/blog\/wp-json\/wp\/v2\/posts\/31222\/revisions"}],"predecessor-version":[{"id":31224,"href":"http:\/\/blogdalucianaoliveira.com.br\/blog\/wp-json\/wp\/v2\/posts\/31222\/revisions\/31224"}],"wp:attachment":[{"href":"http:\/\/blogdalucianaoliveira.com.br\/blog\/wp-json\/wp\/v2\/media?parent=31222"}],"wp:term":[{"taxonomy":"category","embeddable":true,"href":"http:\/\/blogdalucianaoliveira.com.br\/blog\/wp-json\/wp\/v2\/categories?post=31222"},{"taxonomy":"post_tag","embeddable":true,"href":"http:\/\/blogdalucianaoliveira.com.br\/blog\/wp-json\/wp\/v2\/tags?post=31222"}],"curies":[{"name":"wp","href":"https:\/\/api.w.org\/{rel}","templated":true}]}}