{"id":31225,"date":"2021-03-19T05:22:13","date_gmt":"2021-03-19T09:22:13","guid":{"rendered":"http:\/\/blogdalucianaoliveira.com.br\/blog\/?p=31225"},"modified":"2021-03-19T05:22:16","modified_gmt":"2021-03-19T09:22:16","slug":"bolsonaro-tem-atitude-monstruosa-e-ironiza-brasileiros-que-morrem-com-falta-de-ar-video","status":"publish","type":"post","link":"http:\/\/blogdalucianaoliveira.com.br\/blog\/2021\/03\/19\/bolsonaro-tem-atitude-monstruosa-e-ironiza-brasileiros-que-morrem-com-falta-de-ar-video\/","title":{"rendered":"Bolsonaro tem atitude monstruosa e ironiza brasileiros que morrem com falta de ar (v\u00eddeo)"},"content":{"rendered":"\n<figure class=\"wp-block-image size-large\"><img loading=\"lazy\" decoding=\"async\" width=\"1250\" height=\"600\" data-attachment-id=\"31226\" data-permalink=\"http:\/\/blogdalucianaoliveira.com.br\/blog\/2021\/03\/19\/bolsonaro-tem-atitude-monstruosa-e-ironiza-brasileiros-que-morrem-com-falta-de-ar-video\/ba286013-81eb-4a63-913e-358351457838\/\" data-orig-file=\"https:\/\/i0.wp.com\/blogdalucianaoliveira.com.br\/blog\/wp-content\/uploads\/2021\/03\/BA286013-81EB-4A63-913E-358351457838.png?fit=1250%2C600\" data-orig-size=\"1250,600\" data-comments-opened=\"0\" data-image-meta=\"{&quot;aperture&quot;:&quot;0&quot;,&quot;credit&quot;:&quot;&quot;,&quot;camera&quot;:&quot;&quot;,&quot;caption&quot;:&quot;&quot;,&quot;created_timestamp&quot;:&quot;0&quot;,&quot;copyright&quot;:&quot;&quot;,&quot;focal_length&quot;:&quot;0&quot;,&quot;iso&quot;:&quot;0&quot;,&quot;shutter_speed&quot;:&quot;0&quot;,&quot;title&quot;:&quot;&quot;,&quot;orientation&quot;:&quot;0&quot;}\" data-image-title=\"BA286013-81EB-4A63-913E-358351457838\" data-image-description=\"\" data-image-caption=\"\" data-medium-file=\"https:\/\/i0.wp.com\/blogdalucianaoliveira.com.br\/blog\/wp-content\/uploads\/2021\/03\/BA286013-81EB-4A63-913E-358351457838.png?fit=300%2C144\" data-large-file=\"https:\/\/i0.wp.com\/blogdalucianaoliveira.com.br\/blog\/wp-content\/uploads\/2021\/03\/BA286013-81EB-4A63-913E-358351457838.png?fit=600%2C288\" src=\"https:\/\/i0.wp.com\/blogdalucianaoliveira.com.br\/blog\/wp-content\/uploads\/2021\/03\/BA286013-81EB-4A63-913E-358351457838.png?fit=600%2C288\" alt=\"\" class=\"wp-image-31226\" srcset=\"https:\/\/i0.wp.com\/blogdalucianaoliveira.com.br\/blog\/wp-content\/uploads\/2021\/03\/BA286013-81EB-4A63-913E-358351457838.png?w=1250 1250w, https:\/\/i0.wp.com\/blogdalucianaoliveira.com.br\/blog\/wp-content\/uploads\/2021\/03\/BA286013-81EB-4A63-913E-358351457838.png?resize=300%2C144 300w, https:\/\/i0.wp.com\/blogdalucianaoliveira.com.br\/blog\/wp-content\/uploads\/2021\/03\/BA286013-81EB-4A63-913E-358351457838.png?resize=1024%2C492 1024w, https:\/\/i0.wp.com\/blogdalucianaoliveira.com.br\/blog\/wp-content\/uploads\/2021\/03\/BA286013-81EB-4A63-913E-358351457838.png?resize=768%2C369 768w, https:\/\/i0.wp.com\/blogdalucianaoliveira.com.br\/blog\/wp-content\/uploads\/2021\/03\/BA286013-81EB-4A63-913E-358351457838.png?resize=625%2C300 625w, https:\/\/i0.wp.com\/blogdalucianaoliveira.com.br\/blog\/wp-content\/uploads\/2021\/03\/BA286013-81EB-4A63-913E-358351457838.png?w=1200 1200w\" sizes=\"auto, (max-width: 600px) 100vw, 600px\" \/><\/figure>\n\n\n\n<p><a href=\"https:\/\/revistaforum.com.br\/politica\/bolsonaro-imita-pessoa-com-falta-de-ar-em-live-enquanto-brasil-vive-colapso-e-falta-de-remedios\/\"><strong>Por Lucas Rocha, na revista F\u00f3rum \u2013<\/strong><\/a><strong>&nbsp;<\/strong>Em meio \u00e0 crise vivida no sistema de sa\u00fade por conta da pandemia de Covid-19, o presidente Jair Bolsonaro decidiu imitar uma pessoa com falta de ar para atacar o ex-ministro Henrique Mandetta. A \u201cimita\u00e7\u00e3o\u201d acontece diante de um colapso no sistema de sa\u00fade que pode terminar com a falta de medicamentos necess\u00e1rios para a intuba\u00e7\u00e3o com oxig\u00eanio.<\/p>\n\n\n\n<!--more-->\n\n\n\n<p>\u201cSe voc\u00ea come\u00e7ar a sentir um neg\u00f3cio esquisito l\u00e1, voc\u00ea segue a receita do ministro Mandetta. Voc\u00ea vai para casa, e quando voc\u00ea estiver l\u00e1\u2026 Ugh, Ugh, Ugh, com falta de ar, a\u00ed voc\u00ea vai para o hospital\u201d, disse o presidente, imitando uma pessoa se sufocando. A cena aconteceu durante a live semanal do ex-capit\u00e3o, nesta quinta-feira (18).<\/p>\n\n\n\n<p><a href=\"https:\/\/revistaforum.com.br\/politica\/bolsonaro-imita-pessoa-com-falta-de-ar-em-live-enquanto-brasil-vive-colapso-e-falta-de-remedios\/\">Leia mais na F\u00f3rum<\/a>, assista o v\u00eddeo e&nbsp;<a href=\"https:\/\/www.youtube.com\/channel\/UC_M1ek8fhnDkz5C2zfkTxpg\">inscreva-se no canal de cortes da TV 247<\/a>&nbsp;para saber mais sobre o genoc\u00eddio brasileiro:<\/p>\n\n\n\n<figure class=\"wp-block-embed-twitter wp-block-embed is-type-rich is-provider-twitter\"><div class=\"wp-block-embed__wrapper\">\n<blockquote class=\"twitter-tweet\" data-width=\"550\" data-dnt=\"true\"><p lang=\"pt\" dir=\"ltr\"><a href=\"https:\/\/twitter.com\/jairbolsonaro?ref_src=twsrc%5Etfw\">@jairbolsonaro<\/a> seu verme desgra\u00e7ado!<\/p>&mdash; JornalismoWando (@JornalismoWando) <a href=\"https:\/\/twitter.com\/JornalismoWando\/status\/1372713421804875784?ref_src=twsrc%5Etfw\">March 19, 2021<\/a><\/blockquote><script async src=\"https:\/\/platform.twitter.com\/widgets.js\" charset=\"utf-8\"><\/script>\n<\/div><\/figure>\n","protected":false},"excerpt":{"rendered":"<p>Por Lucas Rocha, na revista F\u00f3rum \u2013&nbsp;Em meio \u00e0 crise vivida no sistema de sa\u00fade por conta da pandemia de Covid-19, o presidente Jair Bolsonaro decidiu imitar uma pessoa com falta de ar para atacar o ex-ministro Henrique Mandetta. A \u201cimita\u00e7\u00e3o\u201d acontece diante de um colapso no sistema de sa\u00fade que pode terminar com a&#8230;<a class=\"more-link\" href=\"http:\/\/blogdalucianaoliveira.com.br\/blog\/2021\/03\/19\/bolsonaro-tem-atitude-monstruosa-e-ironiza-brasileiros-que-morrem-com-falta-de-ar-video\/\">Continue a leitura <span class=\"meta-nav\">&raquo;<\/span><\/a><\/p>\n","protected":false},"author":1,"featured_media":0,"comment_status":"closed","ping_status":"open","sticky":false,"template":"","format":"standard","meta":{"_exactmetrics_skip_tracking":false,"_exactmetrics_sitenote_active":false,"_exactmetrics_sitenote_note":"","_exactmetrics_sitenote_category":0,"jetpack_post_was_ever_published":false,"_jetpack_newsletter_access":"","_jetpack_dont_email_post_to_subs":false,"_jetpack_newsletter_tier_id":0,"_jetpack_memberships_contains_paywalled_content":false,"_jetpack_memberships_contains_paid_content":false,"footnotes":"","jetpack_publicize_message":"","jetpack_publicize_feature_enabled":true,"jetpack_social_post_already_shared":true,"jetpack_social_options":{"image_generator_settings":{"template":"highway","enabled":false},"version":2}},"categories":[1],"tags":[],"class_list":["post-31225","post","type-post","status-publish","format-standard","hentry","category-notas"],"jetpack_publicize_connections":[],"jetpack_sharing_enabled":true,"jetpack_featured_media_url":"","jetpack_shortlink":"https:\/\/wp.me\/p7wKYW-87D","jetpack-related-posts":[],"_links":{"self":[{"href":"http:\/\/blogdalucianaoliveira.com.br\/blog\/wp-json\/wp\/v2\/posts\/31225","targetHints":{"allow":["GET"]}}],"collection":[{"href":"http:\/\/blogdalucianaoliveira.com.br\/blog\/wp-json\/wp\/v2\/posts"}],"about":[{"href":"http:\/\/blogdalucianaoliveira.com.br\/blog\/wp-json\/wp\/v2\/types\/post"}],"author":[{"embeddable":true,"href":"http:\/\/blogdalucianaoliveira.com.br\/blog\/wp-json\/wp\/v2\/users\/1"}],"replies":[{"embeddable":true,"href":"http:\/\/blogdalucianaoliveira.com.br\/blog\/wp-json\/wp\/v2\/comments?post=31225"}],"version-history":[{"count":2,"href":"http:\/\/blogdalucianaoliveira.com.br\/blog\/wp-json\/wp\/v2\/posts\/31225\/revisions"}],"predecessor-version":[{"id":31228,"href":"http:\/\/blogdalucianaoliveira.com.br\/blog\/wp-json\/wp\/v2\/posts\/31225\/revisions\/31228"}],"wp:attachment":[{"href":"http:\/\/blogdalucianaoliveira.com.br\/blog\/wp-json\/wp\/v2\/media?parent=31225"}],"wp:term":[{"taxonomy":"category","embeddable":true,"href":"http:\/\/blogdalucianaoliveira.com.br\/blog\/wp-json\/wp\/v2\/categories?post=31225"},{"taxonomy":"post_tag","embeddable":true,"href":"http:\/\/blogdalucianaoliveira.com.br\/blog\/wp-json\/wp\/v2\/tags?post=31225"}],"curies":[{"name":"wp","href":"https:\/\/api.w.org\/{rel}","templated":true}]}}