{"id":31229,"date":"2021-03-19T10:09:25","date_gmt":"2021-03-19T14:09:25","guid":{"rendered":"http:\/\/blogdalucianaoliveira.com.br\/blog\/?p=31229"},"modified":"2021-03-19T10:09:31","modified_gmt":"2021-03-19T14:09:31","slug":"para-79-pandemia-de-coronavirus-esta-fora-do-controle-e-medo-e-recorde-mostra-datafolha","status":"publish","type":"post","link":"http:\/\/blogdalucianaoliveira.com.br\/blog\/2021\/03\/19\/para-79-pandemia-de-coronavirus-esta-fora-do-controle-e-medo-e-recorde-mostra-datafolha\/","title":{"rendered":"Para 79%, pandemia de coronav\u00edrus est\u00e1 fora do controle, e medo \u00e9 recorde, mostra Datafolha"},"content":{"rendered":"\n<figure class=\"wp-block-image size-large\"><img data-recalc-dims=\"1\" loading=\"lazy\" decoding=\"async\" width=\"600\" height=\"378\" data-attachment-id=\"31233\" data-permalink=\"http:\/\/blogdalucianaoliveira.com.br\/blog\/2021\/03\/19\/para-79-pandemia-de-coronavirus-esta-fora-do-controle-e-medo-e-recorde-mostra-datafolha\/21e648c1-4733-4bf9-a275-9baa2e53f606\/\" data-orig-file=\"https:\/\/i0.wp.com\/blogdalucianaoliveira.com.br\/blog\/wp-content\/uploads\/2021\/03\/21E648C1-4733-4BF9-A275-9BAA2E53F606.jpeg?fit=828%2C521\" data-orig-size=\"828,521\" data-comments-opened=\"0\" data-image-meta=\"{&quot;aperture&quot;:&quot;0&quot;,&quot;credit&quot;:&quot;&quot;,&quot;camera&quot;:&quot;&quot;,&quot;caption&quot;:&quot;&quot;,&quot;created_timestamp&quot;:&quot;0&quot;,&quot;copyright&quot;:&quot;&quot;,&quot;focal_length&quot;:&quot;0&quot;,&quot;iso&quot;:&quot;0&quot;,&quot;shutter_speed&quot;:&quot;0&quot;,&quot;title&quot;:&quot;&quot;,&quot;orientation&quot;:&quot;1&quot;}\" data-image-title=\"21E648C1-4733-4BF9-A275-9BAA2E53F606\" data-image-description=\"\" data-image-caption=\"\" data-medium-file=\"https:\/\/i0.wp.com\/blogdalucianaoliveira.com.br\/blog\/wp-content\/uploads\/2021\/03\/21E648C1-4733-4BF9-A275-9BAA2E53F606.jpeg?fit=300%2C189\" data-large-file=\"https:\/\/i0.wp.com\/blogdalucianaoliveira.com.br\/blog\/wp-content\/uploads\/2021\/03\/21E648C1-4733-4BF9-A275-9BAA2E53F606.jpeg?fit=600%2C378\" src=\"https:\/\/i0.wp.com\/blogdalucianaoliveira.com.br\/blog\/wp-content\/uploads\/2021\/03\/21E648C1-4733-4BF9-A275-9BAA2E53F606.jpeg?resize=600%2C378\" alt=\"\" class=\"wp-image-31233\" srcset=\"https:\/\/i0.wp.com\/blogdalucianaoliveira.com.br\/blog\/wp-content\/uploads\/2021\/03\/21E648C1-4733-4BF9-A275-9BAA2E53F606.jpeg?w=828 828w, https:\/\/i0.wp.com\/blogdalucianaoliveira.com.br\/blog\/wp-content\/uploads\/2021\/03\/21E648C1-4733-4BF9-A275-9BAA2E53F606.jpeg?resize=300%2C189 300w, https:\/\/i0.wp.com\/blogdalucianaoliveira.com.br\/blog\/wp-content\/uploads\/2021\/03\/21E648C1-4733-4BF9-A275-9BAA2E53F606.jpeg?resize=768%2C483 768w, https:\/\/i0.wp.com\/blogdalucianaoliveira.com.br\/blog\/wp-content\/uploads\/2021\/03\/21E648C1-4733-4BF9-A275-9BAA2E53F606.jpeg?resize=477%2C300 477w\" sizes=\"auto, (max-width: 600px) 100vw, 600px\" \/><\/figure>\n\n\n\n<p>Pesquisa coincide com colapso hospitalar pa\u00eds afora e registros di\u00e1rios de quase 3000 mortes por Covid.<\/p>\n\n\n\n<!--more-->\n\n\n\n<p><strong><a href=\"https:\/\/www1.folha.uol.com.br\/autores\/angela-pinho.shtml\">Angela Pinho<\/a><\/strong>, FSP<\/p>\n\n\n\n<p>No momento em que o sistema de sa\u00fade entra&nbsp;<a href=\"https:\/\/www1.folha.uol.com.br\/equilibrioesaude\/2021\/03\/utis-de-18-capitais-atingem-90-de-lotacao.shtml\">em colapso por todo o pa\u00eds<\/a>&nbsp;e o governo Bolsonaro anuncia&nbsp;<a href=\"https:\/\/www1.folha.uol.com.br\/equilibrioesaude\/2021\/03\/cardiologista-marcelo-queiroga-e-convidado-para-ser-ministro-da-saude.shtml\">seu quarto ministro da \u00e1rea<\/a>, o medo de pegar o coronav\u00edrus e a percep\u00e7\u00e3o de que a pandemia est\u00e1 fora de controle atingem n\u00edveis recordes.<\/p>\n\n\n\n<p>Pesquisa Datafolha mostra que 79% dos brasileiros acham que a pandemia est\u00e1 sem controle, ante 62% que manifestavam essa opini\u00e3o em janeiro.<\/p>\n\n\n\n<p>Outros 18% dizem que a situa\u00e7\u00e3o est\u00e1 parcialmente controlada, 2% que est\u00e1 totalmente controlada, e 1% n\u00e3o sabe.<\/p>\n\n\n\n<figure class=\"wp-block-image size-large\"><img data-recalc-dims=\"1\" loading=\"lazy\" decoding=\"async\" width=\"600\" height=\"593\" data-attachment-id=\"31230\" data-permalink=\"http:\/\/blogdalucianaoliveira.com.br\/blog\/2021\/03\/19\/para-79-pandemia-de-coronavirus-esta-fora-do-controle-e-medo-e-recorde-mostra-datafolha\/43787477-188e-4184-82a7-62b30fbed136\/\" data-orig-file=\"https:\/\/i0.wp.com\/blogdalucianaoliveira.com.br\/blog\/wp-content\/uploads\/2021\/03\/43787477-188E-4184-82A7-62B30FBED136.jpeg?fit=828%2C819\" data-orig-size=\"828,819\" data-comments-opened=\"0\" data-image-meta=\"{&quot;aperture&quot;:&quot;0&quot;,&quot;credit&quot;:&quot;&quot;,&quot;camera&quot;:&quot;&quot;,&quot;caption&quot;:&quot;&quot;,&quot;created_timestamp&quot;:&quot;0&quot;,&quot;copyright&quot;:&quot;&quot;,&quot;focal_length&quot;:&quot;0&quot;,&quot;iso&quot;:&quot;0&quot;,&quot;shutter_speed&quot;:&quot;0&quot;,&quot;title&quot;:&quot;&quot;,&quot;orientation&quot;:&quot;1&quot;}\" data-image-title=\"43787477-188E-4184-82A7-62B30FBED136\" data-image-description=\"\" data-image-caption=\"\" data-medium-file=\"https:\/\/i0.wp.com\/blogdalucianaoliveira.com.br\/blog\/wp-content\/uploads\/2021\/03\/43787477-188E-4184-82A7-62B30FBED136.jpeg?fit=300%2C297\" data-large-file=\"https:\/\/i0.wp.com\/blogdalucianaoliveira.com.br\/blog\/wp-content\/uploads\/2021\/03\/43787477-188E-4184-82A7-62B30FBED136.jpeg?fit=600%2C593\" src=\"https:\/\/i0.wp.com\/blogdalucianaoliveira.com.br\/blog\/wp-content\/uploads\/2021\/03\/43787477-188E-4184-82A7-62B30FBED136.jpeg?resize=600%2C593\" alt=\"\" class=\"wp-image-31230\" srcset=\"https:\/\/i0.wp.com\/blogdalucianaoliveira.com.br\/blog\/wp-content\/uploads\/2021\/03\/43787477-188E-4184-82A7-62B30FBED136.jpeg?w=828 828w, https:\/\/i0.wp.com\/blogdalucianaoliveira.com.br\/blog\/wp-content\/uploads\/2021\/03\/43787477-188E-4184-82A7-62B30FBED136.jpeg?resize=300%2C297 300w, https:\/\/i0.wp.com\/blogdalucianaoliveira.com.br\/blog\/wp-content\/uploads\/2021\/03\/43787477-188E-4184-82A7-62B30FBED136.jpeg?resize=768%2C760 768w, https:\/\/i0.wp.com\/blogdalucianaoliveira.com.br\/blog\/wp-content\/uploads\/2021\/03\/43787477-188E-4184-82A7-62B30FBED136.jpeg?resize=303%2C300 303w\" sizes=\"auto, (max-width: 600px) 100vw, 600px\" \/><\/figure>\n\n\n\n<p>O levantamento, com margem de erro de dois pontos percentuais, foi feito por telefone com 2.023 pessoas de todos os estados do pa\u00eds nos dias 15 e 16 de mar\u00e7o.<\/p>\n\n\n\n<p>No domingo (14), as movimenta\u00e7\u00f5es para a substitui\u00e7\u00e3o do general Eduardo Pazuello do posto de ministro da Sa\u00fade ganharam for\u00e7a, com a ida da m\u00e9dica&nbsp;<a href=\"https:\/\/www1.folha.uol.com.br\/colunas\/painel\/2021\/03\/nao-tenho-vinculo-partidario-e-nao-sou-ligada-politicamente-a-ninguem-sou-medica-diz-ludhmila-hajjar.shtml\">Ludhmila Hajjar<\/a>&nbsp;a Bras\u00edlia para uma conversa com o presidente Jair Bolsonaro.<\/p>\n\n\n\n<p>Ela acabou por recusar o cargo, e a troca foi efetivada na segunda-feira, com&nbsp;<a href=\"https:\/\/www1.folha.uol.com.br\/equilibrioesaude\/2021\/03\/politica-e-do-governo-bolsonaro-nao-do-ministro-da-saude-diz-marcelo-queiroga.shtml\">o cardiologista Marcelo Queiroga no lugar de Pazuello<\/a>, desgastado ap\u00f3s a&nbsp;<a href=\"https:\/\/www1.folha.uol.com.br\/equilibrioesaude\/2021\/03\/onze-indicios-reforcam-que-pazuello-e-cupula-da-saude-sabiam-de-escassez-de-oxigenio-e-se-omitiram.shtml\">crise da falta de oxig\u00eanio em Manaus<\/a>&nbsp;e atrasos e&nbsp;<a href=\"https:\/\/www1.folha.uol.com.br\/colunas\/painel\/2021\/02\/amazonas-recebe-76-mil-vacinas-a-menos-e-secretarios-falam-em-confusao-de-pazuello.shtml\">falhas log\u00edsticas<\/a>&nbsp;na distribui\u00e7\u00e3o de vacinas.<\/p>\n\n\n\n<p>Queiroga assume em meio a uma r\u00e1pida e tr\u00e1gica escalada de mortes pela Covid-19. Nesta quinta-feira (18), o pa\u00eds completou&nbsp;<a href=\"https:\/\/www1.folha.uol.com.br\/equilibrioesaude\/2021\/03\/brasil-tem-2736-mortes-por-covid-em-24-h-e-media-movel-de-obitos-ja-passa-de-2000-obitos-por-dia.shtml\">20 dias seguidos de recordes<\/a>&nbsp;na m\u00e9dia m\u00f3vel de \u00f3bitos, que chegou a 2.096.<\/p>\n\n\n\n<p>Desde o in\u00edcio da pandemia, quase 288 mil brasileiros j\u00e1 morreram pela doen\u00e7a.<\/p>\n\n\n\n<p>Em meio \u00e0s not\u00edcias sobre falta de leitos para pacientes em diversas partes do pa\u00eds, a parcela da popula\u00e7\u00e3o com temor de se infectar pelo v\u00edrus alcan\u00e7ou n\u00edvel recorde.<\/p>\n\n\n\n<p>A pesquisa Datafolha mostra que 55% dos entrevistados declaram ter muito medo, enquanto o levantamento anterior, de janeiro, registrou 44%. Outros 27% t\u00eam um pouco de medo, 12% n\u00e3o t\u00eam, e 7% relataram j\u00e1 ter contra\u00eddo a doen\u00e7a.<\/p>\n\n\n\n<figure class=\"wp-block-image size-large\"><img data-recalc-dims=\"1\" loading=\"lazy\" decoding=\"async\" width=\"600\" height=\"600\" data-attachment-id=\"31231\" data-permalink=\"http:\/\/blogdalucianaoliveira.com.br\/blog\/2021\/03\/19\/para-79-pandemia-de-coronavirus-esta-fora-do-controle-e-medo-e-recorde-mostra-datafolha\/89b2e68d-d4ab-4ea2-9233-73d5e8374c21\/\" data-orig-file=\"https:\/\/i0.wp.com\/blogdalucianaoliveira.com.br\/blog\/wp-content\/uploads\/2021\/03\/89B2E68D-D4AB-4EA2-9233-73D5E8374C21.jpeg?fit=828%2C828\" data-orig-size=\"828,828\" data-comments-opened=\"0\" data-image-meta=\"{&quot;aperture&quot;:&quot;0&quot;,&quot;credit&quot;:&quot;&quot;,&quot;camera&quot;:&quot;&quot;,&quot;caption&quot;:&quot;&quot;,&quot;created_timestamp&quot;:&quot;0&quot;,&quot;copyright&quot;:&quot;&quot;,&quot;focal_length&quot;:&quot;0&quot;,&quot;iso&quot;:&quot;0&quot;,&quot;shutter_speed&quot;:&quot;0&quot;,&quot;title&quot;:&quot;&quot;,&quot;orientation&quot;:&quot;1&quot;}\" data-image-title=\"89B2E68D-D4AB-4EA2-9233-73D5E8374C21\" data-image-description=\"\" data-image-caption=\"\" data-medium-file=\"https:\/\/i0.wp.com\/blogdalucianaoliveira.com.br\/blog\/wp-content\/uploads\/2021\/03\/89B2E68D-D4AB-4EA2-9233-73D5E8374C21.jpeg?fit=300%2C300\" data-large-file=\"https:\/\/i0.wp.com\/blogdalucianaoliveira.com.br\/blog\/wp-content\/uploads\/2021\/03\/89B2E68D-D4AB-4EA2-9233-73D5E8374C21.jpeg?fit=600%2C600\" src=\"https:\/\/i0.wp.com\/blogdalucianaoliveira.com.br\/blog\/wp-content\/uploads\/2021\/03\/89B2E68D-D4AB-4EA2-9233-73D5E8374C21.jpeg?resize=600%2C600\" alt=\"\" class=\"wp-image-31231\" srcset=\"https:\/\/i0.wp.com\/blogdalucianaoliveira.com.br\/blog\/wp-content\/uploads\/2021\/03\/89B2E68D-D4AB-4EA2-9233-73D5E8374C21.jpeg?w=828 828w, https:\/\/i0.wp.com\/blogdalucianaoliveira.com.br\/blog\/wp-content\/uploads\/2021\/03\/89B2E68D-D4AB-4EA2-9233-73D5E8374C21.jpeg?resize=300%2C300 300w, https:\/\/i0.wp.com\/blogdalucianaoliveira.com.br\/blog\/wp-content\/uploads\/2021\/03\/89B2E68D-D4AB-4EA2-9233-73D5E8374C21.jpeg?resize=150%2C150 150w, https:\/\/i0.wp.com\/blogdalucianaoliveira.com.br\/blog\/wp-content\/uploads\/2021\/03\/89B2E68D-D4AB-4EA2-9233-73D5E8374C21.jpeg?resize=768%2C768 768w\" sizes=\"auto, (max-width: 600px) 100vw, 600px\" \/><\/figure>\n\n\n\n<p>Diz ter muito medo uma parcela mais expressiva das mulheres (61% ante 48% dos homens), dos mais velhos (58% da faixa et\u00e1ria com 45 anos ou mais, ante 48% dos de 16 a 24) e moradores do Nordeste (61% contra 44% da regi\u00e3o Sul).<\/p>\n\n\n\n<p>Mas mesmo entre os homens houve aumento significativo entre os que manifestaram ter muito temor da doen\u00e7a: de 33% no levantamento em janeiro, essa parcela foi para 48% entre eles. Entre elas, passou de 55% para 61%.<\/p>\n\n\n\n<p>Tamb\u00e9m passou a declarar muito medo uma parcela maior dos segmentos de jovens de 16 a 24 anos (foi de 34% para 48%) e dos mais ricos, com renda mensal de mais de dez sal\u00e1rios m\u00ednimos (passou de 41% para 55%).<\/p>\n\n\n\n<p>Esses estratos t\u00eam sido particularmente afetados na atual fase da pandemia. Na esteira de aglomera\u00e7\u00f5es no final do ano e no Carnaval, m\u00e9dicos t\u00eam observado uma&nbsp;<a href=\"https:\/\/www1.folha.uol.com.br\/equilibrioesaude\/2021\/02\/com-hospitais-lotados-por-covid-mais-pacientes-jovens-e-graves-ocupam-utis.shtml\">presen\u00e7a maior de pacientes jovens<\/a>&nbsp;nas UTIs.<\/p>\n\n\n\n<p>Em um cen\u00e1rio de esgotamento generalizado da capacidade de atendimento, o acesso a plano de sa\u00fade n\u00e3o \u00e9 mais suficiente para garantir atendimento. Hospitais privados de ponta t\u00eam unidades lotadas, e parte deles j\u00e1&nbsp;<a href=\"https:\/\/agora.folha.uol.com.br\/sao-paulo\/2021\/03\/lotados-hospitais-privados-solicitam-30-vagas-no-sus-em-sao-paulo-diz-secretario.shtml\">chegou a pedir leitos para o SUS<\/a>&nbsp;em S\u00e3o Paulo.<\/p>\n\n\n\n<p>O colapso na sa\u00fade no pa\u00eds contrasta com cenas de aglomera\u00e7\u00f5es e&nbsp;<a href=\"https:\/\/www1.folha.uol.com.br\/equilibrioesaude\/2021\/03\/gabigol-e-mc-gui-sao-flagrados-em-cassino-de-luxo-de-sp-em-acao-contra-aglomeracao.shtml\">eventos clandestinos<\/a>. Em S\u00e3o Paulo, onde j\u00e1 se registra morte por falta de leito de UTI, o \u00edndice de de isolamento social estava em 43% na quarta-feira (17), longe da meta do governo paulista de 50%.<\/p>\n\n\n\n<p>A pesquisa Datafolha mostra que a n\u00e3o ado\u00e7\u00e3o de distanciamento n\u00e3o decorre necessariamente de desconhecimento sobre a gravidade da pandemia.<\/p>\n\n\n\n<p>A percep\u00e7\u00e3o de que a dissemina\u00e7\u00e3o da doen\u00e7a est\u00e1 fora de controle \u00e9 majorit\u00e1ria mesmo entre os que est\u00e3o vivendo normalmente, sem nenhuma medida extra de isolamento.<\/p>\n\n\n\n<p>Nessa parcela da popula\u00e7\u00e3o, a maioria ou tem muito medo (26%) ou um pouco de medo (29%) de contrair a Covid-19. J\u00e1 34% declaram n\u00e3o ter receio.<\/p>\n\n\n\n<p>Consenso entre especialistas para frear um v\u00edrus&nbsp;<a href=\"https:\/\/www1.folha.uol.com.br\/equilibrioesaude\/2021\/03\/priorizem-mascara-distanciamento-e-ventilacao-e-nao-limpeza-de-superficies-pedem-cientistas.shtml\">transmitido principalmente por got\u00edculas de saliva e aeross\u00f3is<\/a>, o isolamento social vem sendo combatido pelo presidente Jair Bolsonaro (sem partido) desde o in\u00edcio da pandemia, com aglomera\u00e7\u00f5es e falas nesse sentido.<\/p>\n\n\n\n<p>Ele chamou de histeria, mimimi e fantasia a rea\u00e7\u00e3o ao v\u00edrus. \u201cV\u00e3o ficar chorando at\u00e9 quando?\u201d, indagou no in\u00edcio do m\u00eas.<\/p>\n\n\n\n<p>A alternativa mais eficiente ao distanciamento social \u00e9 a vacina\u00e7\u00e3o, que patina no pa\u00eds. Al\u00e9m da demora em firmar contratos com fornecedores, o governo Bolsonaro&nbsp;<a href=\"https:\/\/www1.folha.uol.com.br\/equilibrioesaude\/2021\/03\/em-8-dias-pazuello-reduz-previsao-de-vacinas-pela-quinta-vez.shtml\">j\u00e1 adiou sucessivas vezes o cronograma de aplica\u00e7\u00e3o<\/a>&nbsp;dos imunizantes j\u00e1 aprovados na Anvisa (Ag\u00eancia Nacional de Vigil\u00e2ncia Sanit\u00e1ria).<\/p>\n\n\n\n<p>N\u00e3o por acaso, a percep\u00e7\u00e3o de que a pandemia est\u00e1 fora do controle \u00e9 mais alta entre os que reprovam o governo Bolsonaro (94%) e entre os que n\u00e3o confiam em suas declara\u00e7\u00f5es (93%).<\/p>\n\n\n\n<p>\u00c9 maior tamb\u00e9m entre mulheres (85%, contra 73% entre os homens) e entre os mais pobres (82% ante 69% dos mais ricos).<\/p>\n\n\n\n<p>Considerando-se a religi\u00e3o, a parcela dos entrevistados pelo Datafolha que declara ter muito medo de pegar a Covid \u00e9 maior entre os cat\u00f3licos (61%) do que entre os evang\u00e9licos (45%). J\u00e1 a percep\u00e7\u00e3o de que a pandemia est\u00e1 fora de controle n\u00e3o varia tanto entre os dois grupos \u2014fica em 81% e 76%, respectivamente.<\/p>\n\n\n\n<figure class=\"wp-block-image size-large\"><img loading=\"lazy\" decoding=\"async\" width=\"800\" height=\"1358\" data-attachment-id=\"31232\" data-permalink=\"http:\/\/blogdalucianaoliveira.com.br\/blog\/2021\/03\/19\/para-79-pandemia-de-coronavirus-esta-fora-do-controle-e-medo-e-recorde-mostra-datafolha\/dd1223f9-7de5-48ee-970c-531a1d5f6f8b\/\" data-orig-file=\"https:\/\/i0.wp.com\/blogdalucianaoliveira.com.br\/blog\/wp-content\/uploads\/2021\/03\/DD1223F9-7DE5-48EE-970C-531A1D5F6F8B.jpeg?fit=800%2C1358\" data-orig-size=\"800,1358\" data-comments-opened=\"0\" data-image-meta=\"{&quot;aperture&quot;:&quot;0&quot;,&quot;credit&quot;:&quot;&quot;,&quot;camera&quot;:&quot;&quot;,&quot;caption&quot;:&quot;&quot;,&quot;created_timestamp&quot;:&quot;0&quot;,&quot;copyright&quot;:&quot;&quot;,&quot;focal_length&quot;:&quot;0&quot;,&quot;iso&quot;:&quot;0&quot;,&quot;shutter_speed&quot;:&quot;0&quot;,&quot;title&quot;:&quot;&quot;,&quot;orientation&quot;:&quot;1&quot;}\" data-image-title=\"DD1223F9-7DE5-48EE-970C-531A1D5F6F8B\" data-image-description=\"\" data-image-caption=\"\" data-medium-file=\"https:\/\/i0.wp.com\/blogdalucianaoliveira.com.br\/blog\/wp-content\/uploads\/2021\/03\/DD1223F9-7DE5-48EE-970C-531A1D5F6F8B.jpeg?fit=177%2C300\" data-large-file=\"https:\/\/i0.wp.com\/blogdalucianaoliveira.com.br\/blog\/wp-content\/uploads\/2021\/03\/DD1223F9-7DE5-48EE-970C-531A1D5F6F8B.jpeg?fit=600%2C1019\" src=\"https:\/\/i1.wp.com\/blogdalucianaoliveira.com.br\/blog\/wp-content\/uploads\/2021\/03\/DD1223F9-7DE5-48EE-970C-531A1D5F6F8B.jpeg?fit=600%2C1019\" alt=\"\" class=\"wp-image-31232\" srcset=\"https:\/\/i0.wp.com\/blogdalucianaoliveira.com.br\/blog\/wp-content\/uploads\/2021\/03\/DD1223F9-7DE5-48EE-970C-531A1D5F6F8B.jpeg?w=800 800w, https:\/\/i0.wp.com\/blogdalucianaoliveira.com.br\/blog\/wp-content\/uploads\/2021\/03\/DD1223F9-7DE5-48EE-970C-531A1D5F6F8B.jpeg?resize=177%2C300 177w, https:\/\/i0.wp.com\/blogdalucianaoliveira.com.br\/blog\/wp-content\/uploads\/2021\/03\/DD1223F9-7DE5-48EE-970C-531A1D5F6F8B.jpeg?resize=603%2C1024 603w, https:\/\/i0.wp.com\/blogdalucianaoliveira.com.br\/blog\/wp-content\/uploads\/2021\/03\/DD1223F9-7DE5-48EE-970C-531A1D5F6F8B.jpeg?resize=768%2C1304 768w\" sizes=\"auto, (max-width: 600px) 100vw, 600px\" \/><\/figure>\n\n\n\n<p>Diante do pior momento da pandemia e da possibilidade concreta de enfrentar o ex-presidente Luiz In\u00e1cio Lula da Silva (PT) na disputa eleitoral de 2022, Bolsonaro agora ensaia discurso a favor da vacina\u00e7\u00e3o em massa,\u00a0<a href=\"https:\/\/www1.folha.uol.com.br\/poder\/2021\/03\/relembre-ataques-de-bolsonaro-contra-vacinas-e-veja-como-ele-agora-tenta-esconder-essas-investidas.shtml\">contrariando diversas declara\u00e7\u00f5es<\/a>\u00a0pelas quais colocou em d\u00favida a confiabilidade dos imunizantes.<\/p>\n","protected":false},"excerpt":{"rendered":"<p>Pesquisa coincide com colapso hospitalar pa\u00eds afora e registros di\u00e1rios de quase 3000 mortes por Covid.<\/p>\n","protected":false},"author":1,"featured_media":0,"comment_status":"closed","ping_status":"open","sticky":false,"template":"","format":"standard","meta":{"_exactmetrics_skip_tracking":false,"_exactmetrics_sitenote_active":false,"_exactmetrics_sitenote_note":"","_exactmetrics_sitenote_category":0,"jetpack_post_was_ever_published":false,"_jetpack_newsletter_access":"","_jetpack_dont_email_post_to_subs":false,"_jetpack_newsletter_tier_id":0,"_jetpack_memberships_contains_paywalled_content":false,"_jetpack_memberships_contains_paid_content":false,"footnotes":"","jetpack_publicize_message":"","jetpack_publicize_feature_enabled":true,"jetpack_social_post_already_shared":true,"jetpack_social_options":{"image_generator_settings":{"template":"highway","enabled":false},"version":2}},"categories":[1],"tags":[],"class_list":["post-31229","post","type-post","status-publish","format-standard","hentry","category-notas"],"jetpack_publicize_connections":[],"jetpack_sharing_enabled":true,"jetpack_featured_media_url":"","jetpack_shortlink":"https:\/\/wp.me\/p7wKYW-87H","jetpack-related-posts":[],"_links":{"self":[{"href":"http:\/\/blogdalucianaoliveira.com.br\/blog\/wp-json\/wp\/v2\/posts\/31229","targetHints":{"allow":["GET"]}}],"collection":[{"href":"http:\/\/blogdalucianaoliveira.com.br\/blog\/wp-json\/wp\/v2\/posts"}],"about":[{"href":"http:\/\/blogdalucianaoliveira.com.br\/blog\/wp-json\/wp\/v2\/types\/post"}],"author":[{"embeddable":true,"href":"http:\/\/blogdalucianaoliveira.com.br\/blog\/wp-json\/wp\/v2\/users\/1"}],"replies":[{"embeddable":true,"href":"http:\/\/blogdalucianaoliveira.com.br\/blog\/wp-json\/wp\/v2\/comments?post=31229"}],"version-history":[{"count":1,"href":"http:\/\/blogdalucianaoliveira.com.br\/blog\/wp-json\/wp\/v2\/posts\/31229\/revisions"}],"predecessor-version":[{"id":31234,"href":"http:\/\/blogdalucianaoliveira.com.br\/blog\/wp-json\/wp\/v2\/posts\/31229\/revisions\/31234"}],"wp:attachment":[{"href":"http:\/\/blogdalucianaoliveira.com.br\/blog\/wp-json\/wp\/v2\/media?parent=31229"}],"wp:term":[{"taxonomy":"category","embeddable":true,"href":"http:\/\/blogdalucianaoliveira.com.br\/blog\/wp-json\/wp\/v2\/categories?post=31229"},{"taxonomy":"post_tag","embeddable":true,"href":"http:\/\/blogdalucianaoliveira.com.br\/blog\/wp-json\/wp\/v2\/tags?post=31229"}],"curies":[{"name":"wp","href":"https:\/\/api.w.org\/{rel}","templated":true}]}}