{"id":31235,"date":"2021-03-19T10:17:04","date_gmt":"2021-03-19T14:17:04","guid":{"rendered":"http:\/\/blogdalucianaoliveira.com.br\/blog\/?p=31235"},"modified":"2021-03-19T10:17:09","modified_gmt":"2021-03-19T14:17:09","slug":"bolsonaro-mostra-a-intencao-de-matar-ao-ir-ao-stf-contra-o-isolamento-diz-solnik","status":"publish","type":"post","link":"http:\/\/blogdalucianaoliveira.com.br\/blog\/2021\/03\/19\/bolsonaro-mostra-a-intencao-de-matar-ao-ir-ao-stf-contra-o-isolamento-diz-solnik\/","title":{"rendered":"\u201cBolsonaro mostra a inten\u00e7\u00e3o de matar ao ir ao STF contra o isolamento\u201d, diz Solnik"},"content":{"rendered":"\n<figure class=\"wp-block-image size-large\"><img data-recalc-dims=\"1\" loading=\"lazy\" decoding=\"async\" width=\"475\" height=\"235\" data-attachment-id=\"31236\" data-permalink=\"http:\/\/blogdalucianaoliveira.com.br\/blog\/2021\/03\/19\/bolsonaro-mostra-a-intencao-de-matar-ao-ir-ao-stf-contra-o-isolamento-diz-solnik\/5d0b11db-262f-456b-9af8-1c73d9244d32\/\" data-orig-file=\"https:\/\/i0.wp.com\/blogdalucianaoliveira.com.br\/blog\/wp-content\/uploads\/2021\/03\/5D0B11DB-262F-456B-9AF8-1C73D9244D32.jpeg?fit=475%2C235\" data-orig-size=\"475,235\" data-comments-opened=\"0\" data-image-meta=\"{&quot;aperture&quot;:&quot;0&quot;,&quot;credit&quot;:&quot;&quot;,&quot;camera&quot;:&quot;&quot;,&quot;caption&quot;:&quot;&quot;,&quot;created_timestamp&quot;:&quot;0&quot;,&quot;copyright&quot;:&quot;&quot;,&quot;focal_length&quot;:&quot;0&quot;,&quot;iso&quot;:&quot;0&quot;,&quot;shutter_speed&quot;:&quot;0&quot;,&quot;title&quot;:&quot;&quot;,&quot;orientation&quot;:&quot;0&quot;}\" data-image-title=\"5D0B11DB-262F-456B-9AF8-1C73D9244D32\" data-image-description=\"\" data-image-caption=\"\" data-medium-file=\"https:\/\/i0.wp.com\/blogdalucianaoliveira.com.br\/blog\/wp-content\/uploads\/2021\/03\/5D0B11DB-262F-456B-9AF8-1C73D9244D32.jpeg?fit=300%2C148\" data-large-file=\"https:\/\/i0.wp.com\/blogdalucianaoliveira.com.br\/blog\/wp-content\/uploads\/2021\/03\/5D0B11DB-262F-456B-9AF8-1C73D9244D32.jpeg?fit=475%2C235\" src=\"https:\/\/i0.wp.com\/blogdalucianaoliveira.com.br\/blog\/wp-content\/uploads\/2021\/03\/5D0B11DB-262F-456B-9AF8-1C73D9244D32.jpeg?resize=475%2C235\" alt=\"\" class=\"wp-image-31236\" srcset=\"https:\/\/i0.wp.com\/blogdalucianaoliveira.com.br\/blog\/wp-content\/uploads\/2021\/03\/5D0B11DB-262F-456B-9AF8-1C73D9244D32.jpeg?w=475 475w, https:\/\/i0.wp.com\/blogdalucianaoliveira.com.br\/blog\/wp-content\/uploads\/2021\/03\/5D0B11DB-262F-456B-9AF8-1C73D9244D32.jpeg?resize=300%2C148 300w\" sizes=\"auto, (max-width: 475px) 100vw, 475px\" \/><\/figure>\n\n\n\n<p><strong>247 &#8211;\u00a0<\/strong>O jornalista Alex Solnik, em participa\u00e7\u00e3o no programa Bom Dia 247 desta sexta-feira (19), avalia que a iniciativa de Jair Bolsonaro questionar junto ao Supremo Tribunal Federal (STF) os decretos estaduais de isolamento social para conter o avan\u00e7o da pandemia de Covid-19 demonstra que &#8220;a inten\u00e7\u00e3o dele. A inten\u00e7\u00e3o de matar\u201d. \u00a0<\/p>\n\n\n\n<!--more-->\n\n\n\n<p>\u201c\u00c9 absurdo. Evidentemente que ele (Bolsonaro) vai perder. \u00a0\u00c9 uma prova do genoc\u00eddio dele. O mundo todo, os cientistas sabem que h\u00e1 tr\u00eas coisas a fazer: tomar os cuidados, lockdown e vacina. Se ele vai ao STF contra o lockdown, isso mostra a inten\u00e7\u00e3o dele. A inten\u00e7\u00e3o de matar. Evidentemente que o STF n\u00e3o vai aprovar uma coisa destas\u201d, disse Solnik.\u00a0<\/p>\n\n\n\n<p>Nesta quinta-feira (18),&nbsp;<a target=\"_blank\" rel=\"noreferrer noopener\" href=\"https:\/\/www.brasil247.com\/brasil\/bolsonaro-vai-ao-stf-contra-governadores-que-estabeleceram-medidas-restritivas-contra-a-covid-19-5dxlvmi5\">Jair Bolsonaro afirmou, em live nas redes sociais, que entrou com uma a\u00e7\u00e3o junto ao STF<\/a>&nbsp;contra os decretos de governadores que aumentaram medidas restritivas para conter o avan\u00e7o da pandemia.&nbsp;<\/p>\n","protected":false},"excerpt":{"rendered":"<p>247 &#8211;\u00a0O jornalista Alex Solnik, em participa\u00e7\u00e3o no programa Bom Dia 247 desta sexta-feira (19), avalia que a iniciativa de Jair Bolsonaro questionar junto ao Supremo Tribunal Federal (STF) os decretos estaduais de isolamento social para conter o avan\u00e7o da pandemia de Covid-19 demonstra que &#8220;a inten\u00e7\u00e3o dele. A inten\u00e7\u00e3o de matar\u201d. \u00a0<\/p>\n","protected":false},"author":1,"featured_media":0,"comment_status":"closed","ping_status":"open","sticky":false,"template":"","format":"standard","meta":{"_exactmetrics_skip_tracking":false,"_exactmetrics_sitenote_active":false,"_exactmetrics_sitenote_note":"","_exactmetrics_sitenote_category":0,"jetpack_post_was_ever_published":false,"_jetpack_newsletter_access":"","_jetpack_dont_email_post_to_subs":false,"_jetpack_newsletter_tier_id":0,"_jetpack_memberships_contains_paywalled_content":false,"_jetpack_memberships_contains_paid_content":false,"footnotes":"","jetpack_publicize_message":"","jetpack_publicize_feature_enabled":true,"jetpack_social_post_already_shared":true,"jetpack_social_options":{"image_generator_settings":{"template":"highway","enabled":false},"version":2}},"categories":[1],"tags":[53,422,30],"class_list":["post-31235","post","type-post","status-publish","format-standard","hentry","category-notas","tag-bolsonaro","tag-genocida","tag-stf"],"jetpack_publicize_connections":[],"jetpack_sharing_enabled":true,"jetpack_featured_media_url":"","jetpack_shortlink":"https:\/\/wp.me\/p7wKYW-87N","jetpack-related-posts":[],"_links":{"self":[{"href":"http:\/\/blogdalucianaoliveira.com.br\/blog\/wp-json\/wp\/v2\/posts\/31235","targetHints":{"allow":["GET"]}}],"collection":[{"href":"http:\/\/blogdalucianaoliveira.com.br\/blog\/wp-json\/wp\/v2\/posts"}],"about":[{"href":"http:\/\/blogdalucianaoliveira.com.br\/blog\/wp-json\/wp\/v2\/types\/post"}],"author":[{"embeddable":true,"href":"http:\/\/blogdalucianaoliveira.com.br\/blog\/wp-json\/wp\/v2\/users\/1"}],"replies":[{"embeddable":true,"href":"http:\/\/blogdalucianaoliveira.com.br\/blog\/wp-json\/wp\/v2\/comments?post=31235"}],"version-history":[{"count":1,"href":"http:\/\/blogdalucianaoliveira.com.br\/blog\/wp-json\/wp\/v2\/posts\/31235\/revisions"}],"predecessor-version":[{"id":31237,"href":"http:\/\/blogdalucianaoliveira.com.br\/blog\/wp-json\/wp\/v2\/posts\/31235\/revisions\/31237"}],"wp:attachment":[{"href":"http:\/\/blogdalucianaoliveira.com.br\/blog\/wp-json\/wp\/v2\/media?parent=31235"}],"wp:term":[{"taxonomy":"category","embeddable":true,"href":"http:\/\/blogdalucianaoliveira.com.br\/blog\/wp-json\/wp\/v2\/categories?post=31235"},{"taxonomy":"post_tag","embeddable":true,"href":"http:\/\/blogdalucianaoliveira.com.br\/blog\/wp-json\/wp\/v2\/tags?post=31235"}],"curies":[{"name":"wp","href":"https:\/\/api.w.org\/{rel}","templated":true}]}}