{"id":31238,"date":"2021-03-19T10:37:44","date_gmt":"2021-03-19T14:37:44","guid":{"rendered":"http:\/\/blogdalucianaoliveira.com.br\/blog\/?p=31238"},"modified":"2021-03-19T10:37:50","modified_gmt":"2021-03-19T14:37:50","slug":"apos-prisao-de-manifestantes-nova-faixa-e-erguida-no-planalto-bolsonaro-genocida","status":"publish","type":"post","link":"http:\/\/blogdalucianaoliveira.com.br\/blog\/2021\/03\/19\/apos-prisao-de-manifestantes-nova-faixa-e-erguida-no-planalto-bolsonaro-genocida\/","title":{"rendered":"Ap\u00f3s pris\u00e3o de manifestantes, nova faixa \u00e9 erguida no Planalto: Bolsonaro genocida"},"content":{"rendered":"\n<figure class=\"wp-block-image size-large\"><img loading=\"lazy\" decoding=\"async\" width=\"1250\" height=\"600\" data-attachment-id=\"31239\" data-permalink=\"http:\/\/blogdalucianaoliveira.com.br\/blog\/2021\/03\/19\/apos-prisao-de-manifestantes-nova-faixa-e-erguida-no-planalto-bolsonaro-genocida\/c85f5a0b-8aba-4c6b-9716-23d02717932c\/\" data-orig-file=\"https:\/\/i0.wp.com\/blogdalucianaoliveira.com.br\/blog\/wp-content\/uploads\/2021\/03\/C85F5A0B-8ABA-4C6B-9716-23D02717932C.jpeg?fit=1250%2C600\" data-orig-size=\"1250,600\" data-comments-opened=\"0\" data-image-meta=\"{&quot;aperture&quot;:&quot;0&quot;,&quot;credit&quot;:&quot;&quot;,&quot;camera&quot;:&quot;&quot;,&quot;caption&quot;:&quot;&quot;,&quot;created_timestamp&quot;:&quot;0&quot;,&quot;copyright&quot;:&quot;&quot;,&quot;focal_length&quot;:&quot;0&quot;,&quot;iso&quot;:&quot;0&quot;,&quot;shutter_speed&quot;:&quot;0&quot;,&quot;title&quot;:&quot;&quot;,&quot;orientation&quot;:&quot;0&quot;}\" data-image-title=\"C85F5A0B-8ABA-4C6B-9716-23D02717932C\" data-image-description=\"\" data-image-caption=\"\" data-medium-file=\"https:\/\/i0.wp.com\/blogdalucianaoliveira.com.br\/blog\/wp-content\/uploads\/2021\/03\/C85F5A0B-8ABA-4C6B-9716-23D02717932C.jpeg?fit=300%2C144\" data-large-file=\"https:\/\/i0.wp.com\/blogdalucianaoliveira.com.br\/blog\/wp-content\/uploads\/2021\/03\/C85F5A0B-8ABA-4C6B-9716-23D02717932C.jpeg?fit=600%2C288\" src=\"https:\/\/i2.wp.com\/blogdalucianaoliveira.com.br\/blog\/wp-content\/uploads\/2021\/03\/C85F5A0B-8ABA-4C6B-9716-23D02717932C.jpeg?fit=600%2C288\" alt=\"\" class=\"wp-image-31239\" srcset=\"https:\/\/i0.wp.com\/blogdalucianaoliveira.com.br\/blog\/wp-content\/uploads\/2021\/03\/C85F5A0B-8ABA-4C6B-9716-23D02717932C.jpeg?w=1250 1250w, https:\/\/i0.wp.com\/blogdalucianaoliveira.com.br\/blog\/wp-content\/uploads\/2021\/03\/C85F5A0B-8ABA-4C6B-9716-23D02717932C.jpeg?resize=300%2C144 300w, https:\/\/i0.wp.com\/blogdalucianaoliveira.com.br\/blog\/wp-content\/uploads\/2021\/03\/C85F5A0B-8ABA-4C6B-9716-23D02717932C.jpeg?resize=1024%2C492 1024w, https:\/\/i0.wp.com\/blogdalucianaoliveira.com.br\/blog\/wp-content\/uploads\/2021\/03\/C85F5A0B-8ABA-4C6B-9716-23D02717932C.jpeg?resize=768%2C369 768w, https:\/\/i0.wp.com\/blogdalucianaoliveira.com.br\/blog\/wp-content\/uploads\/2021\/03\/C85F5A0B-8ABA-4C6B-9716-23D02717932C.jpeg?resize=625%2C300 625w, https:\/\/i0.wp.com\/blogdalucianaoliveira.com.br\/blog\/wp-content\/uploads\/2021\/03\/C85F5A0B-8ABA-4C6B-9716-23D02717932C.jpeg?w=1200 1200w\" sizes=\"auto, (max-width: 600px) 100vw, 600px\" \/><\/figure>\n\n\n\n<p><strong>247\u00a0<\/strong>&#8211; Ap\u00f3s quatro manifestantes serem presos nesta quinta-feira (18), por estenderem uma faixa no escrita \u201cBolsonaro genocida\u201d, uma nova faixa foi colocada no local na manh\u00e3 desta sexta-feira (19), reagindo contra a censura imposta pelo governo de Jair Bolsonaro, que usa a Lei de Seguran\u00e7a Nacional para perseguir seus cr\u00edticos.\u00a0<\/p>\n\n\n\n<!--more-->\n\n\n\n<p>A Pol\u00edcia Federal de Bras\u00edlia prendeu mais dois manifestantes que carregavam um cartaz escrito \u201c#BolsonaroGenocida\u201d, na tarde desta quinta-feira, 18. Eles estavam junto aos deputados federais do PT que se manifestaram contra a&nbsp;<a href=\"https:\/\/www.brasil247.com\/regionais\/brasilia\/militantes-sao-presos-em-brasilia-apos-estenderem-faixa-que-chamava-bolsonaro-de-genocida\" target=\"_blank\" rel=\"noreferrer noopener\">pris\u00e3o de cinco militantes que estenderam uma faixa contra Jair Bolsonaro<\/a>, com base na Lei de Seguran\u00e7a Nacional.<\/p>\n\n\n\n<p>V\u00eddeo divulgado pela assessoria do deputado federal Paulo Pimenta (PT-RS) mostra o parlamentar discutindo com um agente da PF sobre a medida adotada contra os ativistas que carregavam os cartazes chamando Bolsonaro de genocida, diante da crise da pandemia no pa\u00eds, que&nbsp;<a href=\"https:\/\/www.brasil247.com\/coronavirus\/brasil-supera-a-marca-das-3-mil-mortes-diarias-por-covid\" target=\"_blank\" rel=\"noreferrer noopener\">registrou 3 mil mortes di\u00e1rias da Covid-19<\/a>&nbsp;na quarta-feira, 17.<\/p>\n","protected":false},"excerpt":{"rendered":"<p>247\u00a0&#8211; Ap\u00f3s quatro manifestantes serem presos nesta quinta-feira (18), por estenderem uma faixa no escrita \u201cBolsonaro genocida\u201d, uma nova faixa foi colocada no local na manh\u00e3 desta sexta-feira (19), reagindo contra a censura imposta pelo governo de Jair Bolsonaro, que usa a Lei de Seguran\u00e7a Nacional para perseguir seus cr\u00edticos.\u00a0<\/p>\n","protected":false},"author":1,"featured_media":0,"comment_status":"closed","ping_status":"open","sticky":false,"template":"","format":"standard","meta":{"_exactmetrics_skip_tracking":false,"_exactmetrics_sitenote_active":false,"_exactmetrics_sitenote_note":"","_exactmetrics_sitenote_category":0,"jetpack_post_was_ever_published":false,"_jetpack_newsletter_access":"","_jetpack_dont_email_post_to_subs":false,"_jetpack_newsletter_tier_id":0,"_jetpack_memberships_contains_paywalled_content":false,"_jetpack_memberships_contains_paid_content":false,"footnotes":"","jetpack_publicize_message":"","jetpack_publicize_feature_enabled":true,"jetpack_social_post_already_shared":true,"jetpack_social_options":{"image_generator_settings":{"template":"highway","enabled":false},"version":2}},"categories":[1],"tags":[],"class_list":["post-31238","post","type-post","status-publish","format-standard","hentry","category-notas"],"jetpack_publicize_connections":[],"jetpack_sharing_enabled":true,"jetpack_featured_media_url":"","jetpack_shortlink":"https:\/\/wp.me\/p7wKYW-87Q","jetpack-related-posts":[],"_links":{"self":[{"href":"http:\/\/blogdalucianaoliveira.com.br\/blog\/wp-json\/wp\/v2\/posts\/31238","targetHints":{"allow":["GET"]}}],"collection":[{"href":"http:\/\/blogdalucianaoliveira.com.br\/blog\/wp-json\/wp\/v2\/posts"}],"about":[{"href":"http:\/\/blogdalucianaoliveira.com.br\/blog\/wp-json\/wp\/v2\/types\/post"}],"author":[{"embeddable":true,"href":"http:\/\/blogdalucianaoliveira.com.br\/blog\/wp-json\/wp\/v2\/users\/1"}],"replies":[{"embeddable":true,"href":"http:\/\/blogdalucianaoliveira.com.br\/blog\/wp-json\/wp\/v2\/comments?post=31238"}],"version-history":[{"count":1,"href":"http:\/\/blogdalucianaoliveira.com.br\/blog\/wp-json\/wp\/v2\/posts\/31238\/revisions"}],"predecessor-version":[{"id":31240,"href":"http:\/\/blogdalucianaoliveira.com.br\/blog\/wp-json\/wp\/v2\/posts\/31238\/revisions\/31240"}],"wp:attachment":[{"href":"http:\/\/blogdalucianaoliveira.com.br\/blog\/wp-json\/wp\/v2\/media?parent=31238"}],"wp:term":[{"taxonomy":"category","embeddable":true,"href":"http:\/\/blogdalucianaoliveira.com.br\/blog\/wp-json\/wp\/v2\/categories?post=31238"},{"taxonomy":"post_tag","embeddable":true,"href":"http:\/\/blogdalucianaoliveira.com.br\/blog\/wp-json\/wp\/v2\/tags?post=31238"}],"curies":[{"name":"wp","href":"https:\/\/api.w.org\/{rel}","templated":true}]}}