{"id":31244,"date":"2021-03-19T15:03:29","date_gmt":"2021-03-19T19:03:29","guid":{"rendered":"http:\/\/blogdalucianaoliveira.com.br\/blog\/?p=31244"},"modified":"2021-03-19T15:03:35","modified_gmt":"2021-03-19T19:03:35","slug":"predio-do-cine-teatro-resky-devera-ter-suas-caracteristicas-arquitetonicas-restauradas-decide-tjro","status":"publish","type":"post","link":"http:\/\/blogdalucianaoliveira.com.br\/blog\/2021\/03\/19\/predio-do-cine-teatro-resky-devera-ter-suas-caracteristicas-arquitetonicas-restauradas-decide-tjro\/","title":{"rendered":"Pr\u00e9dio do Cine Teatro Resky dever\u00e1 ter suas caracter\u00edsticas arquitet\u00f4nicas restauradas, decide TJRO"},"content":{"rendered":"\n<figure class=\"wp-block-image size-large\"><img data-recalc-dims=\"1\" loading=\"lazy\" decoding=\"async\" width=\"600\" height=\"400\" data-attachment-id=\"31245\" data-permalink=\"http:\/\/blogdalucianaoliveira.com.br\/blog\/2021\/03\/19\/predio-do-cine-teatro-resky-devera-ter-suas-caracteristicas-arquitetonicas-restauradas-decide-tjro\/85e32308-af54-4917-b2ae-067234b3c0c7\/\" data-orig-file=\"https:\/\/i0.wp.com\/blogdalucianaoliveira.com.br\/blog\/wp-content\/uploads\/2021\/03\/85E32308-AF54-4917-B2AE-067234B3C0C7.jpeg?fit=960%2C640\" data-orig-size=\"960,640\" data-comments-opened=\"0\" data-image-meta=\"{&quot;aperture&quot;:&quot;0&quot;,&quot;credit&quot;:&quot;&quot;,&quot;camera&quot;:&quot;&quot;,&quot;caption&quot;:&quot;&quot;,&quot;created_timestamp&quot;:&quot;0&quot;,&quot;copyright&quot;:&quot;&quot;,&quot;focal_length&quot;:&quot;0&quot;,&quot;iso&quot;:&quot;0&quot;,&quot;shutter_speed&quot;:&quot;0&quot;,&quot;title&quot;:&quot;&quot;,&quot;orientation&quot;:&quot;1&quot;}\" data-image-title=\"85E32308-AF54-4917-B2AE-067234B3C0C7\" data-image-description=\"\" data-image-caption=\"\" data-medium-file=\"https:\/\/i0.wp.com\/blogdalucianaoliveira.com.br\/blog\/wp-content\/uploads\/2021\/03\/85E32308-AF54-4917-B2AE-067234B3C0C7.jpeg?fit=300%2C200\" data-large-file=\"https:\/\/i0.wp.com\/blogdalucianaoliveira.com.br\/blog\/wp-content\/uploads\/2021\/03\/85E32308-AF54-4917-B2AE-067234B3C0C7.jpeg?fit=600%2C400\" src=\"https:\/\/i0.wp.com\/blogdalucianaoliveira.com.br\/blog\/wp-content\/uploads\/2021\/03\/85E32308-AF54-4917-B2AE-067234B3C0C7.jpeg?resize=600%2C400\" alt=\"\" class=\"wp-image-31245\" srcset=\"https:\/\/i0.wp.com\/blogdalucianaoliveira.com.br\/blog\/wp-content\/uploads\/2021\/03\/85E32308-AF54-4917-B2AE-067234B3C0C7.jpeg?w=960 960w, https:\/\/i0.wp.com\/blogdalucianaoliveira.com.br\/blog\/wp-content\/uploads\/2021\/03\/85E32308-AF54-4917-B2AE-067234B3C0C7.jpeg?resize=300%2C200 300w, https:\/\/i0.wp.com\/blogdalucianaoliveira.com.br\/blog\/wp-content\/uploads\/2021\/03\/85E32308-AF54-4917-B2AE-067234B3C0C7.jpeg?resize=768%2C512 768w, https:\/\/i0.wp.com\/blogdalucianaoliveira.com.br\/blog\/wp-content\/uploads\/2021\/03\/85E32308-AF54-4917-B2AE-067234B3C0C7.jpeg?resize=450%2C300 450w\" sizes=\"auto, (max-width: 600px) 100vw, 600px\" \/><\/figure>\n\n\n\n<p>Blog do Painel &#8211; Os julgadores da 2\u00aa C\u00e2mara Especial do Tribunal de Justi\u00e7a de Rond\u00f4nia, em recurso de apela\u00e7\u00e3o, mantiveram a senten\u00e7a, em A\u00e7\u00e3o Popular, do Ju\u00edzo da 7\u00aa Vara C\u00edvel da Comarca de Porto Velho, que determina \u00e0 Igreja Internacional da Gra\u00e7a de Deus a remo\u00e7\u00e3o das interven\u00e7\u00f5es realizadas no edif\u00edcio do Cine Teatro Resky, na capital, e devolva \u00e0 estrutura arquitet\u00f4nica os seus aspectos anteriores, inclusive as cores originais (amarelo ouro, verde e vermelho escuro). <br><\/p>\n\n\n\n<!--more-->\n\n\n\n<p>O prazo para cumprimento da medida judicial \u00e9 de 120 dias para que a Igreja promova a demoli\u00e7\u00e3o, remo\u00e7\u00e3o das interven\u00e7\u00f5es de ferro, a\u00e7o, pe\u00e7as de vidro, canteiros e jardins. O n\u00e3o cumprimento implicar\u00e1 em multa di\u00e1ria que vai de 10 a 100 mil reais, e ser\u00e1 revertida para a Funda\u00e7\u00e3o Cultural do Munic\u00edpio de Porto Velho.<\/p>\n\n\n\n<p>O pr\u00e9dio do Cine Resky, localizado na Pra\u00e7a Marechal Rondon, Centro de Porto Velho, \u201cfoi constru\u00eddo pelo liban\u00eas George Jo\u00e3o Resky, inspirado em pr\u00e9dios do movimento arquitet\u00f4nico denominado Art Dec\u00f3, da Broadway de Nova York, e inaugurado, em 17 de junho de 1950, pelo governador do ent\u00e3o Territ\u00f3rio Federal do Guapor\u00e9 e pelo prefeito da Capital\u201d, da \u00e9poca. O monumento representa um patrim\u00f4nio hist\u00f3rico para as gera\u00e7\u00f5es presentes e futuras da sociedade rondoniense, segundo as decis\u00f5es judiciais de 1\u00ba e 2\u00ba graus do Poder Judici\u00e1rio do Estado de Rond\u00f4nia.<ins><\/ins><\/p>\n\n\n\n<p>O voto do relator, desembargador Miguel Monico, explica que qualquer cidad\u00e3o \u00e9 parte leg\u00edtima para propor a\u00e7\u00e3o popular, uma vez que ela \u00e9 \u201cum relevante instrumento processual de participa\u00e7\u00e3o pol\u00edtica do cidad\u00e3o, destinado eminentemente \u00e0 defesa do patrim\u00f4nio p\u00fablico, bem como da moralidade administrativa, do meio ambiente e do patrim\u00f4nio hist\u00f3rico e cultural\u201d. E, no caso, a A\u00e7\u00e3o Popular foi movida pelos cidad\u00e3os Ernande da Silva Segismundo, Luiz Leite de Oliveira, Ant\u00f4nio Candido da Silva e Ant\u00f4nio Serpa do Amaral Filho, que defendem o patrim\u00f4nio cultural da cidade, o qual, segundo o voto, \u201cj\u00e1 demonstra que o bem possui apre\u00e7o consider\u00e1vel da sociedade, tendo os cidad\u00e3os manejado a\u00e7\u00e3o para defender o patrim\u00f4nio cultural da cidade, instruinda-a com diversas reportagens indicando manifesta\u00e7\u00f5es populares contra as descaracteriza\u00e7\u00f5es da estrutura arquitet\u00f4nica do Cine Teatro Resky\u201d.<ins><\/ins><\/p>\n\n\n\n<p>O relator, em seu voto, ap\u00f3s fazer uma explana\u00e7\u00e3o jur\u00eddica sobre a Constitui\u00e7\u00e3o Federal, legisla\u00e7\u00f5es e julgados de outros tribunais, incluindo o Superior Tribunal de Justi\u00e7a (STJ) e Supremo Tribunal Federal (STF), explica que \u201co direito \u00e0 propriedade n\u00e3o \u00e9 absoluto e, mais do que uma fun\u00e7\u00e3o social (art. 1.228, \u00a71\u00ba, CC), a propriedade deve cumprir uma fun\u00e7\u00e3o socioambiental, pois n\u00e3o se concebe mais no atual ordenamento jur\u00eddico aquela propriedade conhecida no direito anterior em que o propriet\u00e1rio era o senhor absoluto do bem\u201d. Segundo o voto, o im\u00f3vel \u00e9 uma propriedade alienada \u00e0 apelante religiosa, que, com a realiza\u00e7\u00e3o de obras, est\u00e1 descaracterizando a estrutura arquitet\u00f4nica original do im\u00f3vel, violando o patrim\u00f4nio hist\u00f3rico, cultural e arquitet\u00f4nico da capital do Estado.<ins><\/ins><\/p>\n\n\n\n<p>Para o relator, \u201co patrim\u00f4nio cultural concebido pelo art. 216, da CF\/88, n\u00e3o se limita ao monop\u00f3lio da Administra\u00e7\u00e3o P\u00fablica, caracterizada por sua burocracia e parcim\u00f4nia, ao passo que tamb\u00e9m \u00e9 dever do Poder Judici\u00e1rio pronunciar-se sobre a mat\u00e9ria, quando provocado para tanto, sem que isso implique em viola\u00e7\u00e3o \u00e0 separa\u00e7\u00e3o dos poderes\u201d. Pois, como no caso, \u201co bem n\u00e3o necessariamente precisa ser tombado para ser protegido\u201d. Por isso, \u201cos argumentos da apelante n\u00e3o merecem acolhida, eis que, como j\u00e1 destacado, \u00e9 dever de todos os poderes e da coletividade a preserva\u00e7\u00e3o do patrim\u00f4nio cultural de um povo, que identifiquem uma cidade ou a arquitetura t\u00edpica de uma \u00e9poca que represente uma cultura, um povo, os registros hist\u00f3ricos e culturais, etc., n\u00e3o necessariamente tombados\u201d.<\/p>\n\n\n\n<p>Como j\u00e1 dito, \u201ca A\u00e7\u00e3o Popular constitui instrumento v\u00e1lido para prote\u00e7\u00e3o do meio ambiente cultural, notadamente quando h\u00e1 omiss\u00e3o do Poder P\u00fablico para adotar medidas administrativas eficazes de preserva\u00e7\u00e3o de bem im\u00f3vel com significativa import\u00e2ncia \u00e0 sociedade, devendo o propriet\u00e1rio ser compelido a praticar a\u00e7\u00f5es para preservar suas caracter\u00edsticas originais, raz\u00e3o pela qual deve ser mantida a senten\u00e7a de primeiro grau\u201d, finaliza o voto.<\/p>\n\n\n\n<p>Acompanharam o voto do relator, o desembargador Roosevelt Queiroz e a ju\u00edza convocada In\u00eas Moreira de Castro. O julgamento foi realizado na ter\u00e7a-feira, 16.<br>Apela\u00e7\u00e3o C\u00edvel, sobre A\u00e7\u00e3o Popular, n. 000753-43.2015.8.22.0001.<\/p>\n","protected":false},"excerpt":{"rendered":"<p>Blog do Painel &#8211; Os julgadores da 2\u00aa C\u00e2mara Especial do Tribunal de Justi\u00e7a de Rond\u00f4nia, em recurso de apela\u00e7\u00e3o, mantiveram a senten\u00e7a, em A\u00e7\u00e3o Popular, do Ju\u00edzo da 7\u00aa Vara C\u00edvel da Comarca de Porto Velho, que determina \u00e0 Igreja Internacional da Gra\u00e7a de Deus a remo\u00e7\u00e3o das interven\u00e7\u00f5es realizadas no edif\u00edcio do Cine&#8230;<a class=\"more-link\" href=\"http:\/\/blogdalucianaoliveira.com.br\/blog\/2021\/03\/19\/predio-do-cine-teatro-resky-devera-ter-suas-caracteristicas-arquitetonicas-restauradas-decide-tjro\/\">Continue a leitura <span class=\"meta-nav\">&raquo;<\/span><\/a><\/p>\n","protected":false},"author":1,"featured_media":0,"comment_status":"closed","ping_status":"open","sticky":false,"template":"","format":"standard","meta":{"_exactmetrics_skip_tracking":false,"_exactmetrics_sitenote_active":false,"_exactmetrics_sitenote_note":"","_exactmetrics_sitenote_category":0,"jetpack_post_was_ever_published":false,"_jetpack_newsletter_access":"","_jetpack_dont_email_post_to_subs":false,"_jetpack_newsletter_tier_id":0,"_jetpack_memberships_contains_paywalled_content":false,"_jetpack_memberships_contains_paid_content":false,"footnotes":"","jetpack_publicize_message":"","jetpack_publicize_feature_enabled":true,"jetpack_social_post_already_shared":true,"jetpack_social_options":{"image_generator_settings":{"template":"highway","enabled":false},"version":2}},"categories":[1],"tags":[],"class_list":["post-31244","post","type-post","status-publish","format-standard","hentry","category-notas"],"jetpack_publicize_connections":[],"jetpack_sharing_enabled":true,"jetpack_featured_media_url":"","jetpack_shortlink":"https:\/\/wp.me\/p7wKYW-87W","jetpack-related-posts":[],"_links":{"self":[{"href":"http:\/\/blogdalucianaoliveira.com.br\/blog\/wp-json\/wp\/v2\/posts\/31244","targetHints":{"allow":["GET"]}}],"collection":[{"href":"http:\/\/blogdalucianaoliveira.com.br\/blog\/wp-json\/wp\/v2\/posts"}],"about":[{"href":"http:\/\/blogdalucianaoliveira.com.br\/blog\/wp-json\/wp\/v2\/types\/post"}],"author":[{"embeddable":true,"href":"http:\/\/blogdalucianaoliveira.com.br\/blog\/wp-json\/wp\/v2\/users\/1"}],"replies":[{"embeddable":true,"href":"http:\/\/blogdalucianaoliveira.com.br\/blog\/wp-json\/wp\/v2\/comments?post=31244"}],"version-history":[{"count":1,"href":"http:\/\/blogdalucianaoliveira.com.br\/blog\/wp-json\/wp\/v2\/posts\/31244\/revisions"}],"predecessor-version":[{"id":31246,"href":"http:\/\/blogdalucianaoliveira.com.br\/blog\/wp-json\/wp\/v2\/posts\/31244\/revisions\/31246"}],"wp:attachment":[{"href":"http:\/\/blogdalucianaoliveira.com.br\/blog\/wp-json\/wp\/v2\/media?parent=31244"}],"wp:term":[{"taxonomy":"category","embeddable":true,"href":"http:\/\/blogdalucianaoliveira.com.br\/blog\/wp-json\/wp\/v2\/categories?post=31244"},{"taxonomy":"post_tag","embeddable":true,"href":"http:\/\/blogdalucianaoliveira.com.br\/blog\/wp-json\/wp\/v2\/tags?post=31244"}],"curies":[{"name":"wp","href":"https:\/\/api.w.org\/{rel}","templated":true}]}}