{"id":31250,"date":"2021-03-21T16:45:34","date_gmt":"2021-03-21T20:45:34","guid":{"rendered":"http:\/\/blogdalucianaoliveira.com.br\/blog\/?p=31250"},"modified":"2021-03-21T16:45:39","modified_gmt":"2021-03-21T20:45:39","slug":"campanha-nempenseemmematar-denuncia-cultura-feminicida-e-numero-alarmante-de-mortes-no-brasil","status":"publish","type":"post","link":"http:\/\/blogdalucianaoliveira.com.br\/blog\/2021\/03\/21\/campanha-nempenseemmematar-denuncia-cultura-feminicida-e-numero-alarmante-de-mortes-no-brasil\/","title":{"rendered":"Campanha #NemPenseEmMeMatar denuncia cultura feminicida e n\u00famero alarmante de mortes no Brasil"},"content":{"rendered":"\n<figure class=\"wp-block-image size-large\"><img data-recalc-dims=\"1\" loading=\"lazy\" decoding=\"async\" width=\"600\" height=\"251\" data-attachment-id=\"31251\" data-permalink=\"http:\/\/blogdalucianaoliveira.com.br\/blog\/2021\/03\/21\/campanha-nempenseemmematar-denuncia-cultura-feminicida-e-numero-alarmante-de-mortes-no-brasil\/2af24df8-634b-44f5-8b33-1a7126badd68\/\" data-orig-file=\"https:\/\/i0.wp.com\/blogdalucianaoliveira.com.br\/blog\/wp-content\/uploads\/2021\/03\/2AF24DF8-634B-44F5-8B33-1A7126BADD68.jpeg?fit=709%2C297\" data-orig-size=\"709,297\" data-comments-opened=\"0\" data-image-meta=\"{&quot;aperture&quot;:&quot;0&quot;,&quot;credit&quot;:&quot;&quot;,&quot;camera&quot;:&quot;&quot;,&quot;caption&quot;:&quot;&quot;,&quot;created_timestamp&quot;:&quot;0&quot;,&quot;copyright&quot;:&quot;&quot;,&quot;focal_length&quot;:&quot;0&quot;,&quot;iso&quot;:&quot;0&quot;,&quot;shutter_speed&quot;:&quot;0&quot;,&quot;title&quot;:&quot;&quot;,&quot;orientation&quot;:&quot;1&quot;}\" data-image-title=\"2AF24DF8-634B-44F5-8B33-1A7126BADD68\" data-image-description=\"\" data-image-caption=\"\" data-medium-file=\"https:\/\/i0.wp.com\/blogdalucianaoliveira.com.br\/blog\/wp-content\/uploads\/2021\/03\/2AF24DF8-634B-44F5-8B33-1A7126BADD68.jpeg?fit=300%2C126\" data-large-file=\"https:\/\/i0.wp.com\/blogdalucianaoliveira.com.br\/blog\/wp-content\/uploads\/2021\/03\/2AF24DF8-634B-44F5-8B33-1A7126BADD68.jpeg?fit=600%2C251\" src=\"https:\/\/i0.wp.com\/blogdalucianaoliveira.com.br\/blog\/wp-content\/uploads\/2021\/03\/2AF24DF8-634B-44F5-8B33-1A7126BADD68.jpeg?resize=600%2C251\" alt=\"\" class=\"wp-image-31251\" srcset=\"https:\/\/i0.wp.com\/blogdalucianaoliveira.com.br\/blog\/wp-content\/uploads\/2021\/03\/2AF24DF8-634B-44F5-8B33-1A7126BADD68.jpeg?w=709 709w, https:\/\/i0.wp.com\/blogdalucianaoliveira.com.br\/blog\/wp-content\/uploads\/2021\/03\/2AF24DF8-634B-44F5-8B33-1A7126BADD68.jpeg?resize=300%2C126 300w\" sizes=\"auto, (max-width: 600px) 100vw, 600px\" \/><\/figure>\n\n\n\n<p><em>Mulheres de Norte a Sul do pa\u00eds se mobilizam em frente feminista para dizer que est\u00e1 em curso uma guerra sangrenta contra as brasileiras.<\/em><\/p>\n\n\n\n<!--more-->\n\n\n\n<p>Embora o crime de feminic\u00eddio esteja no C\u00f3digo Penal desde 2015, o assassinato de mulheres \u2013 apenas por serem mulheres \u2013 cresce diariamente no Brasil. No primeiro semestre de 2020, ano em que a pandemia de Covid-19 se alastrou pelo mundo impondo a necessidade de isolamento social, foi registrado aumento de 1,9% deste crime de \u00f3dio*.&nbsp;Naqueles primeiros seis meses, foram mortas 648 brasileiras, a maioria negras e vivendo em desigualdade social.&nbsp;<\/p>\n\n\n\n<p>Dados como estes e a falta de pol\u00edticas p\u00fablicas se agravam em um pa\u00eds que j\u00e1 ocupava o 5\u00ba lugar entre as na\u00e7\u00f5es que mais matam suas mulheres**. Com o objetivo de denunciar a omiss\u00e3o do Estado e exigir a prote\u00e7\u00e3o da vida delas, nasce o Levante Feminista contra o Feminic\u00eddio, frente suprapartid\u00e1ria que lan\u00e7ar\u00e1 no pr\u00f3ximo dia 25 a campanha \u201c<em>Nem Pense em Me Matar\u201d,&nbsp;<\/em>apoiada nesta ideia:&nbsp;<em>\u201cQuem mata uma mulher mata a humanidade!<\/em>\u201d<\/p>\n\n\n\n<p>A articula\u00e7\u00e3o foi iniciada por Vilma Reis, soci\u00f3loga, refer\u00eancia dos movimentos negros no pa\u00eds, integrante da Coaliz\u00e3o Negra Por Direitos, Marcia Tiburi, fil\u00f3sofa, escritora e artista, e Tania Palma, pesquisadora e assistente social. O Levante, que rapidamente ganhou corpo, \u00e9 formado por cerca de 200 pessoas que se articulam remotamente para a constru\u00e7\u00e3o de uma a\u00e7\u00e3o conjunta pela vida das mulheres. Entre elas, est\u00e3o mulheres negras, ind\u00edgenas, quilombolas, ribeirinhas, das \u00e1guas, das florestas, antiproibicionistas, parlamentares, dos movimentos LBTQIA+ e de outros segmentos das organiza\u00e7\u00f5es populares e da sociedade civil.<\/p>\n\n\n\n<p>Em manifesto constru\u00eddo de forma coletiva e tornado p\u00fablico dia 12 de mar\u00e7o, a frente pontua de forma contundente que a exist\u00eancia de uma &#8220;cultura de \u00f3dio&#8221; direcionada \u00e0s mulheres brasileiras precisa chegar ao fim, e que a pr\u00e1tica do crime de feminic\u00eddio &#8220;nunca esteve t\u00e3o ostensiva e extremista&#8221; quanto agora, no governo de Jair Bolsonaro e sobretudo no contexto da pandemia do novo coronav\u00edrus. Em tr\u00eas dias, o documento obteve mais de 8 mil assinaturas.&nbsp;<\/p>\n\n\n\n<p>Entre as den\u00fancias, o&nbsp;<a href=\"https:\/\/www.change.org\/levantefeminista2021\">Manifesto<\/a>&nbsp;afirma que &#8220;ideias e atitudes mis\u00f3ginas transformaram-se em comportamento aceito e legitimado pela sociedade, contaminando o Executivo, o Legislativo e o Judici\u00e1rio capaz de senten\u00e7as sexistas e de ressuscitar arcaicos argumentos da &#8216;leg\u00edtima defesa da honra&#8217; e da &#8216;passionalidade&#8217; como uma esp\u00e9cie de &#8216;m\u00e9rito&#8217; para absolver criminosos. Isso confirma a neglig\u00eancia e inoper\u00e2ncia do Estado Brasileiro no enfrentamento \u00e0 viol\u00eancia contra as mulheres&#8221;.<\/p>\n\n\n\n<p>Tra\u00e7a tamb\u00e9m o perfil dos matadores: \u201cs\u00e3o homens que n\u00e3o admitem a autonomia, a igualdade e a liberdade das mulheres. S\u00e3o machistas, violentos que querem a redomestica\u00e7\u00e3o e o afastamento das mulheres da vida p\u00fablica&#8230;\u201d; \u201cusam a viol\u00eancia f\u00edsica, psicol\u00f3gica, moral, sexual e patrimonial contra mulheres e seus filhos at\u00e9 o extremo, que \u00e9 o ato do feminic\u00eddio\u201d.<\/p>\n\n\n\n<p><strong>Um Levante pela vida das mulheres e pelo fim do feminic\u00eddio<\/strong><\/p>\n\n\n\n<p>Marcia Tiburi conta que a ideia de se juntar a outras mulheres contra este crime de \u00f3dio surgiu exatamente pela urg\u00eancia em combater o desamparo e a neglig\u00eancia. &#8220;O patriarcado \u00e9 um juramento de morte contra as mulheres pelos mais diversos motivos, sempre torpes&#8221;, afirma.&nbsp;<\/p>\n\n\n\n<p>A fil\u00f3sofa espera criar, com suas companheiras, condi\u00e7\u00f5es para superar a velha cultura feminicida. &#8220;Trata-se de uma guerra sangrenta que precisa parar. O que desejamos com a nossa campanha \u00e9 estancar esse banho de sangue que vem sendo promovido pelo machismo e pela espetaculariza\u00e7\u00e3o da viol\u00eancia que dele faz parte.\u201d&nbsp;<\/p>\n\n\n\n<p>A campanha, que est\u00e1 em ebuli\u00e7\u00e3o nas redes sociais, ter\u00e1 a\u00e7\u00f5es pontuais em cada estado, organizadas pelas mulheres que vivem e conhecem a realidade espec\u00edfica do feminic\u00eddio em cada lugar. Para isso, est\u00e3o sendo criados materiais de comunica\u00e7\u00e3o, exaltando a imagem dos girass\u00f3is amarelos, s\u00edmbolo do Levante, que figura como sinal de esperan\u00e7a e celebra\u00e7\u00e3o da vida. Com a hashtag #NemPenseEmMeMatar, a frente busca atingir um p\u00fablico amplo e disseminar a ideia de que a viol\u00eancia contra a mulher \u00e9 um problema que afeta n\u00e3o s\u00f3 as fam\u00edlias, mas a sociedade inteira.&nbsp;<\/p>\n\n\n\n<p>&#8220;N\u00f3s estamos fazendo um trabalho de base e queremos agregar o maior n\u00famero de mulheres que pudermos, mesmo aquelas que n\u00e3o se entendem como feministas\u201d, explica Tania Palma. &#8220;Estamos falando com religiosas, pescadoras, desempregadas, quilombolas, ribeirinhas&#8221;, pontua ela, que \u00e9 tamb\u00e9m membro do GTFem, da Universidade Federal da Bahia, que realiza a primeira pesquisa sobre casos de feminic\u00eddio em Salvador. &#8220;N\u00e3o \u00e9 preciso ser feminista para querer o fim do feminic\u00eddio. A gente tem que compreender politicamente isso\u201d, diz a pesquisadora, acreditando que todas devem ser efetivamente conquistadas para a campanha.&nbsp;<\/p>\n\n\n\n<p>Al\u00e9m de fazer o esfor\u00e7o de base, o Levante se conduz pela pauta feminista que, do ponto de vista das organizadoras, \u00e9 inegoci\u00e1vel. Isso significa combater a pol\u00edtica de militariza\u00e7\u00e3o do governo, que tem liberado o acesso a armas e muni\u00e7\u00f5es, com objetivo de armar a popula\u00e7\u00e3o \u2013 uma plataforma publicizada por Jair Bolsonaro. Al\u00e9m de almejar o fim do feminic\u00eddio, o Levante quer fortalecer a democracia.<\/p>\n\n\n\n<p>&#8220;Organizamos o levante feminista para conter a matan\u00e7a de mulheres no pa\u00eds. \u00c9 a nossa forma de discordar dos decretos de armas e de toda essa onda mis\u00f3gina patriarcal que n\u00f3s estamos vivenciando&#8221;, contextualiza Vilma Reis. &#8220;A gente diz &#8216;nem pense em me matar&#8217; e traz a ideia de &#8216;quem mata uma mulher mata a humanidade&#8217; para materializar que, sem as mulheres, sem a pot\u00eancia feminista, o Brasil n\u00e3o vai para a frente.&#8221;<\/p>\n\n\n\n<p><em>*Fonte:<\/em><a href=\"https:\/\/forumseguranca.org.br\/anuario-brasileiro-seguranca-publica\/\"><em>&nbsp;<\/em><\/a><a href=\"https:\/\/forumseguranca.org.br\/anuario-brasileiro-seguranca-publica\/\"><em>https:\/\/forumseguranca.org.br\/anuario-brasileiro-seguranca-publica\/<\/em><\/a><\/p>\n\n\n\n<p><em>**Fonte: O Brasil aparece no quinto lugar em uma lista da Organiza\u00e7\u00e3o Mundial da Sa\u00fade (OMS) de pa\u00edses com maior n\u00famero de feminic\u00eddios, atr\u00e1s apenas de El Salvador, Col\u00f4mbia, Guatemala e da R\u00fassia.<\/em><\/p>\n\n\n\n<p><strong>Levante Feminista Contra o Feminic\u00eddio<\/strong><\/p>\n\n\n\n<p><em>Campanha #NemPenseEmMeMatar #QuemMataUmaMulherMataAHumanidade<\/em><\/p>\n\n\n\n<p><strong>Lan\u00e7amento da campanha em&nbsp;<\/strong>25\/03\/2021&nbsp;<\/p>\n\n\n\n<p><strong>Programa\u00e7\u00e3o&nbsp;<\/strong>contar\u00e1 com evento online. A\u00e7\u00f5es, hor\u00e1rios e convidados ser\u00e3o divulgados posteriormente; evento ainda est\u00e1 em constru\u00e7\u00e3o.<\/p>\n\n\n\n<p><strong>Conhe\u00e7a o manifesto #NemPenseEmMeMatar:<\/strong><a href=\"http:\/\/bit.ly\/3vvuIVy\"><strong><\/strong><\/a><a href=\"http:\/\/bit.ly\/3vvuIVy\">http:\/\/bit.ly\/3vvuIVy<\/a><\/p>\n\n\n\n<p><strong>Interessado em apoiar financeiramente? Acesse:<\/strong><a href=\"http:\/\/bit.ly\/2OE7mMS\"><strong>&nbsp;<\/strong><\/a><a href=\"http:\/\/bit.ly\/2OE7mMS\">http:\/\/bit.ly\/2OE7mMS<\/a><\/p>\n\n\n\n<p><strong>Siga a campanha nas redes sociais:&nbsp;<\/strong><\/p>\n\n\n\n<p><strong>Twitter:<\/strong><a href=\"https:\/\/twitter.com\/LevanteFem\"><strong>&nbsp;<\/strong><\/a><a href=\"https:\/\/twitter.com\/LevanteFem\">https:\/\/twitter.com\/LevanteFem<\/a><\/p>\n\n\n\n<p><strong>Facebook:<\/strong><a href=\"https:\/\/www.facebook.com\/LevanteFeminista2021\"><strong><\/strong><\/a><a href=\"https:\/\/www.facebook.com\/LevanteFeminista2021\">https:\/\/www.facebook.com\/LevanteFeminista2021<\/a><\/p>\n\n\n\n<p><strong>Instagram:<\/strong><a href=\"https:\/\/www.instagram.com\/levantefeminista\/\"><strong><\/strong><\/a><a href=\"https:\/\/www.instagram.com\/levantefeminista\/\">https:\/\/www.instagram.com\/levantefeminista\/<\/a><\/p>\n\n\n\n<p><strong>Assessoria de imprensa | Contato para entrevistas e outras informa\u00e7\u00f5es:<\/strong><\/p>\n\n\n\n<p>Andr\u00e9a Martinelli<\/p>\n\n\n\n<p><strong>Email:&nbsp;<\/strong>levantefeministabrasil@gmail.com<\/p>\n\n\n\n<p><strong>Telefone:<\/strong>\u00a0+55 (11) 97336-5414<\/p>\n\n\n\n<figure class=\"wp-block-image size-large\"><img loading=\"lazy\" decoding=\"async\" width=\"1080\" height=\"1080\" data-attachment-id=\"31252\" data-permalink=\"http:\/\/blogdalucianaoliveira.com.br\/blog\/2021\/03\/21\/campanha-nempenseemmematar-denuncia-cultura-feminicida-e-numero-alarmante-de-mortes-no-brasil\/0aba4514-85d8-41fe-933a-58ba78067a6f\/\" data-orig-file=\"https:\/\/i0.wp.com\/blogdalucianaoliveira.com.br\/blog\/wp-content\/uploads\/2021\/03\/0ABA4514-85D8-41FE-933A-58BA78067A6F.jpeg?fit=1080%2C1080\" data-orig-size=\"1080,1080\" data-comments-opened=\"0\" data-image-meta=\"{&quot;aperture&quot;:&quot;0&quot;,&quot;credit&quot;:&quot;&quot;,&quot;camera&quot;:&quot;&quot;,&quot;caption&quot;:&quot;&quot;,&quot;created_timestamp&quot;:&quot;0&quot;,&quot;copyright&quot;:&quot;&quot;,&quot;focal_length&quot;:&quot;0&quot;,&quot;iso&quot;:&quot;0&quot;,&quot;shutter_speed&quot;:&quot;0&quot;,&quot;title&quot;:&quot;&quot;,&quot;orientation&quot;:&quot;1&quot;}\" data-image-title=\"0ABA4514-85D8-41FE-933A-58BA78067A6F\" data-image-description=\"\" data-image-caption=\"\" data-medium-file=\"https:\/\/i0.wp.com\/blogdalucianaoliveira.com.br\/blog\/wp-content\/uploads\/2021\/03\/0ABA4514-85D8-41FE-933A-58BA78067A6F.jpeg?fit=300%2C300\" data-large-file=\"https:\/\/i0.wp.com\/blogdalucianaoliveira.com.br\/blog\/wp-content\/uploads\/2021\/03\/0ABA4514-85D8-41FE-933A-58BA78067A6F.jpeg?fit=600%2C600\" src=\"https:\/\/i0.wp.com\/blogdalucianaoliveira.com.br\/blog\/wp-content\/uploads\/2021\/03\/0ABA4514-85D8-41FE-933A-58BA78067A6F.jpeg?fit=600%2C600\" alt=\"\" class=\"wp-image-31252\" srcset=\"https:\/\/i0.wp.com\/blogdalucianaoliveira.com.br\/blog\/wp-content\/uploads\/2021\/03\/0ABA4514-85D8-41FE-933A-58BA78067A6F.jpeg?w=1080 1080w, https:\/\/i0.wp.com\/blogdalucianaoliveira.com.br\/blog\/wp-content\/uploads\/2021\/03\/0ABA4514-85D8-41FE-933A-58BA78067A6F.jpeg?resize=300%2C300 300w, https:\/\/i0.wp.com\/blogdalucianaoliveira.com.br\/blog\/wp-content\/uploads\/2021\/03\/0ABA4514-85D8-41FE-933A-58BA78067A6F.jpeg?resize=1024%2C1024 1024w, https:\/\/i0.wp.com\/blogdalucianaoliveira.com.br\/blog\/wp-content\/uploads\/2021\/03\/0ABA4514-85D8-41FE-933A-58BA78067A6F.jpeg?resize=150%2C150 150w, https:\/\/i0.wp.com\/blogdalucianaoliveira.com.br\/blog\/wp-content\/uploads\/2021\/03\/0ABA4514-85D8-41FE-933A-58BA78067A6F.jpeg?resize=768%2C768 768w\" sizes=\"auto, (max-width: 600px) 100vw, 600px\" \/><\/figure>\n\n\n\n<figure class=\"wp-block-image size-large\"><img loading=\"lazy\" decoding=\"async\" width=\"1042\" height=\"630\" data-attachment-id=\"31253\" data-permalink=\"http:\/\/blogdalucianaoliveira.com.br\/blog\/2021\/03\/21\/campanha-nempenseemmematar-denuncia-cultura-feminicida-e-numero-alarmante-de-mortes-no-brasil\/8930ed3b-6890-4b92-9fbd-cd55c0d3d706\/\" data-orig-file=\"https:\/\/i0.wp.com\/blogdalucianaoliveira.com.br\/blog\/wp-content\/uploads\/2021\/03\/8930ED3B-6890-4B92-9FBD-CD55C0D3D706.jpeg?fit=1042%2C630\" data-orig-size=\"1042,630\" data-comments-opened=\"0\" data-image-meta=\"{&quot;aperture&quot;:&quot;0&quot;,&quot;credit&quot;:&quot;&quot;,&quot;camera&quot;:&quot;&quot;,&quot;caption&quot;:&quot;&quot;,&quot;created_timestamp&quot;:&quot;0&quot;,&quot;copyright&quot;:&quot;&quot;,&quot;focal_length&quot;:&quot;0&quot;,&quot;iso&quot;:&quot;0&quot;,&quot;shutter_speed&quot;:&quot;0&quot;,&quot;title&quot;:&quot;&quot;,&quot;orientation&quot;:&quot;1&quot;}\" data-image-title=\"8930ED3B-6890-4B92-9FBD-CD55C0D3D706\" data-image-description=\"\" data-image-caption=\"\" data-medium-file=\"https:\/\/i0.wp.com\/blogdalucianaoliveira.com.br\/blog\/wp-content\/uploads\/2021\/03\/8930ED3B-6890-4B92-9FBD-CD55C0D3D706.jpeg?fit=300%2C181\" data-large-file=\"https:\/\/i0.wp.com\/blogdalucianaoliveira.com.br\/blog\/wp-content\/uploads\/2021\/03\/8930ED3B-6890-4B92-9FBD-CD55C0D3D706.jpeg?fit=600%2C363\" src=\"https:\/\/i0.wp.com\/blogdalucianaoliveira.com.br\/blog\/wp-content\/uploads\/2021\/03\/8930ED3B-6890-4B92-9FBD-CD55C0D3D706.jpeg?fit=600%2C363\" alt=\"\" class=\"wp-image-31253\" srcset=\"https:\/\/i0.wp.com\/blogdalucianaoliveira.com.br\/blog\/wp-content\/uploads\/2021\/03\/8930ED3B-6890-4B92-9FBD-CD55C0D3D706.jpeg?w=1042 1042w, https:\/\/i0.wp.com\/blogdalucianaoliveira.com.br\/blog\/wp-content\/uploads\/2021\/03\/8930ED3B-6890-4B92-9FBD-CD55C0D3D706.jpeg?resize=300%2C181 300w, https:\/\/i0.wp.com\/blogdalucianaoliveira.com.br\/blog\/wp-content\/uploads\/2021\/03\/8930ED3B-6890-4B92-9FBD-CD55C0D3D706.jpeg?resize=1024%2C619 1024w, https:\/\/i0.wp.com\/blogdalucianaoliveira.com.br\/blog\/wp-content\/uploads\/2021\/03\/8930ED3B-6890-4B92-9FBD-CD55C0D3D706.jpeg?resize=768%2C464 768w, https:\/\/i0.wp.com\/blogdalucianaoliveira.com.br\/blog\/wp-content\/uploads\/2021\/03\/8930ED3B-6890-4B92-9FBD-CD55C0D3D706.jpeg?resize=496%2C300 496w\" sizes=\"auto, (max-width: 600px) 100vw, 600px\" \/><\/figure>\n","protected":false},"excerpt":{"rendered":"<p>Mulheres de Norte a Sul do pa\u00eds se mobilizam em frente feminista para dizer que est\u00e1 em curso uma guerra sangrenta contra as brasileiras.<\/p>\n","protected":false},"author":1,"featured_media":0,"comment_status":"closed","ping_status":"open","sticky":false,"template":"","format":"standard","meta":{"_exactmetrics_skip_tracking":false,"_exactmetrics_sitenote_active":false,"_exactmetrics_sitenote_note":"","_exactmetrics_sitenote_category":0,"jetpack_post_was_ever_published":false,"_jetpack_newsletter_access":"","_jetpack_dont_email_post_to_subs":false,"_jetpack_newsletter_tier_id":0,"_jetpack_memberships_contains_paywalled_content":false,"_jetpack_memberships_contains_paid_content":false,"footnotes":"","jetpack_publicize_message":"","jetpack_publicize_feature_enabled":true,"jetpack_social_post_already_shared":true,"jetpack_social_options":{"image_generator_settings":{"template":"highway","enabled":false},"version":2}},"categories":[1],"tags":[],"class_list":["post-31250","post","type-post","status-publish","format-standard","hentry","category-notas"],"jetpack_publicize_connections":[],"jetpack_sharing_enabled":true,"jetpack_featured_media_url":"","jetpack_shortlink":"https:\/\/wp.me\/p7wKYW-882","jetpack-related-posts":[],"_links":{"self":[{"href":"http:\/\/blogdalucianaoliveira.com.br\/blog\/wp-json\/wp\/v2\/posts\/31250","targetHints":{"allow":["GET"]}}],"collection":[{"href":"http:\/\/blogdalucianaoliveira.com.br\/blog\/wp-json\/wp\/v2\/posts"}],"about":[{"href":"http:\/\/blogdalucianaoliveira.com.br\/blog\/wp-json\/wp\/v2\/types\/post"}],"author":[{"embeddable":true,"href":"http:\/\/blogdalucianaoliveira.com.br\/blog\/wp-json\/wp\/v2\/users\/1"}],"replies":[{"embeddable":true,"href":"http:\/\/blogdalucianaoliveira.com.br\/blog\/wp-json\/wp\/v2\/comments?post=31250"}],"version-history":[{"count":1,"href":"http:\/\/blogdalucianaoliveira.com.br\/blog\/wp-json\/wp\/v2\/posts\/31250\/revisions"}],"predecessor-version":[{"id":31254,"href":"http:\/\/blogdalucianaoliveira.com.br\/blog\/wp-json\/wp\/v2\/posts\/31250\/revisions\/31254"}],"wp:attachment":[{"href":"http:\/\/blogdalucianaoliveira.com.br\/blog\/wp-json\/wp\/v2\/media?parent=31250"}],"wp:term":[{"taxonomy":"category","embeddable":true,"href":"http:\/\/blogdalucianaoliveira.com.br\/blog\/wp-json\/wp\/v2\/categories?post=31250"},{"taxonomy":"post_tag","embeddable":true,"href":"http:\/\/blogdalucianaoliveira.com.br\/blog\/wp-json\/wp\/v2\/tags?post=31250"}],"curies":[{"name":"wp","href":"https:\/\/api.w.org\/{rel}","templated":true}]}}