{"id":31258,"date":"2021-03-22T12:03:39","date_gmt":"2021-03-22T16:03:39","guid":{"rendered":"http:\/\/blogdalucianaoliveira.com.br\/blog\/?p=31258"},"modified":"2021-03-22T12:03:44","modified_gmt":"2021-03-22T16:03:44","slug":"cloroquinas-vacinas-e-mortes","status":"publish","type":"post","link":"http:\/\/blogdalucianaoliveira.com.br\/blog\/2021\/03\/22\/cloroquinas-vacinas-e-mortes\/","title":{"rendered":"Cloroquinas, vacinas e mortes"},"content":{"rendered":"\n<figure class=\"wp-block-image\"><img data-recalc-dims=\"1\" decoding=\"async\" src=\"https:\/\/i0.wp.com\/piaui.folha.uol.com.br\/wp-content\/uploads\/2021\/03\/HOME-2-Cloroquinas-vacina-e-mortes-01.jpg?w=600&#038;ssl=1\" alt=\"Cloroquinas, vacinas e mortes\"\/><\/figure>\n\n\n\n<p> <strong>LUIGI MAZZA E RENATA BUONO<\/strong>, na Revista Piau\u00ed<\/p>\n\n\n\n<!--more-->\n\n\n\n<p class=\"has-text-align-left\">O governo federal passa longe de mostrar, na campanha nacional de vacina\u00e7\u00e3o, a agilidade que teve na distribui\u00e7\u00e3o de cloroquina desde o come\u00e7o da pandemia. At\u00e9 janeiro de 2021, o Minist\u00e9rio da Sa\u00fade despachou 7,4 milh\u00f5es de comprimidos de hidroxicloroquina e difosfato de cloroquina para todo o pa\u00eds, apostando dinheiro p\u00fablico num rem\u00e9dio sem efic\u00e1cia comprovada no combate \u00e0 Covid-19. O Amazonas, estado que melhor simbolizou o drama do coronav\u00edrus, recebeu tr\u00eas vezes mais cloroquina do que testes r\u00e1pidos para identificar quem teve a doen\u00e7a. Em Roraima, tamb\u00e9m sobra cloroquina e falta vacina. L\u00e1, o governo federal enviou 100,5 mil comprimidos do rem\u00e9dio para distritos onde vivem pouco mais de 80 mil ind\u00edgenas. Essa pol\u00edtica err\u00e1tica cobra seu pre\u00e7o: nas duas primeiras semanas de mar\u00e7o, o Brasil concentrou 19% de todas as mortes por Covid no mundo e apenas 3% das aplica\u00e7\u00f5es de vacina. Confira os dados no\u00a0<em>=igualdades\u00a0<\/em>desta semana.<\/p>\n\n\n\n<figure class=\"wp-block-image\"><img data-recalc-dims=\"1\" decoding=\"async\" src=\"https:\/\/i0.wp.com\/piaui.folha.uol.com.br\/wp-content\/uploads\/2021\/03\/1.-Cloroquinas-vacina-e-mortes.jpg?w=600&#038;ssl=1\" alt=\"\"\/><\/figure>\n\n\n\n<p>De mar\u00e7o de 2020 a janeiro de 2021, o Amazonas recebeu 511 mil comprimidos de hidroxicloroquina e difosfato de cloroquina enviados pelo Minist\u00e9rio da Sa\u00fade. Desse total, 130 mil foram entregues em janeiro de 2021, quando o estado atravessava o momento mais grave da pandemia e precisava de oxig\u00eanio. Por outro lado, em um ano de pandemia, o governo federal enviou apenas 162 mil testes r\u00e1pidos de Covid para o Amazonas.<\/p>\n\n\n\n<figure class=\"wp-block-image\"><img data-recalc-dims=\"1\" decoding=\"async\" src=\"https:\/\/i0.wp.com\/piaui.folha.uol.com.br\/wp-content\/uploads\/2021\/03\/2.-Cloroquinas-vacina-e-mortes.jpg?w=600&#038;ssl=1\" alt=\"\" class=\"wp-image-397008\"\/><\/figure>\n\n\n\n<p>O estado de Roraima foi o que recebeu a maior quantidade de cloroquina, proporcionalmente \u00e0 popula\u00e7\u00e3o: foram 420,5 mil comprimidos de difosfato de cloroquina, o suficiente para que 6 a cada 10 roraimenses tomassem o rem\u00e9dio. Quanto \u00e0s vacinas, apenas 120 mil doses chegaram ao estado at\u00e9 18 de mar\u00e7o. Ou seja: para cada vacina, h\u00e1 tr\u00eas comprimidos de cloroquina em Roraima.<\/p>\n\n\n\n<figure class=\"wp-block-image\"><img data-recalc-dims=\"1\" decoding=\"async\" src=\"https:\/\/i0.wp.com\/piaui.folha.uol.com.br\/wp-content\/uploads\/2021\/03\/3.-Cloroquinas-vacina-e-mortes.jpg?w=600&#038;ssl=1\" alt=\"\" class=\"wp-image-397009\"\/><\/figure>\n\n\n\n<p>Em junho do ano passado, o Minist\u00e9rio da Sa\u00fade despachou 100,5 mil comprimidos de difosfato de cloroquina para dois Distritos Sanit\u00e1rios Especiais Ind\u00edgenas (DSEI): o DSEI Yanomami e o DSEI Leste de Roraima. O primeiro, que, segundo dados do pr\u00f3prio Minist\u00e9rio, atende uma popula\u00e7\u00e3o de aproximadamente 28,1 mil ind\u00edgenas, recebeu 39,5 mil comprimidos. O segundo, que atende 53,6 mil ind\u00edgenas, recebeu 61 mil comprimidos.<\/p>\n\n\n\n<figure class=\"wp-block-image\"><img data-recalc-dims=\"1\" decoding=\"async\" src=\"https:\/\/i0.wp.com\/piaui.folha.uol.com.br\/wp-content\/uploads\/2021\/03\/4.-Cloroquinas-vacina-e-mortes.jpg?w=600&#038;ssl=1\" alt=\"\" class=\"wp-image-397010\"\/><\/figure>\n\n\n\n<p>Dentre as capitais brasileiras, Vit\u00f3ria (ES) foi a que recebeu a maior quantidade de cloroquina do governo federal, proporcionalmente \u00e0 popula\u00e7\u00e3o. Foram 54 mil comprimidos, o suficiente para 15% da popula\u00e7\u00e3o. O dado considera apenas as entregas feitas diretamente pelo Minist\u00e9rio da Sa\u00fade \u00e0s capitais, sem levar em conta repasses que possam ter sido feitos pelos governos estaduais. At\u00e9 18 de mar\u00e7o, Vit\u00f3ria acumulava uma taxa de 200 mortes por Covid a cada 100 mil habitantes&nbsp;\u2013&nbsp;n\u00famero 47% maior que a taxa brasileira, de 136 mortes por 100 mil habitantes.<\/p>\n\n\n\n<figure class=\"wp-block-image\"><img data-recalc-dims=\"1\" decoding=\"async\" src=\"https:\/\/i0.wp.com\/piaui.folha.uol.com.br\/wp-content\/uploads\/2021\/03\/5.-Cloroquinas-vacina-e-mortes.jpg?w=600&#038;ssl=1\" alt=\"\" class=\"wp-image-397011\"\/><\/figure>\n\n\n\n<p>Nas duas primeiras semanas de mar\u00e7o de 2021, o Brasil registrou 24,3 mil mortes por Covid e aplicou 3,4 milh\u00f5es de doses de vacina. Isso significa que, durante esses quinze dias, o pa\u00eds respondeu por 19%&nbsp;\u2013 quase um quinto&nbsp;\u2013 das mortes causadas pela pandemia no mundo todo, mas aplicou s\u00f3 3% das doses de vacina aplicadas no mundo.<\/p>\n\n\n\n<figure class=\"wp-block-image\"><img data-recalc-dims=\"1\" decoding=\"async\" src=\"https:\/\/i0.wp.com\/piaui.folha.uol.com.br\/wp-content\/uploads\/2021\/03\/6.-Cloroquinas-vacina-e-mortes.jpg?w=600&#038;ssl=1\" alt=\"\" class=\"wp-image-397012\"\/><\/figure>\n\n\n\n<p>At\u00e9 17 de mar\u00e7o, a cidade de S\u00e3o Jo\u00e3o das Miss\u00f5es era a mais avan\u00e7ada de Minas Gerais no quesito vacina\u00e7\u00e3o: 39% de seus habitantes j\u00e1 tinham recebido a primeira dose da vacina contra a Covid-19. Isso se deve principalmente ao fato de a cidade de 13 mil habitantes ter uma grande popula\u00e7\u00e3o ind\u00edgena, que \u00e9 grupo de risco e tem prioridade na fila da imuniza\u00e7\u00e3o. A cidade mineira que menos foi vacinada at\u00e9 17 de mar\u00e7o \u00e9 Rio Pardo de Minas, que s\u00f3 aplicou a primeira dose em 0,2% de sua popula\u00e7\u00e3o.<\/p>\n\n\n\n<figure class=\"wp-block-image\"><img data-recalc-dims=\"1\" decoding=\"async\" src=\"https:\/\/i0.wp.com\/piaui.folha.uol.com.br\/wp-content\/uploads\/2021\/03\/7.-Cloroquinas-vacina-e-mortes.jpg?w=600&#038;ssl=1\" alt=\"\" class=\"wp-image-397013\"\/><\/figure>\n\n\n\n<p>Em fevereiro de 2021, com a escalada da pandemia, o coronav\u00edrus matou 30,5 mil brasileiros. \u00c9 mais do que o total de mortes que a pandemia causou na Turquia nos \u00faltimos onze meses: at\u00e9 16 de mar\u00e7o, o pa\u00eds somava 28,5 mil mortes por Covid-19.<\/p>\n\n\n\n<p><strong>Fontes:&nbsp;<\/strong>Dados abertos do governo federal; Minist\u00e9rio da Sa\u00fade; Secretaria de Sa\u00fade de Roraima; IBGE; Prefeitura de Vit\u00f3ria; Cons\u00f3rcio de ve\u00edculos da imprensa; Our World in Data; Secretaria de Sa\u00fade de Minas Gerais; Johns Hopkins University.<br><\/p>\n\n\n\n<p class=\"has-text-align-left\"><br><br> <\/p>\n","protected":false},"excerpt":{"rendered":"<p>LUIGI MAZZA E RENATA BUONO, na Revista Piau\u00ed<\/p>\n","protected":false},"author":1,"featured_media":0,"comment_status":"closed","ping_status":"open","sticky":false,"template":"","format":"standard","meta":{"_exactmetrics_skip_tracking":false,"_exactmetrics_sitenote_active":false,"_exactmetrics_sitenote_note":"","_exactmetrics_sitenote_category":0,"jetpack_post_was_ever_published":false,"_jetpack_newsletter_access":"","_jetpack_dont_email_post_to_subs":false,"_jetpack_newsletter_tier_id":0,"_jetpack_memberships_contains_paywalled_content":false,"_jetpack_memberships_contains_paid_content":false,"footnotes":"","jetpack_publicize_message":"","jetpack_publicize_feature_enabled":true,"jetpack_social_post_already_shared":true,"jetpack_social_options":{"image_generator_settings":{"template":"highway","enabled":false},"version":2}},"categories":[1],"tags":[432,53,430,366,431],"class_list":["post-31258","post","type-post","status-publish","format-standard","hentry","category-notas","tag-amazonas","tag-bolsonaro","tag-cloroquina","tag-pandemia","tag-roraima"],"jetpack_publicize_connections":[],"jetpack_sharing_enabled":true,"jetpack_featured_media_url":"","jetpack_shortlink":"https:\/\/wp.me\/p7wKYW-88a","jetpack-related-posts":[],"_links":{"self":[{"href":"http:\/\/blogdalucianaoliveira.com.br\/blog\/wp-json\/wp\/v2\/posts\/31258","targetHints":{"allow":["GET"]}}],"collection":[{"href":"http:\/\/blogdalucianaoliveira.com.br\/blog\/wp-json\/wp\/v2\/posts"}],"about":[{"href":"http:\/\/blogdalucianaoliveira.com.br\/blog\/wp-json\/wp\/v2\/types\/post"}],"author":[{"embeddable":true,"href":"http:\/\/blogdalucianaoliveira.com.br\/blog\/wp-json\/wp\/v2\/users\/1"}],"replies":[{"embeddable":true,"href":"http:\/\/blogdalucianaoliveira.com.br\/blog\/wp-json\/wp\/v2\/comments?post=31258"}],"version-history":[{"count":1,"href":"http:\/\/blogdalucianaoliveira.com.br\/blog\/wp-json\/wp\/v2\/posts\/31258\/revisions"}],"predecessor-version":[{"id":31259,"href":"http:\/\/blogdalucianaoliveira.com.br\/blog\/wp-json\/wp\/v2\/posts\/31258\/revisions\/31259"}],"wp:attachment":[{"href":"http:\/\/blogdalucianaoliveira.com.br\/blog\/wp-json\/wp\/v2\/media?parent=31258"}],"wp:term":[{"taxonomy":"category","embeddable":true,"href":"http:\/\/blogdalucianaoliveira.com.br\/blog\/wp-json\/wp\/v2\/categories?post=31258"},{"taxonomy":"post_tag","embeddable":true,"href":"http:\/\/blogdalucianaoliveira.com.br\/blog\/wp-json\/wp\/v2\/tags?post=31258"}],"curies":[{"name":"wp","href":"https:\/\/api.w.org\/{rel}","templated":true}]}}