{"id":31260,"date":"2021-03-22T12:11:03","date_gmt":"2021-03-22T16:11:03","guid":{"rendered":"http:\/\/blogdalucianaoliveira.com.br\/blog\/?p=31260"},"modified":"2021-03-22T12:11:06","modified_gmt":"2021-03-22T16:11:06","slug":"com-popularidade-em-queda-bolsonaro-ameaca","status":"publish","type":"post","link":"http:\/\/blogdalucianaoliveira.com.br\/blog\/2021\/03\/22\/com-popularidade-em-queda-bolsonaro-ameaca\/","title":{"rendered":"COM POPULARIDADE EM QUEDA, BOLSONARO AMEA\u00c7A"},"content":{"rendered":"\n<figure class=\"wp-block-image\"><img data-recalc-dims=\"1\" decoding=\"async\" src=\"https:\/\/i0.wp.com\/cdn.oantagonista.net\/cdn-cgi\/image\/fit%3Dcontain%2Cwidth%3D573%2Cheight%3D312%2Cformat%3Dwebp\/uploads\/2021\/03\/Captura-de-Tela-2021-03-21-a%25CC%2580s-12.01.51.png?w=600&#038;ssl=1\" alt=\"Manifestantes fazem carreata por anivers\u00e1rio de Bolsonaro | O Antagonista\"\/><\/figure>\n\n\n\n<p><strong>Canal Meio<\/strong> &#8211; \u201cS\u00f3 Deus me tira daqui.\u201d A exclama\u00e7\u00e3o enfurecida foi feita por Jair Bolsonaro diante de mais uma\u00a0<a href=\"https:\/\/www.poder360.com.br\/governo\/so-deus-me-tira-daqui-diz-bolsonaro-a-apoiadores-em-seu-aniversario\/\">aglomera\u00e7\u00e3o<\/a>\u00a0de apoiadores na porta do Pal\u00e1cio da Alvorada, desta vez para celebrar os 66 anos do presidente. De m\u00e1scara, Bolsonaro voltou a criticar as medidas de restri\u00e7\u00e3o adotadas por governadores e prefeitos e disse, em tom de amea\u00e7a: \u201cEst\u00e3o esticando a corda. Fa\u00e7o qualquer coisa pelo meu povo. Esse \u2018qualquer coisa\u2019 \u00e9 o que est\u00e1 na nossa Constitui\u00e7\u00e3o, no nosso direito de ir e vir.\u201d O presidente sacou, ainda, outra velha amea\u00e7a. \u201cContem com as For\u00e7as Armadas pela democracia e pela liberdade.\u201d (Poder360)<\/p>\n\n\n\n<!--more-->\n\n\n\n<p><strong>A preocupa\u00e7\u00e3o<\/strong>&nbsp;de Bolsonaro com sua perman\u00eancia no cargo n\u00e3o \u00e9 injustificada. Segundo a&nbsp;<em>Coluna do Estad\u00e3o<\/em>, l\u00edderes em Bras\u00edlia, at\u00e9 ent\u00e3o \u201cavessos a solavancos\u201d, j\u00e1 discutem se, diante do descontrole da Covid e da crise econ\u00f4mica, o&nbsp;<a href=\"https:\/\/politica.estadao.com.br\/blogs\/coluna-do-estadao\/duvida-sobre-futuro-de-bolsonaro-ja-paira-no-ar\/\">impedimento<\/a>&nbsp;do presidente paralisaria mais o pa\u00eds ou o faria avan\u00e7ar. Al\u00e9m disso, o Centr\u00e3o est\u00e1 contabilizando os riscos de continuar com apoio a Bolsonaro em 2022. (Estad\u00e3o)<\/p>\n\n\n\n<p><strong>O fato&nbsp;<\/strong>\u00e9 que a crise da Covid, aux\u00edlio emergencial restrito e de valor mais baixo e o efeito da reapari\u00e7\u00e3o do ex-presidente Lula no cen\u00e1rio eleitoral amea\u00e7am a&nbsp;<a href=\"https:\/\/www1.folha.uol.com.br\/poder\/2021\/03\/crise-da-covid-efeito-lula-e-auxilio-desidratado-ameacam-base-de-bolsonaro-no-congresso.shtml\">base do governo<\/a>&nbsp;no Congresso. A sequ\u00eancia de m\u00e1s not\u00edcias para Bolsonaro \u00e9 simbolizada pela pesquisa do Datafolha segundo a qual 54% dos brasileiros consideram sua gest\u00e3o da pandemia ruim ou p\u00e9ssima. (Folha)<\/p>\n\n\n\n<p><strong>Mas isto n\u00e3o quer dizer<\/strong>&nbsp;que Bolsonaro cogite mudar de postura em rela\u00e7\u00e3o \u00e0 Covid. Na sexta-feira, o presidente&nbsp;<a href=\"https:\/\/epoca.globo.com\/brasil\/bolsonaro-liga-para-radio-defende-nebulizacao-de-cloroquina-em-paciente-com-covid-19-24935157\">telefonou<\/a>&nbsp;para uma r\u00e1dio de Camaqu\u00e3, no interior do Rio Grande do Sul, para defender ao vivo a nebuliza\u00e7\u00e3o com hidroxicloroquina em pacientes com a doen\u00e7a. Uma m\u00e9dica da cidade havia sido demitida por usar o \u201ctratamento\u201d, que n\u00e3o tem qualquer base cient\u00edfica. (\u00c9poca)<\/p>\n\n\n\n<p><strong>Bruno Boghossian:<\/strong>&nbsp;\u201cA eterna ilus\u00e3o de que Bolsonaro se tornaria um governante moderado circula h\u00e1 dois anos em Bras\u00edlia. Na pandemia,&nbsp;<a href=\"https:\/\/www1.folha.uol.com.br\/colunas\/bruno-boghossian\/2021\/03\/espera-inutil-por-moderacao-garante-impunidade-a-bolsonaro.shtml\">essa fantasia<\/a>&nbsp;ainda engana autoridades que aguardam pacientemente uma mudan\u00e7a de comportamento na gest\u00e3o da crise. Essa esperan\u00e7a in\u00fatil legou ao pa\u00eds a trag\u00e9dia impulsionada pelo radicalismo mort\u00edfero do presidente.\u201d (Folha)<\/p>\n","protected":false},"excerpt":{"rendered":"<p>Canal Meio &#8211; \u201cS\u00f3 Deus me tira daqui.\u201d A exclama\u00e7\u00e3o enfurecida foi feita por Jair Bolsonaro diante de mais uma\u00a0aglomera\u00e7\u00e3o\u00a0de apoiadores na porta do Pal\u00e1cio da Alvorada, desta vez para celebrar os 66 anos do presidente. De m\u00e1scara, Bolsonaro voltou a criticar as medidas de restri\u00e7\u00e3o adotadas por governadores e prefeitos e disse, em tom&#8230;<a class=\"more-link\" href=\"http:\/\/blogdalucianaoliveira.com.br\/blog\/2021\/03\/22\/com-popularidade-em-queda-bolsonaro-ameaca\/\">Continue a leitura <span class=\"meta-nav\">&raquo;<\/span><\/a><\/p>\n","protected":false},"author":1,"featured_media":0,"comment_status":"closed","ping_status":"open","sticky":false,"template":"","format":"standard","meta":{"_exactmetrics_skip_tracking":false,"_exactmetrics_sitenote_active":false,"_exactmetrics_sitenote_note":"","_exactmetrics_sitenote_category":0,"jetpack_post_was_ever_published":false,"_jetpack_newsletter_access":"","_jetpack_dont_email_post_to_subs":false,"_jetpack_newsletter_tier_id":0,"_jetpack_memberships_contains_paywalled_content":false,"_jetpack_memberships_contains_paid_content":false,"footnotes":"","jetpack_publicize_message":"","jetpack_publicize_feature_enabled":true,"jetpack_social_post_already_shared":true,"jetpack_social_options":{"image_generator_settings":{"template":"highway","enabled":false},"version":2}},"categories":[1],"tags":[143,53,430,433],"class_list":["post-31260","post","type-post","status-publish","format-standard","hentry","category-notas","tag-aniversario","tag-bolsonaro","tag-cloroquina","tag-queda"],"jetpack_publicize_connections":[],"jetpack_sharing_enabled":true,"jetpack_featured_media_url":"","jetpack_shortlink":"https:\/\/wp.me\/p7wKYW-88c","jetpack-related-posts":[],"_links":{"self":[{"href":"http:\/\/blogdalucianaoliveira.com.br\/blog\/wp-json\/wp\/v2\/posts\/31260","targetHints":{"allow":["GET"]}}],"collection":[{"href":"http:\/\/blogdalucianaoliveira.com.br\/blog\/wp-json\/wp\/v2\/posts"}],"about":[{"href":"http:\/\/blogdalucianaoliveira.com.br\/blog\/wp-json\/wp\/v2\/types\/post"}],"author":[{"embeddable":true,"href":"http:\/\/blogdalucianaoliveira.com.br\/blog\/wp-json\/wp\/v2\/users\/1"}],"replies":[{"embeddable":true,"href":"http:\/\/blogdalucianaoliveira.com.br\/blog\/wp-json\/wp\/v2\/comments?post=31260"}],"version-history":[{"count":1,"href":"http:\/\/blogdalucianaoliveira.com.br\/blog\/wp-json\/wp\/v2\/posts\/31260\/revisions"}],"predecessor-version":[{"id":31261,"href":"http:\/\/blogdalucianaoliveira.com.br\/blog\/wp-json\/wp\/v2\/posts\/31260\/revisions\/31261"}],"wp:attachment":[{"href":"http:\/\/blogdalucianaoliveira.com.br\/blog\/wp-json\/wp\/v2\/media?parent=31260"}],"wp:term":[{"taxonomy":"category","embeddable":true,"href":"http:\/\/blogdalucianaoliveira.com.br\/blog\/wp-json\/wp\/v2\/categories?post=31260"},{"taxonomy":"post_tag","embeddable":true,"href":"http:\/\/blogdalucianaoliveira.com.br\/blog\/wp-json\/wp\/v2\/tags?post=31260"}],"curies":[{"name":"wp","href":"https:\/\/api.w.org\/{rel}","templated":true}]}}