{"id":31262,"date":"2021-03-22T12:18:14","date_gmt":"2021-03-22T16:18:14","guid":{"rendered":"http:\/\/blogdalucianaoliveira.com.br\/blog\/?p=31262"},"modified":"2021-03-22T12:18:20","modified_gmt":"2021-03-22T16:18:20","slug":"brasileiros-sao-barrados-no-exterior-ha-10-meses-por-causa-da-covid-19","status":"publish","type":"post","link":"http:\/\/blogdalucianaoliveira.com.br\/blog\/2021\/03\/22\/brasileiros-sao-barrados-no-exterior-ha-10-meses-por-causa-da-covid-19\/","title":{"rendered":"Brasileiros s\u00e3o barrados no exterior h\u00e1 10 meses por causa da Covid-19"},"content":{"rendered":"\n<figure class=\"wp-block-image\"><img data-recalc-dims=\"1\" decoding=\"async\" src=\"https:\/\/i0.wp.com\/www.correiodopovo.com.br\/image\/policy%3A1.590350%3A1616356865\/.jpg?w=600&#038;ssl=1\" alt=\"Visitantes brasileiros ou com hist\u00f3rico de passagem pelo Brasil s\u00e3o barrados em pelo menos 30 pa\u00edses\"\/><\/figure>\n\n\n\n<p>Entrada nos Estados Unidos \u00e9 vedada desde maio e foi renovada por Biden. Imprensa estrangeira fala em \u201camea\u00e7a global\u201d. Vizinhos cogitam medidas extras.<\/p>\n\n\n\n<!--more-->\n\n\n\n<p><strong>Correio do Povo<\/strong><\/p>\n\n\n\n<p>A fama brasileira de descontrole do coronav\u00edrus se acentua e assusta boa parte do mundo, na pior semana desde o in\u00edcio da pandemia da Covid-19. No notici\u00e1rio internacional, a CNN foi uma das redes de televis\u00e3o a apresentar o Brasil como fonte de \u201camea\u00e7a global\u201d por causa do colapso hospitalar e de expans\u00e3o acelerada do v\u00edrus.<\/p>\n\n\n\n<p>Dias antes, o notici\u00e1rio europeu (BBC) classificou o Brasil como uma esp\u00e9cie de \u201claborat\u00f3rio\u201d onde se pode observar o que acontece quando o v\u00edrus \u201cse propaga sem controle\u201d- numa men\u00e7\u00e3o ao surgimento da nova cepa, denominada tecnicamente de P1, comprovadamente mais virulenta.<\/p>\n\n\n\n<p>As restri\u00e7\u00f5es \u00e0 circula\u00e7\u00e3o de brasileiros entre os pa\u00edses tamb\u00e9m se agravaram desde o surgimento da variante do coronav\u00edrus, que foi primeiro identificada em Manaus. Os Estados Unidos, que barraram a entrada de brasileiros em maio do ano passado, renovaram a restri\u00e7\u00e3o sob a gest\u00e3o de Joe Biden, e j\u00e1 identificaram a presen\u00e7a da P1 em mais de 20 estados. A descoberta recente de um caso em Nova Iorque levou o nome do Brasil novamente \u00e0s manchete, notas e declara\u00e7\u00f5es oficiais.<br><\/p>\n\n\n\n<p>Atualmente, visitantes brasileiros ou com hist\u00f3rico de passagem pelo Brasil s\u00e3o barrados em pelo menos 30 pa\u00edses. Mas o agravamento da crise interna de sa\u00fade levou pa\u00edses vizinhos a redobrarem cuidados. O Chile, considerado pa\u00eds modelo no continente de a\u00e7\u00f5es de controle da pandemia, j\u00e1 vacinou 20% da popula\u00e7\u00e3o. A Argentina adota, com sucesso, a vacina russa Sputinik V, que sequer tem aprova\u00e7\u00e3o pela Anvisa, no Brasil.<br><br><\/p>\n","protected":false},"excerpt":{"rendered":"<p>Entrada nos Estados Unidos \u00e9 vedada desde maio e foi renovada por Biden. Imprensa estrangeira fala em \u201camea\u00e7a global\u201d. Vizinhos cogitam medidas extras.<\/p>\n","protected":false},"author":1,"featured_media":0,"comment_status":"closed","ping_status":"open","sticky":false,"template":"","format":"standard","meta":{"_exactmetrics_skip_tracking":false,"_exactmetrics_sitenote_active":false,"_exactmetrics_sitenote_note":"","_exactmetrics_sitenote_category":0,"jetpack_post_was_ever_published":false,"_jetpack_newsletter_access":"","_jetpack_dont_email_post_to_subs":false,"_jetpack_newsletter_tier_id":0,"_jetpack_memberships_contains_paywalled_content":false,"_jetpack_memberships_contains_paid_content":false,"footnotes":"","jetpack_publicize_message":"","jetpack_publicize_feature_enabled":true,"jetpack_social_post_already_shared":true,"jetpack_social_options":{"image_generator_settings":{"template":"highway","enabled":false},"version":2}},"categories":[1],"tags":[434,5,363,436,435],"class_list":["post-31262","post","type-post","status-publish","format-standard","hentry","category-notas","tag-barrado","tag-brasil","tag-covid","tag-paria","tag-viagens"],"jetpack_publicize_connections":[],"jetpack_sharing_enabled":true,"jetpack_featured_media_url":"","jetpack_shortlink":"https:\/\/wp.me\/p7wKYW-88e","jetpack-related-posts":[],"_links":{"self":[{"href":"http:\/\/blogdalucianaoliveira.com.br\/blog\/wp-json\/wp\/v2\/posts\/31262","targetHints":{"allow":["GET"]}}],"collection":[{"href":"http:\/\/blogdalucianaoliveira.com.br\/blog\/wp-json\/wp\/v2\/posts"}],"about":[{"href":"http:\/\/blogdalucianaoliveira.com.br\/blog\/wp-json\/wp\/v2\/types\/post"}],"author":[{"embeddable":true,"href":"http:\/\/blogdalucianaoliveira.com.br\/blog\/wp-json\/wp\/v2\/users\/1"}],"replies":[{"embeddable":true,"href":"http:\/\/blogdalucianaoliveira.com.br\/blog\/wp-json\/wp\/v2\/comments?post=31262"}],"version-history":[{"count":1,"href":"http:\/\/blogdalucianaoliveira.com.br\/blog\/wp-json\/wp\/v2\/posts\/31262\/revisions"}],"predecessor-version":[{"id":31263,"href":"http:\/\/blogdalucianaoliveira.com.br\/blog\/wp-json\/wp\/v2\/posts\/31262\/revisions\/31263"}],"wp:attachment":[{"href":"http:\/\/blogdalucianaoliveira.com.br\/blog\/wp-json\/wp\/v2\/media?parent=31262"}],"wp:term":[{"taxonomy":"category","embeddable":true,"href":"http:\/\/blogdalucianaoliveira.com.br\/blog\/wp-json\/wp\/v2\/categories?post=31262"},{"taxonomy":"post_tag","embeddable":true,"href":"http:\/\/blogdalucianaoliveira.com.br\/blog\/wp-json\/wp\/v2\/tags?post=31262"}],"curies":[{"name":"wp","href":"https:\/\/api.w.org\/{rel}","templated":true}]}}