{"id":31267,"date":"2021-03-23T09:00:54","date_gmt":"2021-03-23T13:00:54","guid":{"rendered":"http:\/\/blogdalucianaoliveira.com.br\/blog\/?p=31267"},"modified":"2021-03-23T09:00:58","modified_gmt":"2021-03-23T13:00:58","slug":"governadores-denunciam-pais-esta-sem-ministro-da-saude-no-pior-momento-da-pandemia","status":"publish","type":"post","link":"http:\/\/blogdalucianaoliveira.com.br\/blog\/2021\/03\/23\/governadores-denunciam-pais-esta-sem-ministro-da-saude-no-pior-momento-da-pandemia\/","title":{"rendered":"Governadores denunciam: pa\u00eds est\u00e1 sem ministro da Sa\u00fade no pior momento da pandemia"},"content":{"rendered":"\n<figure class=\"wp-block-image\"><img data-recalc-dims=\"1\" decoding=\"async\" src=\"https:\/\/i0.wp.com\/publisher-publish.s3.eu-central-1.amazonaws.com\/pb-brasil247\/swp\/jtjeq9\/media\/2021032309034_5f1279181b9b38e77ba8806eeaee20c87f39fd4b46a09f4b4dc04810837a2999.jpg?w=600&#038;ssl=1\" alt=\"\"\/><\/figure>\n\n\n\n<p><strong>247 &#8211;\u00a0<\/strong>Governadores e secret\u00e1rios de Estados e munic\u00edpios que procuraram o Minist\u00e9rio da Sa\u00fade nos \u00faltimos dias denunciam que a pasta est\u00e1 sem comando no prio momento da pandemia de Covid-19. O novo ministro da Sa\u00fade, Marcelo Queiroga, ainda n\u00e3o foi nomeado oficialmente para o cargo e o general Eduardo Pazuello, que est\u00e1 demission\u00e1rio, ainda n\u00e3o deixou o posto.\u00a0 <\/p>\n\n\n\n<!--more-->\n\n\n\n<p>\u201cTemos dois ministros e, na verdade, n\u00e3o temos nenhum\u201d, disse o governador de S\u00e3o Paulo, Jo\u00e3o Doria (PSDB), segundo reportagem do jornal\u00a0<a rel=\"noreferrer noopener\" target=\"_blank\" href=\"https:\/\/saude.estadao.com.br\/noticias\/geral,com-ministro-demissionario-e-outro-sem-assumir-saude-vive-situacao-de-acefalia-dizem-estados,70003656643\">O Estado de S. Paulo<\/a>. \u201cO que entra n\u00e3o est\u00e1 autorizado a agir como ministro, porque n\u00e3o recebeu a sua nomea\u00e7\u00e3o. O outro, que sai, n\u00e3o est\u00e1 com disposi\u00e7\u00e3o de determinar, orientar e comandar, porque j\u00e1 \u00e9 um ex-ministro, ainda que ocupando o cargo\u201d, completou o governador tucano.\u00a0<br><\/p>\n\n\n\n<p>Um dos fatores para o atraso na nomea\u00e7\u00e3o de Queiroga est\u00e1 no fato de que ele precisa se desligar da sociedade em empresas das quais possui participa\u00e7\u00e3o societ\u00e1ria. \u00a0<br><\/p>\n\n\n\n<p>Para o \u00a0governador da Bahia, Rui Costa (PT), a situa\u00e7\u00e3o coloca o Brasil em \u201cbarco \u00e0 deriva\u201d. \u00a0\u201cN\u00e3o se pode fazer exonera\u00e7\u00e3o e nomea\u00e7\u00e3o no ger\u00fandio, demitindo um ministro e nomeando um novo h\u00e1 uma semana. Quem est\u00e1 tentando salvar vidas neste momento fica se perguntando: com quem eu falo? Quem est\u00e1 decidindo neste momento? O Brasil \u00e9 um barco \u00e0 deriva\u201d.\u00a0<br><\/p>\n\n\n\n<p>A aus\u00eancia de um respons\u00e1vel pela pasta ocorre no pior momento desde o in\u00edcio da pandemia, com o sistema de sa\u00fade \u00e0 beira do colapso na maioria dos estados. Tamb\u00e9m h\u00e1 risco da falta de medicamentos e anest\u00e9sicos utilizados na intuba\u00e7\u00e3o de pacientes com Covid-19.\u00a0<br>Segundo a reportagem, os secret\u00e1rios estaduais e municipais dizem eu as tratativas est\u00e3o acontecendo por meio do secret\u00e1rio-executivo da Sa\u00fade, Elcio Franco, que deve deixar o minist\u00e9rio com a sa\u00edda de Pazuello. \u00a0A equipe que dever\u00e1 ser nomeada por Queiroga ainda \u00e9 desconhecida.\u00a0<br>Nesta segunda-feira (22), o Brasil registrou mais de 295 mil mortos e 12 milh\u00f5es de infectados pela Covid-19. \u00a0<br><\/p>\n","protected":false},"excerpt":{"rendered":"<p>247 &#8211;\u00a0Governadores e secret\u00e1rios de Estados e munic\u00edpios que procuraram o Minist\u00e9rio da Sa\u00fade nos \u00faltimos dias denunciam que a pasta est\u00e1 sem comando no prio momento da pandemia de Covid-19. O novo ministro da Sa\u00fade, Marcelo Queiroga, ainda n\u00e3o foi nomeado oficialmente para o cargo e o general Eduardo Pazuello, que est\u00e1 demission\u00e1rio, ainda&#8230;<a class=\"more-link\" href=\"http:\/\/blogdalucianaoliveira.com.br\/blog\/2021\/03\/23\/governadores-denunciam-pais-esta-sem-ministro-da-saude-no-pior-momento-da-pandemia\/\">Continue a leitura <span class=\"meta-nav\">&raquo;<\/span><\/a><\/p>\n","protected":false},"author":1,"featured_media":0,"comment_status":"closed","ping_status":"open","sticky":false,"template":"","format":"standard","meta":{"_exactmetrics_skip_tracking":false,"_exactmetrics_sitenote_active":false,"_exactmetrics_sitenote_note":"","_exactmetrics_sitenote_category":0,"jetpack_post_was_ever_published":false,"_jetpack_newsletter_access":"","_jetpack_dont_email_post_to_subs":false,"_jetpack_newsletter_tier_id":0,"_jetpack_memberships_contains_paywalled_content":false,"_jetpack_memberships_contains_paid_content":false,"footnotes":"","jetpack_publicize_message":"","jetpack_publicize_feature_enabled":true,"jetpack_social_post_already_shared":true,"jetpack_social_options":{"image_generator_settings":{"template":"highway","enabled":false},"version":2}},"categories":[1],"tags":[],"class_list":["post-31267","post","type-post","status-publish","format-standard","hentry","category-notas"],"jetpack_publicize_connections":[],"jetpack_sharing_enabled":true,"jetpack_featured_media_url":"","jetpack_shortlink":"https:\/\/wp.me\/p7wKYW-88j","jetpack-related-posts":[],"_links":{"self":[{"href":"http:\/\/blogdalucianaoliveira.com.br\/blog\/wp-json\/wp\/v2\/posts\/31267","targetHints":{"allow":["GET"]}}],"collection":[{"href":"http:\/\/blogdalucianaoliveira.com.br\/blog\/wp-json\/wp\/v2\/posts"}],"about":[{"href":"http:\/\/blogdalucianaoliveira.com.br\/blog\/wp-json\/wp\/v2\/types\/post"}],"author":[{"embeddable":true,"href":"http:\/\/blogdalucianaoliveira.com.br\/blog\/wp-json\/wp\/v2\/users\/1"}],"replies":[{"embeddable":true,"href":"http:\/\/blogdalucianaoliveira.com.br\/blog\/wp-json\/wp\/v2\/comments?post=31267"}],"version-history":[{"count":1,"href":"http:\/\/blogdalucianaoliveira.com.br\/blog\/wp-json\/wp\/v2\/posts\/31267\/revisions"}],"predecessor-version":[{"id":31268,"href":"http:\/\/blogdalucianaoliveira.com.br\/blog\/wp-json\/wp\/v2\/posts\/31267\/revisions\/31268"}],"wp:attachment":[{"href":"http:\/\/blogdalucianaoliveira.com.br\/blog\/wp-json\/wp\/v2\/media?parent=31267"}],"wp:term":[{"taxonomy":"category","embeddable":true,"href":"http:\/\/blogdalucianaoliveira.com.br\/blog\/wp-json\/wp\/v2\/categories?post=31267"},{"taxonomy":"post_tag","embeddable":true,"href":"http:\/\/blogdalucianaoliveira.com.br\/blog\/wp-json\/wp\/v2\/tags?post=31267"}],"curies":[{"name":"wp","href":"https:\/\/api.w.org\/{rel}","templated":true}]}}