{"id":31282,"date":"2021-03-24T17:02:44","date_gmt":"2021-03-24T21:02:44","guid":{"rendered":"http:\/\/blogdalucianaoliveira.com.br\/blog\/?p=31282"},"modified":"2021-03-24T17:02:45","modified_gmt":"2021-03-24T21:02:45","slug":"feministas-lancam-campanha-em-combate-ao-feminicidio-na-quinta-25-03","status":"publish","type":"post","link":"http:\/\/blogdalucianaoliveira.com.br\/blog\/2021\/03\/24\/feministas-lancam-campanha-em-combate-ao-feminicidio-na-quinta-25-03\/","title":{"rendered":"Feministas lan\u00e7am campanha em combate ao feminic\u00eddio na quinta (25\/03)"},"content":{"rendered":"\n<figure class=\"wp-block-image size-large\"><img loading=\"lazy\" decoding=\"async\" width=\"1042\" height=\"630\" data-attachment-id=\"31284\" data-permalink=\"http:\/\/blogdalucianaoliveira.com.br\/blog\/2021\/03\/24\/feministas-lancam-campanha-em-combate-ao-feminicidio-na-quinta-25-03\/2755ed31-f7d5-4ba7-b65e-5c2d213290fe\/\" data-orig-file=\"https:\/\/i0.wp.com\/blogdalucianaoliveira.com.br\/blog\/wp-content\/uploads\/2021\/03\/2755ED31-F7D5-4BA7-B65E-5C2D213290FE.jpeg?fit=1042%2C630\" data-orig-size=\"1042,630\" data-comments-opened=\"0\" data-image-meta=\"{&quot;aperture&quot;:&quot;0&quot;,&quot;credit&quot;:&quot;&quot;,&quot;camera&quot;:&quot;&quot;,&quot;caption&quot;:&quot;&quot;,&quot;created_timestamp&quot;:&quot;0&quot;,&quot;copyright&quot;:&quot;&quot;,&quot;focal_length&quot;:&quot;0&quot;,&quot;iso&quot;:&quot;0&quot;,&quot;shutter_speed&quot;:&quot;0&quot;,&quot;title&quot;:&quot;&quot;,&quot;orientation&quot;:&quot;1&quot;}\" data-image-title=\"2755ED31-F7D5-4BA7-B65E-5C2D213290FE\" data-image-description=\"\" data-image-caption=\"\" data-medium-file=\"https:\/\/i0.wp.com\/blogdalucianaoliveira.com.br\/blog\/wp-content\/uploads\/2021\/03\/2755ED31-F7D5-4BA7-B65E-5C2D213290FE.jpeg?fit=300%2C181\" data-large-file=\"https:\/\/i0.wp.com\/blogdalucianaoliveira.com.br\/blog\/wp-content\/uploads\/2021\/03\/2755ED31-F7D5-4BA7-B65E-5C2D213290FE.jpeg?fit=600%2C363\" src=\"https:\/\/i1.wp.com\/blogdalucianaoliveira.com.br\/blog\/wp-content\/uploads\/2021\/03\/2755ED31-F7D5-4BA7-B65E-5C2D213290FE.jpeg?fit=600%2C363\" alt=\"\" class=\"wp-image-31284\" srcset=\"https:\/\/i0.wp.com\/blogdalucianaoliveira.com.br\/blog\/wp-content\/uploads\/2021\/03\/2755ED31-F7D5-4BA7-B65E-5C2D213290FE.jpeg?w=1042 1042w, https:\/\/i0.wp.com\/blogdalucianaoliveira.com.br\/blog\/wp-content\/uploads\/2021\/03\/2755ED31-F7D5-4BA7-B65E-5C2D213290FE.jpeg?resize=300%2C181 300w, https:\/\/i0.wp.com\/blogdalucianaoliveira.com.br\/blog\/wp-content\/uploads\/2021\/03\/2755ED31-F7D5-4BA7-B65E-5C2D213290FE.jpeg?resize=1024%2C619 1024w, https:\/\/i0.wp.com\/blogdalucianaoliveira.com.br\/blog\/wp-content\/uploads\/2021\/03\/2755ED31-F7D5-4BA7-B65E-5C2D213290FE.jpeg?resize=768%2C464 768w, https:\/\/i0.wp.com\/blogdalucianaoliveira.com.br\/blog\/wp-content\/uploads\/2021\/03\/2755ED31-F7D5-4BA7-B65E-5C2D213290FE.jpeg?resize=496%2C300 496w\" sizes=\"auto, (max-width: 600px) 100vw, 600px\" \/><\/figure>\n\n\n\n<p>Lan\u00e7amento ser\u00e1 por meio de live no canal do Youtube, para discutir o crescimento de n\u00fameros deste crime contra a mulher no isolamento social.<\/p>\n\n\n\n<!--more-->\n\n\n\n<p>Por\u00a0<strong>Gabriela Le\u00e3o Silva<\/strong>, Estado de Minas <\/p>\n\n\n\n<p><strong>Feministas<\/strong>\u00a0de v\u00e1rias regi\u00f5es do Brasil criaram a\u00a0<strong>campanha<\/strong>\u00a0contra o\u00a0<strong>feminic\u00eddio<\/strong>\u00a0que ser\u00e1 lan\u00e7ada por meio de live no<strong>\u00a0Youtube<\/strong>\u00a0a partir das 10h desta quinta-feira (25\/03). O movimento, que j\u00e1 conta com mais de 25 mil assinaturas, se chama Levante Feminista contra o Feminic\u00eddio e conta com as hashtags #NemPenseEmMeMatar e #QuemMataUmaMulherMataAHumanidade.<br><\/p>\n\n\n\n<p>Segundo a assessoria de imprensa, a id\u00e9ia da campanha partiu de uma&nbsp;<strong>conversa&nbsp;<\/strong>informal por meio de grupos feministas nas redes sociais, entre a soci\u00f3loga Vilma Reis, refer\u00eancia dos movimentos negros no pa\u00eds e integrante da Coaliz\u00e3o Negra Por Direitos, a fil\u00f3sofa Marcia Tiburi, escritora e artista, e a pesquisadora e assistente social Tania Palma.<\/p>\n\n\n\n<p>De acordo com a assessoria, as ativistas criaram um&nbsp;<strong>manifesto<\/strong>&nbsp;compartilhado publicamente nos grupos das redes sociais no dia (12\/3), para tentar trazer mais pessoas para apoiar a&nbsp;<strong>campanha<\/strong>. O manifesto cresceu rapidamente e em tr\u00eas dias o documento obteve mais de oito mil assinaturas.<\/p>\n\n\n\n<p>Atualmente, o movimento \u00e9 composto por cerca de 200 pessoas que se articulam\u00a0<strong>remotamente\u00a0<\/strong>para a constru\u00e7\u00e3o de uma a\u00e7\u00e3o conjunta pela vida das mulheres. Entre elas, est\u00e3o mulheres negras, ind\u00edgenas, quilombolas, ribeirinhas, das \u00e1guas, das florestas, antiproibicionistas, parlamentares, dos movimentos LBTQIA%2b e de outros segmentos das organiza\u00e7\u00f5es populares e da sociedade civil.<\/p>\n\n\n\n<p>Em nota, o manifesto pontua de forma&nbsp;<strong>contundente&nbsp;<\/strong>que a exist\u00eancia de uma &#8216;cultura de \u00f3dio&#8217; direcionada \u00e0s mulheres brasileiras precisa chegar ao fim, e que a pr\u00e1tica do crime de feminic\u00eddio &#8216;nunca esteve t\u00e3o ostensiva e extremista&#8217; quanto agora, no governo do presidente Jair Bolsonaro (sem partido) e, sobretudo, no contexto da pandemia do COVID-19, quando o isolamento social \u00e9 necess\u00e1rio.<\/p>\n\n\n\n<p>Dados mostram que desde o in\u00edcio da pandemia, foi registrado aumento de 1,9% deste crime. Nos primeiros seis meses de isolamento, foram mortas 648 brasileiras, a maioria negras e vivendo em&nbsp;<strong>desigualdade&nbsp;<\/strong>social.<\/p>\n\n\n\n<p>Vilma Reis contextualizou a id\u00e9ia, dizendo que &#8216;organizamos o levante feminista para conter a&nbsp;<strong>matan\u00e7a&nbsp;<\/strong>de mulheres no pa\u00eds. \u00c9 a nossa forma de discordar dos decretos de armas e de toda essa onda mis\u00f3gina patriarcal que n\u00f3s estamos vivenciando&#8217;.<\/p>\n\n\n\n<p>J\u00e1 T\u00e2nia Palma explica que &#8216;n\u00f3s estamos fazendo um&nbsp;<strong>trabalho&nbsp;<\/strong>de base e queremos agregar o maior n\u00famero de mulheres que pudermos, mesmo aquelas que n\u00e3o se entendem como feministas&#8217;.<\/p>\n\n\n\n<p>E M\u00e1rcia Tiburi completa ressaltando que &#8216;trata-se de uma guerra\u00a0<strong>sangrenta\u00a0<\/strong>que precisa parar. O que desejamos com a nossa campanha \u00e9 estancar esse banho de sangue que vem sendo promovido pelo machismo e pela espetaculariza\u00e7\u00e3o da viol\u00eancia que dele faz parte&#8217;.<\/p>\n\n\n\n<p>A campanha, que est\u00e1 divulgada nas redes sociais, ter\u00e1 a\u00e7\u00f5es pontuais em cada estado, organizadas pelas mulheres que vivem e conhecem a&nbsp;<strong>realidade&nbsp;<\/strong>espec\u00edfica do feminic\u00eddio em cada lugar.&nbsp;<br>Segundo a assessoria, para divulgar a campanha est\u00e3o sendo criados materiais de&nbsp;<strong>comunica\u00e7\u00e3o&nbsp;<\/strong>com a figura dos girass\u00f3is amarelos que simboliza sinal de esperan\u00e7a e celebra\u00e7\u00e3o de vida. Com a hashtag #NemPenseEmMeMatar, a frente busca atingir um p\u00fablico amplo e disseminar a ideia de que a viol\u00eancia contra a mulher \u00e9 um problema que afeta n\u00e3o s\u00f3 as fam\u00edlias, mas a sociedade inteira.&nbsp;<\/p>\n\n\n\n<p><\/p>\n","protected":false},"excerpt":{"rendered":"<p>Lan\u00e7amento ser\u00e1 por meio de live no canal do Youtube, para discutir o crescimento de n\u00fameros deste crime contra a mulher no isolamento social.<\/p>\n","protected":false},"author":1,"featured_media":0,"comment_status":"closed","ping_status":"open","sticky":false,"template":"","format":"standard","meta":{"_exactmetrics_skip_tracking":false,"_exactmetrics_sitenote_active":false,"_exactmetrics_sitenote_note":"","_exactmetrics_sitenote_category":0,"jetpack_post_was_ever_published":false,"_jetpack_newsletter_access":"","_jetpack_dont_email_post_to_subs":false,"_jetpack_newsletter_tier_id":0,"_jetpack_memberships_contains_paywalled_content":false,"_jetpack_memberships_contains_paid_content":false,"footnotes":"","jetpack_publicize_message":"","jetpack_publicize_feature_enabled":true,"jetpack_social_post_already_shared":true,"jetpack_social_options":{"image_generator_settings":{"template":"highway","enabled":false},"version":2}},"categories":[1],"tags":[438],"class_list":["post-31282","post","type-post","status-publish","format-standard","hentry","category-notas","tag-levante-feminosta"],"jetpack_publicize_connections":[],"jetpack_sharing_enabled":true,"jetpack_featured_media_url":"","jetpack_shortlink":"https:\/\/wp.me\/p7wKYW-88y","jetpack-related-posts":[],"_links":{"self":[{"href":"http:\/\/blogdalucianaoliveira.com.br\/blog\/wp-json\/wp\/v2\/posts\/31282","targetHints":{"allow":["GET"]}}],"collection":[{"href":"http:\/\/blogdalucianaoliveira.com.br\/blog\/wp-json\/wp\/v2\/posts"}],"about":[{"href":"http:\/\/blogdalucianaoliveira.com.br\/blog\/wp-json\/wp\/v2\/types\/post"}],"author":[{"embeddable":true,"href":"http:\/\/blogdalucianaoliveira.com.br\/blog\/wp-json\/wp\/v2\/users\/1"}],"replies":[{"embeddable":true,"href":"http:\/\/blogdalucianaoliveira.com.br\/blog\/wp-json\/wp\/v2\/comments?post=31282"}],"version-history":[{"count":1,"href":"http:\/\/blogdalucianaoliveira.com.br\/blog\/wp-json\/wp\/v2\/posts\/31282\/revisions"}],"predecessor-version":[{"id":31285,"href":"http:\/\/blogdalucianaoliveira.com.br\/blog\/wp-json\/wp\/v2\/posts\/31282\/revisions\/31285"}],"wp:attachment":[{"href":"http:\/\/blogdalucianaoliveira.com.br\/blog\/wp-json\/wp\/v2\/media?parent=31282"}],"wp:term":[{"taxonomy":"category","embeddable":true,"href":"http:\/\/blogdalucianaoliveira.com.br\/blog\/wp-json\/wp\/v2\/categories?post=31282"},{"taxonomy":"post_tag","embeddable":true,"href":"http:\/\/blogdalucianaoliveira.com.br\/blog\/wp-json\/wp\/v2\/tags?post=31282"}],"curies":[{"name":"wp","href":"https:\/\/api.w.org\/{rel}","templated":true}]}}