{"id":31289,"date":"2021-03-25T11:58:45","date_gmt":"2021-03-25T15:58:45","guid":{"rendered":"http:\/\/blogdalucianaoliveira.com.br\/blog\/?p=31289"},"modified":"2021-03-25T12:01:05","modified_gmt":"2021-03-25T16:01:05","slug":"mulheres-promovem-atos-em-rondonia-por-campanha-que-denuncia-cultura-feminicida","status":"publish","type":"post","link":"http:\/\/blogdalucianaoliveira.com.br\/blog\/2021\/03\/25\/mulheres-promovem-atos-em-rondonia-por-campanha-que-denuncia-cultura-feminicida\/","title":{"rendered":"Mulheres promovem atos em Rond\u00f4nia por campanha que denuncia cultura feminicida"},"content":{"rendered":"\n<figure class=\"wp-block-image size-large\"><img data-recalc-dims=\"1\" loading=\"lazy\" decoding=\"async\" width=\"600\" height=\"250\" data-attachment-id=\"31294\" data-permalink=\"http:\/\/blogdalucianaoliveira.com.br\/blog\/2021\/03\/25\/mulheres-promovem-atos-em-rondonia-por-campanha-que-denuncia-cultura-feminicida\/sapa\/\" data-orig-file=\"https:\/\/i0.wp.com\/blogdalucianaoliveira.com.br\/blog\/wp-content\/uploads\/2021\/03\/sapa.jpg?fit=768%2C320\" data-orig-size=\"768,320\" data-comments-opened=\"0\" data-image-meta=\"{&quot;aperture&quot;:&quot;0&quot;,&quot;credit&quot;:&quot;&quot;,&quot;camera&quot;:&quot;&quot;,&quot;caption&quot;:&quot;&quot;,&quot;created_timestamp&quot;:&quot;0&quot;,&quot;copyright&quot;:&quot;&quot;,&quot;focal_length&quot;:&quot;0&quot;,&quot;iso&quot;:&quot;0&quot;,&quot;shutter_speed&quot;:&quot;0&quot;,&quot;title&quot;:&quot;&quot;,&quot;orientation&quot;:&quot;0&quot;}\" data-image-title=\"sapa\" data-image-description=\"\" data-image-caption=\"\" data-medium-file=\"https:\/\/i0.wp.com\/blogdalucianaoliveira.com.br\/blog\/wp-content\/uploads\/2021\/03\/sapa.jpg?fit=300%2C125\" data-large-file=\"https:\/\/i0.wp.com\/blogdalucianaoliveira.com.br\/blog\/wp-content\/uploads\/2021\/03\/sapa.jpg?fit=600%2C250\" src=\"https:\/\/i0.wp.com\/blogdalucianaoliveira.com.br\/blog\/wp-content\/uploads\/2021\/03\/sapa.jpg?resize=600%2C250&#038;ssl=1\" alt=\"\" class=\"wp-image-31294\" srcset=\"https:\/\/i0.wp.com\/blogdalucianaoliveira.com.br\/blog\/wp-content\/uploads\/2021\/03\/sapa.jpg?w=768 768w, https:\/\/i0.wp.com\/blogdalucianaoliveira.com.br\/blog\/wp-content\/uploads\/2021\/03\/sapa.jpg?resize=300%2C125 300w, https:\/\/i0.wp.com\/blogdalucianaoliveira.com.br\/blog\/wp-content\/uploads\/2021\/03\/sapa.jpg?resize=720%2C300 720w\" sizes=\"auto, (max-width: 600px) 100vw, 600px\" \/><\/figure>\n\n\n\n<p>Come\u00e7ou nesta quinta-feira, 25, o Levante Feminista contra o Feminic\u00eddio, uma frente suprapartid\u00e1ria para a constru\u00e7\u00e3o de uma a\u00e7\u00e3o conjunta pela vida das mulheres. <\/p>\n\n\n\n<p>A campanha \u201cNem Pense em Me Matar\u201d, apoiada na ideia: \u201cQuem mata uma mulher mata a humanidade!\u201d mobiliza mulheres de Norte a Sul do pa\u00eds.<\/p>\n\n\n\n<!--more-->\n\n\n\n<p>Em Porto Velho, um ato com sapatos e cartazes foi realizado em frente ao F\u00f3rum Geral para simbolizar a import\u00e2ncia da prote\u00e7\u00e3o integral \u00e0s mulheres por meio de pol\u00edticas p\u00fablicas e a\u00e7\u00f5es judiciais.<\/p>\n\n\n\n<figure class=\"wp-block-image size-large\"><img data-recalc-dims=\"1\" loading=\"lazy\" decoding=\"async\" width=\"600\" height=\"800\" data-attachment-id=\"31290\" data-permalink=\"http:\/\/blogdalucianaoliveira.com.br\/blog\/2021\/03\/25\/mulheres-promovem-atos-em-rondonia-por-campanha-que-denuncia-cultura-feminicida\/neidinha\/\" data-orig-file=\"https:\/\/i0.wp.com\/blogdalucianaoliveira.com.br\/blog\/wp-content\/uploads\/2021\/03\/neidinha.jpg?fit=768%2C1024\" data-orig-size=\"768,1024\" data-comments-opened=\"0\" data-image-meta=\"{&quot;aperture&quot;:&quot;0&quot;,&quot;credit&quot;:&quot;&quot;,&quot;camera&quot;:&quot;&quot;,&quot;caption&quot;:&quot;&quot;,&quot;created_timestamp&quot;:&quot;0&quot;,&quot;copyright&quot;:&quot;&quot;,&quot;focal_length&quot;:&quot;0&quot;,&quot;iso&quot;:&quot;0&quot;,&quot;shutter_speed&quot;:&quot;0&quot;,&quot;title&quot;:&quot;&quot;,&quot;orientation&quot;:&quot;0&quot;}\" data-image-title=\"neidinha\" data-image-description=\"\" data-image-caption=\"\" data-medium-file=\"https:\/\/i0.wp.com\/blogdalucianaoliveira.com.br\/blog\/wp-content\/uploads\/2021\/03\/neidinha.jpg?fit=225%2C300\" data-large-file=\"https:\/\/i0.wp.com\/blogdalucianaoliveira.com.br\/blog\/wp-content\/uploads\/2021\/03\/neidinha.jpg?fit=600%2C800\" src=\"https:\/\/i0.wp.com\/blogdalucianaoliveira.com.br\/blog\/wp-content\/uploads\/2021\/03\/neidinha.jpg?resize=600%2C800&#038;ssl=1\" alt=\"\" class=\"wp-image-31290\" srcset=\"https:\/\/i0.wp.com\/blogdalucianaoliveira.com.br\/blog\/wp-content\/uploads\/2021\/03\/neidinha.jpg?w=768 768w, https:\/\/i0.wp.com\/blogdalucianaoliveira.com.br\/blog\/wp-content\/uploads\/2021\/03\/neidinha.jpg?resize=225%2C300 225w\" sizes=\"auto, (max-width: 600px) 100vw, 600px\" \/><\/figure>\n\n\n\n<figure class=\"wp-block-image size-large\"><img loading=\"lazy\" decoding=\"async\" width=\"622\" height=\"1280\" data-attachment-id=\"31291\" data-permalink=\"http:\/\/blogdalucianaoliveira.com.br\/blog\/2021\/03\/25\/mulheres-promovem-atos-em-rondonia-por-campanha-que-denuncia-cultura-feminicida\/erika\/\" data-orig-file=\"https:\/\/i0.wp.com\/blogdalucianaoliveira.com.br\/blog\/wp-content\/uploads\/2021\/03\/erika.jpg?fit=622%2C1280\" data-orig-size=\"622,1280\" data-comments-opened=\"0\" data-image-meta=\"{&quot;aperture&quot;:&quot;0&quot;,&quot;credit&quot;:&quot;&quot;,&quot;camera&quot;:&quot;&quot;,&quot;caption&quot;:&quot;&quot;,&quot;created_timestamp&quot;:&quot;0&quot;,&quot;copyright&quot;:&quot;&quot;,&quot;focal_length&quot;:&quot;0&quot;,&quot;iso&quot;:&quot;0&quot;,&quot;shutter_speed&quot;:&quot;0&quot;,&quot;title&quot;:&quot;&quot;,&quot;orientation&quot;:&quot;0&quot;}\" data-image-title=\"erika\" data-image-description=\"\" data-image-caption=\"\" data-medium-file=\"https:\/\/i0.wp.com\/blogdalucianaoliveira.com.br\/blog\/wp-content\/uploads\/2021\/03\/erika.jpg?fit=146%2C300\" data-large-file=\"https:\/\/i0.wp.com\/blogdalucianaoliveira.com.br\/blog\/wp-content\/uploads\/2021\/03\/erika.jpg?fit=498%2C1024\" src=\"https:\/\/i0.wp.com\/blogdalucianaoliveira.com.br\/blog\/wp-content\/uploads\/2021\/03\/erika.jpg?fit=498%2C1024&amp;ssl=1\" alt=\"\" class=\"wp-image-31291\" srcset=\"https:\/\/i0.wp.com\/blogdalucianaoliveira.com.br\/blog\/wp-content\/uploads\/2021\/03\/erika.jpg?w=622 622w, https:\/\/i0.wp.com\/blogdalucianaoliveira.com.br\/blog\/wp-content\/uploads\/2021\/03\/erika.jpg?resize=146%2C300 146w, https:\/\/i0.wp.com\/blogdalucianaoliveira.com.br\/blog\/wp-content\/uploads\/2021\/03\/erika.jpg?resize=498%2C1024 498w\" sizes=\"auto, (max-width: 600px) 100vw, 600px\" \/><\/figure>\n\n\n\n<p><br><\/p>\n\n\n\n<figure class=\"wp-block-image size-large\"><img loading=\"lazy\" decoding=\"async\" width=\"1280\" height=\"958\" data-attachment-id=\"31298\" data-permalink=\"http:\/\/blogdalucianaoliveira.com.br\/blog\/2021\/03\/25\/mulheres-promovem-atos-em-rondonia-por-campanha-que-denuncia-cultura-feminicida\/ee0843c2-64cb-43e5-a23e-861c69c1a45d\/\" data-orig-file=\"https:\/\/i0.wp.com\/blogdalucianaoliveira.com.br\/blog\/wp-content\/uploads\/2021\/03\/EE0843C2-64CB-43E5-A23E-861C69C1A45D.jpeg?fit=1280%2C958\" data-orig-size=\"1280,958\" data-comments-opened=\"0\" data-image-meta=\"{&quot;aperture&quot;:&quot;0&quot;,&quot;credit&quot;:&quot;&quot;,&quot;camera&quot;:&quot;&quot;,&quot;caption&quot;:&quot;&quot;,&quot;created_timestamp&quot;:&quot;0&quot;,&quot;copyright&quot;:&quot;&quot;,&quot;focal_length&quot;:&quot;0&quot;,&quot;iso&quot;:&quot;0&quot;,&quot;shutter_speed&quot;:&quot;0&quot;,&quot;title&quot;:&quot;&quot;,&quot;orientation&quot;:&quot;0&quot;}\" data-image-title=\"EE0843C2-64CB-43E5-A23E-861C69C1A45D\" data-image-description=\"\" data-image-caption=\"\" data-medium-file=\"https:\/\/i0.wp.com\/blogdalucianaoliveira.com.br\/blog\/wp-content\/uploads\/2021\/03\/EE0843C2-64CB-43E5-A23E-861C69C1A45D.jpeg?fit=300%2C225\" data-large-file=\"https:\/\/i0.wp.com\/blogdalucianaoliveira.com.br\/blog\/wp-content\/uploads\/2021\/03\/EE0843C2-64CB-43E5-A23E-861C69C1A45D.jpeg?fit=600%2C449\" src=\"https:\/\/i2.wp.com\/blogdalucianaoliveira.com.br\/blog\/wp-content\/uploads\/2021\/03\/EE0843C2-64CB-43E5-A23E-861C69C1A45D.jpeg?fit=600%2C449\" alt=\"\" class=\"wp-image-31298\" srcset=\"https:\/\/i0.wp.com\/blogdalucianaoliveira.com.br\/blog\/wp-content\/uploads\/2021\/03\/EE0843C2-64CB-43E5-A23E-861C69C1A45D.jpeg?w=1280 1280w, https:\/\/i0.wp.com\/blogdalucianaoliveira.com.br\/blog\/wp-content\/uploads\/2021\/03\/EE0843C2-64CB-43E5-A23E-861C69C1A45D.jpeg?resize=300%2C225 300w, https:\/\/i0.wp.com\/blogdalucianaoliveira.com.br\/blog\/wp-content\/uploads\/2021\/03\/EE0843C2-64CB-43E5-A23E-861C69C1A45D.jpeg?resize=1024%2C766 1024w, https:\/\/i0.wp.com\/blogdalucianaoliveira.com.br\/blog\/wp-content\/uploads\/2021\/03\/EE0843C2-64CB-43E5-A23E-861C69C1A45D.jpeg?resize=768%2C575 768w, https:\/\/i0.wp.com\/blogdalucianaoliveira.com.br\/blog\/wp-content\/uploads\/2021\/03\/EE0843C2-64CB-43E5-A23E-861C69C1A45D.jpeg?resize=401%2C300 401w, https:\/\/i0.wp.com\/blogdalucianaoliveira.com.br\/blog\/wp-content\/uploads\/2021\/03\/EE0843C2-64CB-43E5-A23E-861C69C1A45D.jpeg?w=1200 1200w\" sizes=\"auto, (max-width: 600px) 100vw, 600px\" \/><\/figure>\n\n\n\n<p><br><\/p>\n\n\n\n<figure class=\"wp-block-image size-large\"><img loading=\"lazy\" decoding=\"async\" width=\"1280\" height=\"960\" data-attachment-id=\"31299\" data-permalink=\"http:\/\/blogdalucianaoliveira.com.br\/blog\/2021\/03\/25\/mulheres-promovem-atos-em-rondonia-por-campanha-que-denuncia-cultura-feminicida\/e16d84ea-3034-4854-a84e-c3a35aa96eb9\/\" data-orig-file=\"https:\/\/i0.wp.com\/blogdalucianaoliveira.com.br\/blog\/wp-content\/uploads\/2021\/03\/E16D84EA-3034-4854-A84E-C3A35AA96EB9.jpeg?fit=1280%2C960\" data-orig-size=\"1280,960\" data-comments-opened=\"0\" data-image-meta=\"{&quot;aperture&quot;:&quot;0&quot;,&quot;credit&quot;:&quot;&quot;,&quot;camera&quot;:&quot;&quot;,&quot;caption&quot;:&quot;&quot;,&quot;created_timestamp&quot;:&quot;0&quot;,&quot;copyright&quot;:&quot;&quot;,&quot;focal_length&quot;:&quot;0&quot;,&quot;iso&quot;:&quot;0&quot;,&quot;shutter_speed&quot;:&quot;0&quot;,&quot;title&quot;:&quot;&quot;,&quot;orientation&quot;:&quot;0&quot;}\" data-image-title=\"E16D84EA-3034-4854-A84E-C3A35AA96EB9\" data-image-description=\"\" data-image-caption=\"\" data-medium-file=\"https:\/\/i0.wp.com\/blogdalucianaoliveira.com.br\/blog\/wp-content\/uploads\/2021\/03\/E16D84EA-3034-4854-A84E-C3A35AA96EB9.jpeg?fit=300%2C225\" data-large-file=\"https:\/\/i0.wp.com\/blogdalucianaoliveira.com.br\/blog\/wp-content\/uploads\/2021\/03\/E16D84EA-3034-4854-A84E-C3A35AA96EB9.jpeg?fit=600%2C450\" src=\"https:\/\/i0.wp.com\/blogdalucianaoliveira.com.br\/blog\/wp-content\/uploads\/2021\/03\/E16D84EA-3034-4854-A84E-C3A35AA96EB9.jpeg?fit=600%2C450\" alt=\"\" class=\"wp-image-31299\" srcset=\"https:\/\/i0.wp.com\/blogdalucianaoliveira.com.br\/blog\/wp-content\/uploads\/2021\/03\/E16D84EA-3034-4854-A84E-C3A35AA96EB9.jpeg?w=1280 1280w, https:\/\/i0.wp.com\/blogdalucianaoliveira.com.br\/blog\/wp-content\/uploads\/2021\/03\/E16D84EA-3034-4854-A84E-C3A35AA96EB9.jpeg?resize=300%2C225 300w, https:\/\/i0.wp.com\/blogdalucianaoliveira.com.br\/blog\/wp-content\/uploads\/2021\/03\/E16D84EA-3034-4854-A84E-C3A35AA96EB9.jpeg?resize=1024%2C768 1024w, https:\/\/i0.wp.com\/blogdalucianaoliveira.com.br\/blog\/wp-content\/uploads\/2021\/03\/E16D84EA-3034-4854-A84E-C3A35AA96EB9.jpeg?resize=768%2C576 768w, https:\/\/i0.wp.com\/blogdalucianaoliveira.com.br\/blog\/wp-content\/uploads\/2021\/03\/E16D84EA-3034-4854-A84E-C3A35AA96EB9.jpeg?resize=400%2C300 400w, https:\/\/i0.wp.com\/blogdalucianaoliveira.com.br\/blog\/wp-content\/uploads\/2021\/03\/E16D84EA-3034-4854-A84E-C3A35AA96EB9.jpeg?w=1200 1200w\" sizes=\"auto, (max-width: 600px) 100vw, 600px\" \/><\/figure>\n\n\n\n<p>Em Ariquemes faixas com protestos foram exibidas em frente a prefeitura e na pra\u00e7a da catedral.<\/p>\n\n\n\n<figure class=\"wp-block-image size-large\"><img loading=\"lazy\" decoding=\"async\" width=\"1032\" height=\"489\" data-attachment-id=\"31292\" data-permalink=\"http:\/\/blogdalucianaoliveira.com.br\/blog\/2021\/03\/25\/mulheres-promovem-atos-em-rondonia-por-campanha-que-denuncia-cultura-feminicida\/thumbnail\/\" data-orig-file=\"https:\/\/i0.wp.com\/blogdalucianaoliveira.com.br\/blog\/wp-content\/uploads\/2021\/03\/thumbnail.jpg?fit=1032%2C489\" data-orig-size=\"1032,489\" data-comments-opened=\"0\" data-image-meta=\"{&quot;aperture&quot;:&quot;0&quot;,&quot;credit&quot;:&quot;&quot;,&quot;camera&quot;:&quot;&quot;,&quot;caption&quot;:&quot;&quot;,&quot;created_timestamp&quot;:&quot;0&quot;,&quot;copyright&quot;:&quot;&quot;,&quot;focal_length&quot;:&quot;0&quot;,&quot;iso&quot;:&quot;0&quot;,&quot;shutter_speed&quot;:&quot;0&quot;,&quot;title&quot;:&quot;&quot;,&quot;orientation&quot;:&quot;0&quot;}\" data-image-title=\"thumbnail\" data-image-description=\"\" data-image-caption=\"\" data-medium-file=\"https:\/\/i0.wp.com\/blogdalucianaoliveira.com.br\/blog\/wp-content\/uploads\/2021\/03\/thumbnail.jpg?fit=300%2C142\" data-large-file=\"https:\/\/i0.wp.com\/blogdalucianaoliveira.com.br\/blog\/wp-content\/uploads\/2021\/03\/thumbnail.jpg?fit=600%2C284\" src=\"https:\/\/i0.wp.com\/blogdalucianaoliveira.com.br\/blog\/wp-content\/uploads\/2021\/03\/thumbnail.jpg?fit=600%2C284&amp;ssl=1\" alt=\"\" class=\"wp-image-31292\" srcset=\"https:\/\/i0.wp.com\/blogdalucianaoliveira.com.br\/blog\/wp-content\/uploads\/2021\/03\/thumbnail.jpg?w=1032 1032w, https:\/\/i0.wp.com\/blogdalucianaoliveira.com.br\/blog\/wp-content\/uploads\/2021\/03\/thumbnail.jpg?resize=300%2C142 300w, https:\/\/i0.wp.com\/blogdalucianaoliveira.com.br\/blog\/wp-content\/uploads\/2021\/03\/thumbnail.jpg?resize=1024%2C485 1024w, https:\/\/i0.wp.com\/blogdalucianaoliveira.com.br\/blog\/wp-content\/uploads\/2021\/03\/thumbnail.jpg?resize=768%2C364 768w, https:\/\/i0.wp.com\/blogdalucianaoliveira.com.br\/blog\/wp-content\/uploads\/2021\/03\/thumbnail.jpg?resize=633%2C300 633w\" sizes=\"auto, (max-width: 600px) 100vw, 600px\" \/><\/figure>\n\n\n\n<p> <\/p>\n\n\n\n<figure class=\"wp-block-image size-large\"><img loading=\"lazy\" decoding=\"async\" width=\"1032\" height=\"489\" data-attachment-id=\"31293\" data-permalink=\"http:\/\/blogdalucianaoliveira.com.br\/blog\/2021\/03\/25\/mulheres-promovem-atos-em-rondonia-por-campanha-que-denuncia-cultura-feminicida\/attachment\/1\/\" data-orig-file=\"https:\/\/i0.wp.com\/blogdalucianaoliveira.com.br\/blog\/wp-content\/uploads\/2021\/03\/1.jpg?fit=1032%2C489\" data-orig-size=\"1032,489\" data-comments-opened=\"0\" data-image-meta=\"{&quot;aperture&quot;:&quot;0&quot;,&quot;credit&quot;:&quot;&quot;,&quot;camera&quot;:&quot;&quot;,&quot;caption&quot;:&quot;&quot;,&quot;created_timestamp&quot;:&quot;0&quot;,&quot;copyright&quot;:&quot;&quot;,&quot;focal_length&quot;:&quot;0&quot;,&quot;iso&quot;:&quot;0&quot;,&quot;shutter_speed&quot;:&quot;0&quot;,&quot;title&quot;:&quot;&quot;,&quot;orientation&quot;:&quot;0&quot;}\" data-image-title=\"1\" data-image-description=\"\" data-image-caption=\"\" data-medium-file=\"https:\/\/i0.wp.com\/blogdalucianaoliveira.com.br\/blog\/wp-content\/uploads\/2021\/03\/1.jpg?fit=300%2C142\" data-large-file=\"https:\/\/i0.wp.com\/blogdalucianaoliveira.com.br\/blog\/wp-content\/uploads\/2021\/03\/1.jpg?fit=600%2C284\" src=\"https:\/\/i0.wp.com\/blogdalucianaoliveira.com.br\/blog\/wp-content\/uploads\/2021\/03\/1.jpg?fit=600%2C284&amp;ssl=1\" alt=\"\" class=\"wp-image-31293\" srcset=\"https:\/\/i0.wp.com\/blogdalucianaoliveira.com.br\/blog\/wp-content\/uploads\/2021\/03\/1.jpg?w=1032 1032w, https:\/\/i0.wp.com\/blogdalucianaoliveira.com.br\/blog\/wp-content\/uploads\/2021\/03\/1.jpg?resize=300%2C142 300w, https:\/\/i0.wp.com\/blogdalucianaoliveira.com.br\/blog\/wp-content\/uploads\/2021\/03\/1.jpg?resize=1024%2C485 1024w, https:\/\/i0.wp.com\/blogdalucianaoliveira.com.br\/blog\/wp-content\/uploads\/2021\/03\/1.jpg?resize=768%2C364 768w, https:\/\/i0.wp.com\/blogdalucianaoliveira.com.br\/blog\/wp-content\/uploads\/2021\/03\/1.jpg?resize=633%2C300 633w\" sizes=\"auto, (max-width: 600px) 100vw, 600px\" \/><\/figure>\n\n\n\n<figure class=\"wp-block-image size-large\"><img loading=\"lazy\" decoding=\"async\" width=\"1032\" height=\"489\" data-attachment-id=\"31295\" data-permalink=\"http:\/\/blogdalucianaoliveira.com.br\/blog\/2021\/03\/25\/mulheres-promovem-atos-em-rondonia-por-campanha-que-denuncia-cultura-feminicida\/image-1165\/\" data-orig-file=\"https:\/\/i0.wp.com\/blogdalucianaoliveira.com.br\/blog\/wp-content\/uploads\/2021\/03\/image.png?fit=1032%2C489\" data-orig-size=\"1032,489\" data-comments-opened=\"0\" data-image-meta=\"{&quot;aperture&quot;:&quot;0&quot;,&quot;credit&quot;:&quot;&quot;,&quot;camera&quot;:&quot;&quot;,&quot;caption&quot;:&quot;&quot;,&quot;created_timestamp&quot;:&quot;0&quot;,&quot;copyright&quot;:&quot;&quot;,&quot;focal_length&quot;:&quot;0&quot;,&quot;iso&quot;:&quot;0&quot;,&quot;shutter_speed&quot;:&quot;0&quot;,&quot;title&quot;:&quot;&quot;,&quot;orientation&quot;:&quot;0&quot;}\" data-image-title=\"image\" data-image-description=\"\" data-image-caption=\"\" data-medium-file=\"https:\/\/i0.wp.com\/blogdalucianaoliveira.com.br\/blog\/wp-content\/uploads\/2021\/03\/image.png?fit=300%2C142\" data-large-file=\"https:\/\/i0.wp.com\/blogdalucianaoliveira.com.br\/blog\/wp-content\/uploads\/2021\/03\/image.png?fit=600%2C284\" src=\"https:\/\/i0.wp.com\/blogdalucianaoliveira.com.br\/blog\/wp-content\/uploads\/2021\/03\/image.png?fit=600%2C284&amp;ssl=1\" alt=\"\" class=\"wp-image-31295\" srcset=\"https:\/\/i0.wp.com\/blogdalucianaoliveira.com.br\/blog\/wp-content\/uploads\/2021\/03\/image.png?w=1032 1032w, https:\/\/i0.wp.com\/blogdalucianaoliveira.com.br\/blog\/wp-content\/uploads\/2021\/03\/image.png?resize=300%2C142 300w, https:\/\/i0.wp.com\/blogdalucianaoliveira.com.br\/blog\/wp-content\/uploads\/2021\/03\/image.png?resize=1024%2C485 1024w, https:\/\/i0.wp.com\/blogdalucianaoliveira.com.br\/blog\/wp-content\/uploads\/2021\/03\/image.png?resize=768%2C364 768w, https:\/\/i0.wp.com\/blogdalucianaoliveira.com.br\/blog\/wp-content\/uploads\/2021\/03\/image.png?resize=633%2C300 633w\" sizes=\"auto, (max-width: 600px) 100vw, 600px\" \/><\/figure>\n\n\n\n<p>A m\u00e3e de T\u00e1tila Estela, de 25 anos, encontrada morta no apartamento em que morava em setembro de 2020, participou do ato. <\/p>\n\n\n\n<p>Ver\u00f4nica Portugal se empenha na campanha <a href=\"https:\/\/www.facebook.com\/hashtag\/justi%C3%A7aportatila?__eep__=6&amp;__cft__[0]=AZVuJUIwZviMreGKI9zG0AcdEB-XW3ByR9swe0uWe2Y1N4ysJChpAECucLVlSvB42H76le_bRHu2gHR2kC6AqvFjODdFezvJZHnxZHF6-cwb28wChoJqKX-wzjukt0LGKbQ&amp;__tn__=*NK-R\">#justi\u00e7aportatila<\/a><a href=\"https:\/\/www.facebook.com\/hashtag\/n%C3%A3ofoisuic%C3%ADdio?__eep__=6&amp;__cft__[0]=AZVuJUIwZviMreGKI9zG0AcdEB-XW3ByR9swe0uWe2Y1N4ysJChpAECucLVlSvB42H76le_bRHu2gHR2kC6AqvFjODdFezvJZHnxZHF6-cwb28wChoJqKX-wzjukt0LGKbQ&amp;__tn__=*NK-R\">#N\u00e3oFoiSuic\u00eddio<\/a> \u00e0 espera do julgamento do acusado pela morte da filha. <\/p>\n\n\n\n<figure class=\"wp-block-embed-youtube wp-block-embed is-type-video is-provider-youtube wp-embed-aspect-16-9 wp-has-aspect-ratio\"><div class=\"wp-block-embed__wrapper\">\n<div class=\"jetpack-video-wrapper\"><iframe loading=\"lazy\" title=\"Levante Feminista em Ariquemes\" width=\"600\" height=\"338\" src=\"https:\/\/www.youtube.com\/embed\/7mdHfz5_g8c?feature=oembed\" frameborder=\"0\" allow=\"accelerometer; autoplay; clipboard-write; encrypted-media; gyroscope; picture-in-picture; web-share\" referrerpolicy=\"strict-origin-when-cross-origin\" allowfullscreen><\/iframe><\/div>\n<\/div><\/figure>\n\n\n\n<p>Embora o crime de feminic\u00eddio esteja no C\u00f3digo Penal desde 2015, o assassinato de mulheres \u2013 apenas por serem mulheres \u2013 cresce diariamente no Brasil. <\/p>\n\n\n\n<p>Os atos podem ser acompanhados nas redes sociais do Levante Feminista contra o Feminic\u00eddio:&nbsp;<a rel=\"noreferrer noopener\" href=\"https:\/\/twitter.com\/LevanteFem\" target=\"_blank\">Twitter<\/a>,&nbsp;<a rel=\"noreferrer noopener\" href=\"https:\/\/www.facebook.com\/LevanteFeminista2021\" target=\"_blank\">Facebook<\/a>&nbsp;e&nbsp;<a rel=\"noreferrer noopener\" href=\"https:\/\/www.instagram.com\/levantefeminista\/\" target=\"_blank\">Instagram<\/a>. As&nbsp;<a rel=\"noreferrer noopener\" href=\"https:\/\/vaka.me\/1836072\" target=\"_blank\">contribui\u00e7\u00f5es para o financiamento coletivo&nbsp;do projeto podem ser feitas neste link<\/a>.<\/p>\n\n\n\n<p>Com a hashtag #NemPenseEmMeMatar, a frente busca atingir um p\u00fablico amplo e disseminar a ideia de que a viol\u00eancia contra a mulher \u00e9 um problema que afeta n\u00e3o s\u00f3 as fam\u00edlias, mas a sociedade inteira.<\/p>\n\n\n\n<p><strong>da pandemia<\/strong><\/p>\n\n\n\n<p>No primeiro semestre de 2020, ano em que a pandemia de covid-19 se alastrou pelo mundo impondo a necessidade de isolamento social, foi registrado <a href=\"https:\/\/forumseguranca.org.br\/anuario-brasileiro-seguranca-publica\/\" target=\"_blank\" rel=\"noreferrer noopener\">aumento de 1,9% deste crime de \u00f3dio<\/a>. Nos primeiros seis meses, foram mortas 648 brasileiras, a maioria negras e vivendo em desigualdade social.<\/p>\n\n\n\n<p><strong>::&nbsp;<a href=\"https:\/\/www.brasildefato.com.br\/2020\/10\/10\/uma-mulher-e-morta-a-cada-nove-horas-durante-a-pandemia-no-brasil\">Uma mulher \u00e9 morta a cada nove horas durante a pandemia no Brasil<\/a>&nbsp;::<\/strong><\/p>\n\n\n\n<p>Dados como esses e a falta de pol\u00edticas p\u00fablicas se agravam em um pa\u00eds que j\u00e1 ocupava o quinto lugar entre as na\u00e7\u00f5es que mais matam suas mulheres, conforme lista da Organiza\u00e7\u00e3o Mundial da Sa\u00fade (OMS). \u00c9 com o objetivo de denunciar a omiss\u00e3o do Estado e exigir a prote\u00e7\u00e3o da vida delas que ao Levante Feminista se organizou.<\/p>\n\n\n\n<p>Em <a rel=\"noreferrer noopener\" href=\"https:\/\/www.change.org\/levantefeminista2021\" target=\"_blank\">manifesto constru\u00eddo de forma coletiva e tornado p\u00fablico dia 12 de mar\u00e7o<\/a>, a frente pontua de forma contundente que a exist\u00eancia de uma &#8220;cultura de \u00f3dio&#8221; direcionada \u00e0s mulheres brasileiras precisa chegar ao fim. Tamb\u00e9m que a pr\u00e1tica do crime de feminic\u00eddio &#8220;nunca esteve t\u00e3o ostensiva e extremista&#8221; quanto agora, no governo de Jair Bolsonaro e sobretudo no contexto da pandemia do novo coronav\u00edrus. <\/p>\n\n\n\n<p>Assine aqui: <a href=\"https:\/\/www.change.org\/p\/supremo-tribunal-federal-nem-pense-em-me-matar?utm_source=share_petition&amp;utm_medium=custom_url&amp;recruited_by_id=934b2bf0-8358-11eb-aec7-cfd97bd9f990\">https:\/\/www.change.org\/p\/supremo-tribunal-federal-nem-pense-em-me-matar?utm_source=share_petition&amp;utm_medium=custom_url&amp;recruited_by_id=934b2bf0-8358-11eb-aec7-cfd97bd9f990<\/a><\/p>\n","protected":false},"excerpt":{"rendered":"<p>Come\u00e7ou nesta quinta-feira, 25, o Levante Feminista contra o Feminic\u00eddio, uma frente suprapartid\u00e1ria para a constru\u00e7\u00e3o de uma a\u00e7\u00e3o conjunta pela vida das mulheres. A campanha \u201cNem Pense em Me Matar\u201d, apoiada na ideia: \u201cQuem mata uma mulher mata a humanidade!\u201d mobiliza mulheres de Norte a Sul do pa\u00eds.<\/p>\n","protected":false},"author":1,"featured_media":0,"comment_status":"closed","ping_status":"open","sticky":false,"template":"","format":"standard","meta":{"_exactmetrics_skip_tracking":false,"_exactmetrics_sitenote_active":false,"_exactmetrics_sitenote_note":"","_exactmetrics_sitenote_category":0,"jetpack_post_was_ever_published":false,"_jetpack_newsletter_access":"","_jetpack_dont_email_post_to_subs":false,"_jetpack_newsletter_tier_id":0,"_jetpack_memberships_contains_paywalled_content":false,"_jetpack_memberships_contains_paid_content":false,"footnotes":"","jetpack_publicize_message":"","jetpack_publicize_feature_enabled":true,"jetpack_social_post_already_shared":true,"jetpack_social_options":{"image_generator_settings":{"template":"highway","enabled":false},"version":2}},"categories":[1],"tags":[],"class_list":["post-31289","post","type-post","status-publish","format-standard","hentry","category-notas"],"jetpack_publicize_connections":[],"jetpack_sharing_enabled":true,"jetpack_featured_media_url":"","jetpack_shortlink":"https:\/\/wp.me\/p7wKYW-88F","jetpack-related-posts":[],"_links":{"self":[{"href":"http:\/\/blogdalucianaoliveira.com.br\/blog\/wp-json\/wp\/v2\/posts\/31289","targetHints":{"allow":["GET"]}}],"collection":[{"href":"http:\/\/blogdalucianaoliveira.com.br\/blog\/wp-json\/wp\/v2\/posts"}],"about":[{"href":"http:\/\/blogdalucianaoliveira.com.br\/blog\/wp-json\/wp\/v2\/types\/post"}],"author":[{"embeddable":true,"href":"http:\/\/blogdalucianaoliveira.com.br\/blog\/wp-json\/wp\/v2\/users\/1"}],"replies":[{"embeddable":true,"href":"http:\/\/blogdalucianaoliveira.com.br\/blog\/wp-json\/wp\/v2\/comments?post=31289"}],"version-history":[{"count":2,"href":"http:\/\/blogdalucianaoliveira.com.br\/blog\/wp-json\/wp\/v2\/posts\/31289\/revisions"}],"predecessor-version":[{"id":31300,"href":"http:\/\/blogdalucianaoliveira.com.br\/blog\/wp-json\/wp\/v2\/posts\/31289\/revisions\/31300"}],"wp:attachment":[{"href":"http:\/\/blogdalucianaoliveira.com.br\/blog\/wp-json\/wp\/v2\/media?parent=31289"}],"wp:term":[{"taxonomy":"category","embeddable":true,"href":"http:\/\/blogdalucianaoliveira.com.br\/blog\/wp-json\/wp\/v2\/categories?post=31289"},{"taxonomy":"post_tag","embeddable":true,"href":"http:\/\/blogdalucianaoliveira.com.br\/blog\/wp-json\/wp\/v2\/tags?post=31289"}],"curies":[{"name":"wp","href":"https:\/\/api.w.org\/{rel}","templated":true}]}}