{"id":31301,"date":"2021-03-25T14:00:20","date_gmt":"2021-03-25T18:00:20","guid":{"rendered":"http:\/\/blogdalucianaoliveira.com.br\/blog\/?p=31301"},"modified":"2021-03-25T14:00:27","modified_gmt":"2021-03-25T18:00:27","slug":"chip-do-diabo-e-medo-de-ser-cobaia-afastam-indigenas-da-vacina-contra-a-covid-19","status":"publish","type":"post","link":"http:\/\/blogdalucianaoliveira.com.br\/blog\/2021\/03\/25\/chip-do-diabo-e-medo-de-ser-cobaia-afastam-indigenas-da-vacina-contra-a-covid-19\/","title":{"rendered":"\u2018Chip do diabo\u2019 e medo de ser cobaia afastam ind\u00edgenas da vacina contra a covid-19"},"content":{"rendered":"\n<figure class=\"wp-block-image size-large\"><img data-recalc-dims=\"1\" loading=\"lazy\" decoding=\"async\" width=\"600\" height=\"399\" data-attachment-id=\"31302\" data-permalink=\"http:\/\/blogdalucianaoliveira.com.br\/blog\/2021\/03\/25\/chip-do-diabo-e-medo-de-ser-cobaia-afastam-indigenas-da-vacina-contra-a-covid-19\/229bfd2e-12fd-43b0-aadf-22279d00f678\/\" data-orig-file=\"https:\/\/i0.wp.com\/blogdalucianaoliveira.com.br\/blog\/wp-content\/uploads\/2021\/03\/229BFD2E-12FD-43B0-AADF-22279D00F678.jpeg?fit=980%2C652\" data-orig-size=\"980,652\" data-comments-opened=\"0\" data-image-meta=\"{&quot;aperture&quot;:&quot;0&quot;,&quot;credit&quot;:&quot;&quot;,&quot;camera&quot;:&quot;&quot;,&quot;caption&quot;:&quot;&quot;,&quot;created_timestamp&quot;:&quot;0&quot;,&quot;copyright&quot;:&quot;&quot;,&quot;focal_length&quot;:&quot;0&quot;,&quot;iso&quot;:&quot;0&quot;,&quot;shutter_speed&quot;:&quot;0&quot;,&quot;title&quot;:&quot;&quot;,&quot;orientation&quot;:&quot;0&quot;}\" data-image-title=\"229BFD2E-12FD-43B0-AADF-22279D00F678\" data-image-description=\"\" data-image-caption=\"\" data-medium-file=\"https:\/\/i0.wp.com\/blogdalucianaoliveira.com.br\/blog\/wp-content\/uploads\/2021\/03\/229BFD2E-12FD-43B0-AADF-22279D00F678.jpeg?fit=300%2C200\" data-large-file=\"https:\/\/i0.wp.com\/blogdalucianaoliveira.com.br\/blog\/wp-content\/uploads\/2021\/03\/229BFD2E-12FD-43B0-AADF-22279D00F678.jpeg?fit=600%2C399\" src=\"https:\/\/i0.wp.com\/blogdalucianaoliveira.com.br\/blog\/wp-content\/uploads\/2021\/03\/229BFD2E-12FD-43B0-AADF-22279D00F678.jpeg?resize=600%2C399\" alt=\"\" class=\"wp-image-31302\" srcset=\"https:\/\/i0.wp.com\/blogdalucianaoliveira.com.br\/blog\/wp-content\/uploads\/2021\/03\/229BFD2E-12FD-43B0-AADF-22279D00F678.jpeg?w=980 980w, https:\/\/i0.wp.com\/blogdalucianaoliveira.com.br\/blog\/wp-content\/uploads\/2021\/03\/229BFD2E-12FD-43B0-AADF-22279D00F678.jpeg?resize=300%2C200 300w, https:\/\/i0.wp.com\/blogdalucianaoliveira.com.br\/blog\/wp-content\/uploads\/2021\/03\/229BFD2E-12FD-43B0-AADF-22279D00F678.jpeg?resize=768%2C511 768w, https:\/\/i0.wp.com\/blogdalucianaoliveira.com.br\/blog\/wp-content\/uploads\/2021\/03\/229BFD2E-12FD-43B0-AADF-22279D00F678.jpeg?resize=451%2C300 451w\" sizes=\"auto, (max-width: 600px) 100vw, 600px\" \/><\/figure>\n\n\n\n<p>Not\u00edcias falsas espalhadas por WhatsApp e por grupos religiosos provocam resist\u00eancia contra a vacina\u00e7\u00e3o entre \u00edndios. A mentira de que a vacina contra a covid-19 pode alterar o DNA \u00e9 um dos principais argumentos.<\/p>\n\n\n\n<!--more-->\n\n\n\n<p>El Pa\u00eds<\/p>\n\n\n\n<p>Para muitos brasileiros, \u00e9 ris\u00edvel a ideia de que uma vacina poderia transformar algu\u00e9m em jacar\u00e9,\u00a0<a rel=\"noreferrer noopener\" href=\"https:\/\/brasil.elpais.com\/brasil\/2020-12-20\/chip-na-vacina-virar-jacare-e-outros-mitos-criam-pandemia-de-desinformacao-na-luta-contra-a-covid-19.html\" target=\"_blank\">como insinuou o presidente Jair Bolsonaro sobre o imunizante da Pfizer\u00a0<\/a>contra a covid-19 em novembro do ano passado. Para outros, no entanto, esse receio faz sentido. \u00c9 o caso dos povos ind\u00edgenas: na cosmologia amer\u00edndia, na qual se cr\u00ea que os animais s\u00e3o como seres humanos e simplesmente t\u00eam outra\u00a0<em>roupagem\u00a0<\/em>no universo terrestre, \u00e9 perfeitamente plaus\u00edvel que um homem se transforme em r\u00e9ptil. \u201cA mentira de que a\u00a0<a rel=\"noreferrer noopener\" href=\"https:\/\/brasil.elpais.com\/brasil\/2021-03-09\/escassez-de-vacinas-contra-covid-19-ameaca-segunda-dose-de-idosos-em-sao-paulo.html\" target=\"_blank\">vacina contra a covid-19<\/a>pode alterar o DNA \u00e9 um dos principais argumentos que t\u00eam feito com que ind\u00edgenas se recusem a se imunizar\u201d, explica Reijane Pinheiro, antrop\u00f3loga da Universidade Federal do Tocantins (UFT), que atua com comunidades ind\u00edgenas do norte do Estado, e faz um levantamento sobre as\u00a0<a rel=\"noreferrer noopener\" href=\"https:\/\/brasil.elpais.com\/brasil\/2020-11-17\/o-risco-de-um-remake-da-revolta-da-vacina.html\" target=\"_blank\"><em>fake news\u00a0<\/em>que mais t\u00eam causado impacto\u00a0<\/a>entre esses povos.<\/p>\n\n\n\n<p>A principal informa\u00e7\u00e3o que os influencia a recusar a vacina, segundo o mesmo levantamento, \u00e9 a teoria de que eles seriam cobaias de um imunizante sem efic\u00e1cia comprovada. \u201cOs parentes [como os povos origin\u00e1rios se chamam entre si] est\u00e3o com medo. Se o pr\u00f3prio presidente da Rep\u00fablica diz que n\u00e3o vai se vacinar, eles dizem que tamb\u00e9m n\u00e3o v\u00e3o. E faz sentido, porque se nunca fomos prioridade para esse Governo, \u00e9 dif\u00edcil explicar porque somos grupo priorit\u00e1rio nessa situa\u00e7\u00e3o\u201d, comenta Marivelton Bar\u00e9, presidente da Federa\u00e7\u00e3o das Organiza\u00e7\u00f5es Ind\u00edgenas do Rio Negro (FOIRN). A prioriza\u00e7\u00e3o dos ind\u00edgenas na<a rel=\"noreferrer noopener\" href=\"https:\/\/brasil.elpais.com\/brasil\/2020-12-01\/plano-de-vacinacao-contra-a-covid-19-preve-imunizar-primeiro-profissionais-da-saude-idosos-e-indigenas-no-brasil.html\" target=\"_blank\">campanha nacional de vacina\u00e7\u00e3o<\/a>\u00a0ocorreu depois de uma grande mobiliza\u00e7\u00e3o das lideran\u00e7as junto \u00e0 Justi\u00e7a, e uma a\u00e7\u00e3o no Supremo Tribunal Federal (STF) determinou que a Uni\u00e3o elaborasse um plano de enfrentamento espec\u00edfico. De acordo com o Minist\u00e9rio da Sa\u00fade, a covid-19 j\u00e1 matou 620 ind\u00edgenas. O dado oficial n\u00e3o considera, no entanto, aqueles que vivem fora dos territ\u00f3rios homologados, e a Associa\u00e7\u00e3o dos Povos Ind\u00edgenas do Brasil (Apib) aponta que, na verdade, s\u00e3o 1.020 \u00f3bitos.<\/p>\n\n\n\n<p>As\u00a0<a rel=\"noreferrer noopener\" href=\"https:\/\/brasil.elpais.com\/opiniao\/2020-01-23\/instagram-uso-politico-e-fake-news-em-2020.html\" target=\"_blank\">campanhas de desinforma\u00e7\u00e3o circulam principalmente por WhatsApp e Facebook<\/a>, segundo as fontes consultadas pelo EL PA\u00cdS, mas tamb\u00e9m pelo sistema de r\u00e1dio que conecta as comunidades origin\u00e1rias. Na regi\u00e3o do Rio Negro, a mais preservada da Amaz\u00f4nia, na tr\u00edplice fronteira com Venezuela e Col\u00f4mbia, vivem 750 comunidades e cerca de 40.000 ind\u00edgenas, dos quais aproximadamente 10.000 receberam a primeira dose, segundo a FOIRN. No territ\u00f3rio que tem quase o tamanho de Portugal e onde a log\u00edstica \u00e9 quase exclusivamente via fluvial, mesmo sem acesso \u00e0 internet, as not\u00edcias falsas se espalham, principalmente atrav\u00e9s de l\u00edderes religiosos, conforme conta Bar\u00e9. \u201cMuitas aldeias s\u00e3o visitadas por pastores evang\u00e9licos que dizem que a vacina tem um\u00a0<em>chip\u00a0<\/em>do diabo, espalham conversas mirabolantes.\u201d O l\u00edder ind\u00edgena diz que pelo menos uma aldeia inteira, de 85 pessoas, se recusou a ser vacinada. Em outra comunidade, de 1.000 ind\u00edgenas, apenas 164 quiseram receber o imunizante.<\/p>\n\n\n\n<p>Na regi\u00e3o do&nbsp;<a href=\"https:\/\/brasil.elpais.com\/brasil\/2020-06-17\/covid-19-se-espalha-entre-indigenas-brasileiros-e-ja-ameaca-povos-isolados.html\" target=\"_blank\" rel=\"noreferrer noopener\">Vale do Javari (AM), que tem a maior concentra\u00e7\u00e3o de povos isolados do mundo<\/a>, a situa\u00e7\u00e3o se repete. \u201cPelo menos tr\u00eas comunidades foram avisadas por pastores e mission\u00e1rios de que a vacina pioraria a sa\u00fade dos ind\u00edgenas e muitos iriam morrer. Muitos religiosos que atuam aqui s\u00e3o bolosnaristas e s\u00e3o eles os culpados de que os parentes n\u00e3o queiram tomar a vacina. Tem uma aldeia perto do Acre, por exemplo, que tem internet e um pastor evang\u00e9lico da regi\u00e3o estava mandando&nbsp;<em>fake news&nbsp;<\/em>para outras aldeias por WhatsApp\u201d, conta Paulo Kenampa Marubo, coordenador geral da Uni\u00e3o dos Povos Ind\u00edgenas do Vale do Javari (Univaja).<\/p>\n\n\n\n<p>Para contornar a situa\u00e7\u00e3o, Paulo e outras lideran\u00e7as passaram a acompanhar as equipes de sa\u00fade para explicar que o imunizante \u00e9 seguro. \u201cQuando chegamos com a vacina, mesmo algumas lideran\u00e7as de aldeia gritavam \u2018meu Deus, eu n\u00e3o quero morrer, n\u00e3o posso tomar essa vacina porque n\u00e3o posso morrer agora!\u2019 Foi dif\u00edcil explicar que a vacina \u00e9 justamente para n\u00e3o morrer\u201d, conta.<\/p>\n\n\n\n<p>Nos territ\u00f3rios do Rio Negro, as lideran\u00e7as usam o sistema de radiofonia \u2014mais de 410 esta\u00e7\u00f5es em toda regi\u00e3o\u2014 para conscientizar os povos origin\u00e1rios sobre a import\u00e2ncia da vacina\u00e7\u00e3o. \u201cTamb\u00e9m estamos acompanhando as equipes de sa\u00fade, porque se elas n\u00e3o forem \u00e0s aldeias junto com outros ind\u00edgenas, n\u00e3o vai funcionar\u201d, diz Marivelton Bar\u00e9.<\/p>\n\n\n\n<p>A antrop\u00f3loga Reijane Pinheiro lembra que, do ponto de vista hist\u00f3rico, as vacinas s\u00e3o aliadas dos povos ind\u00edgenas, garantindo, por exemplo, a diminui\u00e7\u00e3o da mortalidade infantil, mas ressalta que eles \u201ct\u00eam toda a raz\u00e3o em desconfiar do Estado\u201d, j\u00e1 que os pr\u00f3prios povos origin\u00e1rios tiveram que judicializar seu direito \u00e0 prote\u00e7\u00e3o por parte de um<a href=\"https:\/\/brasil.elpais.com\/brasil\/2020-07-08\/bolsonaro-veta-obrigacao-do-governo-de-garantir-acesso-a-agua-potavel-e-leitos-a-indigenas-na-pandemia.html\" target=\"_blank\" rel=\"noreferrer noopener\">&nbsp;Governo que tentou negar at\u00e9 mesmo seu acesso \u00e0 \u00e1gua pot\u00e1vel durante a pandemia<\/a>. \u201cA mem\u00f3ria hist\u00f3rica das epidemias entre os povos ind\u00edgenas \u00e9 muito dolorosa, h\u00e1 traumas coletivos que ressaltam entre eles o car\u00e1ter destruidor do&nbsp;<a href=\"https:\/\/brasil.elpais.com\/brasil\/2014\/08\/12\/sociedad\/1407879285_289082.html\" target=\"_blank\" rel=\"noreferrer noopener\">contato com o mundo n\u00e3o-ind\u00edgena<\/a>, com o mundo dos&nbsp;<em>brancos\u201d<\/em>, acrescenta a pesquisadora, que trabalha principalmente na Terra Ind\u00edgena Xerente. Segundo ela, h\u00e1 aldeias inteiras na regi\u00e3o, compostas por 40 ou 50 pessoas, que se recusaram a tomar a vacina. \u201cNessas comunidades menores, a resist\u00eancia \u00e9 maior\u201d, diz.<\/p>\n\n\n\n<p>A Apib lan\u00e7ou em janeiro a campanha&nbsp;<em>Vacina, parente!<\/em>&nbsp;para conscientizar as aldeias sobre a import\u00e2ncia da vacina\u00e7\u00e3o no combate ao&nbsp;<a href=\"https:\/\/brasil.elpais.com\/noticias\/coronavirus\/\" target=\"_blank\" rel=\"noreferrer noopener\">coronav\u00edrus<\/a>&nbsp;e para cobrar do Estado a imuniza\u00e7\u00e3o de todos os povos origin\u00e1rios, iniciativa \u00e0 qual se somou o Conselho Indigenista Mission\u00e1rio (Cimi), da Igreja Cat\u00f3lica. Lidera\u00e7as ind\u00edgenas contam, no entanto, que<strong>&nbsp;<\/strong>funcion\u00e1rios do Distrito Sanit\u00e1rio Ind\u00edgena (Dsei) e da Funda\u00e7\u00e3o Nacional do \u00cdndio (Funai) foram recebidos a flechadas, no dia 2 de fevereiro, pela aldeia Jamandi, no sul do Amazonas. Segundo eles, Joseph Campbell, um mission\u00e1rio ligado \u00e0 igreja Greene Baptist, nos Estados Unidos, foi o respons\u00e1vel pela resist\u00eancia dos ind\u00edgenas \u00e0 vacina. O grupo afirmava que s\u00f3 aceitaria ser vacinado se Campbell estivesse presente. Ele foi acusado de proselitismo religioso e de interfer\u00eancia na cultura dos Jamamadi. Sua&nbsp;<a href=\"https:\/\/brasil.elpais.com\/brasil\/2020-02-05\/governo-ignora-criticas-e-nomeia-ex-missionario-evangelico-para-protecao-de-indigenas-isolados.html\" target=\"_blank\" rel=\"noreferrer noopener\">entrada ilegal em \u00e1rea de ind\u00edgenas isolados&nbsp;<\/a>j\u00e1 havia rendido uma investiga\u00e7\u00e3o na Funai, que encaminhou o caso ao Minist\u00e9rio P\u00fablico Federal (MPF), em novembro de 2020. A reportagem procurou a Greene Baptist para comentar as acusa\u00e7\u00f5es, mas n\u00e3o obteve retorno.<\/p>\n\n\n\n<p>Mas a influ\u00eancia negativa pode vir at\u00e9 mesmo de profissionais de sa\u00fade, conforme relata Mariana Marelonka, m\u00e9dica e consultora do Instituto Iep\u00e9, que atua h\u00e1 10 anos na terra ind\u00edgena Waj\u00e3pi, no Amap\u00e1 e no norte do Par\u00e1, e que trabalha com a forma\u00e7\u00e3o de agentes ind\u00edgenas de sa\u00fade. Ao visitar a comunidade em janeiro, ao lado de uma infectologista, ela se surpreendeu com a recusa em tomar a vacina contra a covid-19. \u201cMuitos me mostraram o conte\u00fado mentiroso que recebiam no WhatsApp e no Facebook, que inclu\u00eda at\u00e9 v\u00eddeos de m\u00e9dicos dizendo que nos hospitais em que trabalham as pessoas morreram ap\u00f3s tomar a vacina\u201d, conta.<\/p>\n\n\n\n<p>O povo Waj\u00e3pi, que hoje soma 1.700 pessoas, j\u00e1 teve sua popula\u00e7\u00e3o reduzida a 200 pessoas durante uma&nbsp;<a href=\"https:\/\/brasil.elpais.com\/brasil\/2019\/08\/12\/internacional\/1565632624_852248.html\" target=\"_blank\" rel=\"noreferrer noopener\">epidemia de sarampo&nbsp;<\/a>no in\u00edcio dos anos 1970. \u201cPor isso dizemos a eles que a vacina contra a covid-19 \u00e9 t\u00e3o importante quanto a do sarampo ou da gripe e que, neste caso, eles podem at\u00e9 pegar a doen\u00e7a depois de imunizados, mas j\u00e1 sem o risco de ficar em estado grave\u201d, explica a m\u00e9dica. No caso dessa etnia, a imuniza\u00e7\u00e3o \u00e9 especialmente importante para manter o controle da dissemina\u00e7\u00e3o do v\u00edrus na comunidade, que teve at\u00e9 o momento uma \u00fanica v\u00edtima fatal \u2014\u00e0 diferen\u00e7a do que ocorreu entre outros povos da regi\u00e3o amaz\u00f4nica.<\/p>\n\n\n\n<p>A m\u00e9dica e sua equipe conseguiram reverter a descren\u00e7a dos ind\u00edgenas com muito di\u00e1logo e gra\u00e7as a uma imagem com&nbsp;<a href=\"https:\/\/brasil.elpais.com\/brasil\/2021-01-19\/as-vacinas-contra-a-covid-19-aprovadas-no-brasil-oferecem-riscos-ainda-terei-de-usar-a-mascara.html\" target=\"_blank\" rel=\"noreferrer noopener\">perguntas e respostas sobre a vacina<\/a>&nbsp;que circulou nos grupos de WhatsApp. \u201c\u00c9 importante ouvir as d\u00favidas e receios, conversar e explicar tudo, \u00e9 o \u00fanico jeito de convenc\u00ea-los de que a vacina \u00e9 segura. Envolver as lideran\u00e7as e agentes de sa\u00fade ind\u00edgenas tamb\u00e9m e fundamental\u201d, explica. Ainda assim, cinco Waj\u00e3pi se recusaram a tomar a primeira dose. A receber\u00e3o nas pr\u00f3ximas semanas, quando os demais&nbsp;<em>parentes&nbsp;<\/em>da comunidade tomarem a segunda dose do imunizante.<\/p>\n\n\n\n<p><\/p>\n","protected":false},"excerpt":{"rendered":"<p>Not\u00edcias falsas espalhadas por WhatsApp e por grupos religiosos provocam resist\u00eancia contra a vacina\u00e7\u00e3o entre \u00edndios. A mentira de que a vacina contra a covid-19 pode alterar o DNA \u00e9 um dos principais argumentos.<\/p>\n","protected":false},"author":1,"featured_media":0,"comment_status":"closed","ping_status":"open","sticky":false,"template":"","format":"standard","meta":{"_exactmetrics_skip_tracking":false,"_exactmetrics_sitenote_active":false,"_exactmetrics_sitenote_note":"","_exactmetrics_sitenote_category":0,"jetpack_post_was_ever_published":false,"_jetpack_newsletter_access":"","_jetpack_dont_email_post_to_subs":false,"_jetpack_newsletter_tier_id":0,"_jetpack_memberships_contains_paywalled_content":false,"_jetpack_memberships_contains_paid_content":false,"footnotes":"","jetpack_publicize_message":"","jetpack_publicize_feature_enabled":true,"jetpack_social_post_already_shared":true,"jetpack_social_options":{"image_generator_settings":{"template":"highway","enabled":false},"version":2}},"categories":[1],"tags":[],"class_list":["post-31301","post","type-post","status-publish","format-standard","hentry","category-notas"],"jetpack_publicize_connections":[],"jetpack_sharing_enabled":true,"jetpack_featured_media_url":"","jetpack_shortlink":"https:\/\/wp.me\/p7wKYW-88R","jetpack-related-posts":[],"_links":{"self":[{"href":"http:\/\/blogdalucianaoliveira.com.br\/blog\/wp-json\/wp\/v2\/posts\/31301","targetHints":{"allow":["GET"]}}],"collection":[{"href":"http:\/\/blogdalucianaoliveira.com.br\/blog\/wp-json\/wp\/v2\/posts"}],"about":[{"href":"http:\/\/blogdalucianaoliveira.com.br\/blog\/wp-json\/wp\/v2\/types\/post"}],"author":[{"embeddable":true,"href":"http:\/\/blogdalucianaoliveira.com.br\/blog\/wp-json\/wp\/v2\/users\/1"}],"replies":[{"embeddable":true,"href":"http:\/\/blogdalucianaoliveira.com.br\/blog\/wp-json\/wp\/v2\/comments?post=31301"}],"version-history":[{"count":1,"href":"http:\/\/blogdalucianaoliveira.com.br\/blog\/wp-json\/wp\/v2\/posts\/31301\/revisions"}],"predecessor-version":[{"id":31303,"href":"http:\/\/blogdalucianaoliveira.com.br\/blog\/wp-json\/wp\/v2\/posts\/31301\/revisions\/31303"}],"wp:attachment":[{"href":"http:\/\/blogdalucianaoliveira.com.br\/blog\/wp-json\/wp\/v2\/media?parent=31301"}],"wp:term":[{"taxonomy":"category","embeddable":true,"href":"http:\/\/blogdalucianaoliveira.com.br\/blog\/wp-json\/wp\/v2\/categories?post=31301"},{"taxonomy":"post_tag","embeddable":true,"href":"http:\/\/blogdalucianaoliveira.com.br\/blog\/wp-json\/wp\/v2\/tags?post=31301"}],"curies":[{"name":"wp","href":"https:\/\/api.w.org\/{rel}","templated":true}]}}