{"id":31304,"date":"2021-03-25T14:05:45","date_gmt":"2021-03-25T18:05:45","guid":{"rendered":"http:\/\/blogdalucianaoliveira.com.br\/blog\/?p=31304"},"modified":"2021-03-25T14:05:51","modified_gmt":"2021-03-25T18:05:51","slug":"presidente-de-associacao-diz-que-medicos-nao-tem-direito-de-prescrever-remedios-ineficazes","status":"publish","type":"post","link":"http:\/\/blogdalucianaoliveira.com.br\/blog\/2021\/03\/25\/presidente-de-associacao-diz-que-medicos-nao-tem-direito-de-prescrever-remedios-ineficazes\/","title":{"rendered":"Presidente de associa\u00e7\u00e3o diz que m\u00e9dicos n\u00e3o t\u00eam direito de prescrever rem\u00e9dios ineficazes"},"content":{"rendered":"\n<figure class=\"wp-block-image size-large\"><img loading=\"lazy\" decoding=\"async\" width=\"1250\" height=\"600\" data-attachment-id=\"31305\" data-permalink=\"http:\/\/blogdalucianaoliveira.com.br\/blog\/2021\/03\/25\/presidente-de-associacao-diz-que-medicos-nao-tem-direito-de-prescrever-remedios-ineficazes\/392e1760-ebe6-4745-a15d-841b251445a9\/\" data-orig-file=\"https:\/\/i0.wp.com\/blogdalucianaoliveira.com.br\/blog\/wp-content\/uploads\/2021\/03\/392E1760-EBE6-4745-A15D-841B251445A9.jpeg?fit=1250%2C600\" data-orig-size=\"1250,600\" data-comments-opened=\"0\" data-image-meta=\"{&quot;aperture&quot;:&quot;0&quot;,&quot;credit&quot;:&quot;&quot;,&quot;camera&quot;:&quot;&quot;,&quot;caption&quot;:&quot;&quot;,&quot;created_timestamp&quot;:&quot;0&quot;,&quot;copyright&quot;:&quot;&quot;,&quot;focal_length&quot;:&quot;0&quot;,&quot;iso&quot;:&quot;0&quot;,&quot;shutter_speed&quot;:&quot;0&quot;,&quot;title&quot;:&quot;&quot;,&quot;orientation&quot;:&quot;0&quot;}\" data-image-title=\"392E1760-EBE6-4745-A15D-841B251445A9\" data-image-description=\"\" data-image-caption=\"\" data-medium-file=\"https:\/\/i0.wp.com\/blogdalucianaoliveira.com.br\/blog\/wp-content\/uploads\/2021\/03\/392E1760-EBE6-4745-A15D-841B251445A9.jpeg?fit=300%2C144\" data-large-file=\"https:\/\/i0.wp.com\/blogdalucianaoliveira.com.br\/blog\/wp-content\/uploads\/2021\/03\/392E1760-EBE6-4745-A15D-841B251445A9.jpeg?fit=600%2C288\" src=\"https:\/\/i0.wp.com\/blogdalucianaoliveira.com.br\/blog\/wp-content\/uploads\/2021\/03\/392E1760-EBE6-4745-A15D-841B251445A9.jpeg?fit=600%2C288\" alt=\"\" class=\"wp-image-31305\" srcset=\"https:\/\/i0.wp.com\/blogdalucianaoliveira.com.br\/blog\/wp-content\/uploads\/2021\/03\/392E1760-EBE6-4745-A15D-841B251445A9.jpeg?w=1250 1250w, https:\/\/i0.wp.com\/blogdalucianaoliveira.com.br\/blog\/wp-content\/uploads\/2021\/03\/392E1760-EBE6-4745-A15D-841B251445A9.jpeg?resize=300%2C144 300w, https:\/\/i0.wp.com\/blogdalucianaoliveira.com.br\/blog\/wp-content\/uploads\/2021\/03\/392E1760-EBE6-4745-A15D-841B251445A9.jpeg?resize=1024%2C492 1024w, https:\/\/i0.wp.com\/blogdalucianaoliveira.com.br\/blog\/wp-content\/uploads\/2021\/03\/392E1760-EBE6-4745-A15D-841B251445A9.jpeg?resize=768%2C369 768w, https:\/\/i0.wp.com\/blogdalucianaoliveira.com.br\/blog\/wp-content\/uploads\/2021\/03\/392E1760-EBE6-4745-A15D-841B251445A9.jpeg?resize=625%2C300 625w, https:\/\/i0.wp.com\/blogdalucianaoliveira.com.br\/blog\/wp-content\/uploads\/2021\/03\/392E1760-EBE6-4745-A15D-841B251445A9.jpeg?w=1200 1200w\" sizes=\"auto, (max-width: 600px) 100vw, 600px\" \/><\/figure>\n\n\n\n<p><strong>247<\/strong>&nbsp;&#8211; A Associa\u00e7\u00e3o M\u00e9dica Brasileira (AMB) mudou de posicionamento na \u00faltima ter\u00e7a-feira (23) e passou a recomendar que os medicamentos do chamado &#8220;kit Covid&#8221;, como a hidroxicloroquina e a ivermectina, sejam &#8220;banidos&#8221; do tratamento da Covid-19. O m\u00e9dico C\u00e9sar Eduardo Fernandes novo presidente da associa\u00e7\u00e3o, disse que a autonomia do m\u00e9dico n\u00e3o lhe d\u00e1 o direito de prescrever rem\u00e9dios ineficazes.<\/p>\n\n\n\n<!--more-->\n\n\n\n<p>&#8220;Eu acho que o princ\u00edpio do trabalho do m\u00e9dico \u2013 que eu acho v\u00e1lido, merece todo o nosso respeito \u2013 \u00e9 dar autonomia de decis\u00e3o ao m\u00e9dico. Mas essa autonomia n\u00e3o lhe d\u00e1, a meu ju\u00edzo, o direito de fazer uso de medica\u00e7\u00f5es que n\u00e3o tenham efic\u00e1cia&#8221;, disse ele em entrevista ao\u00a0<a href=\"https:\/\/g1.globo.com\/bemestar\/coronavirus\/noticia\/2021\/03\/25\/autonomia-do-medico-nao-da-direito-de-prescrever-remedio-ineficaz-diz-presidente-de-entidade-que-mudou-orientacao-sobre-kit-covid.ghtml\">portal G1<\/a>.<\/p>\n\n\n\n<p>De acordo com o m\u00e9dico, se pacientes receberem uma receita com os medicamentos do &#8220;kit&#8221;, vale buscar uma segunda opini\u00e3o. &#8220;A meu ju\u00edzo, se ele est\u00e1 sendo acompanhado por esse m\u00e9dico e recebeu essa orienta\u00e7\u00e3o, eu creio que valeria ele ouvir uma outra opini\u00e3o. N\u00e3o me sinto nem confort\u00e1vel para dizer \u2018n\u00e3o siga a orienta\u00e7\u00e3o do m\u00e9dico que lhe deu\u2019. A minha opini\u00e3o \u00e9 que ele n\u00e3o deve tomar essas medica\u00e7\u00f5es, mas eu n\u00e3o quero ser leviano&#8221;, disse.<\/p>\n","protected":false},"excerpt":{"rendered":"<p>247&nbsp;&#8211; A Associa\u00e7\u00e3o M\u00e9dica Brasileira (AMB) mudou de posicionamento na \u00faltima ter\u00e7a-feira (23) e passou a recomendar que os medicamentos do chamado &#8220;kit Covid&#8221;, como a hidroxicloroquina e a ivermectina, sejam &#8220;banidos&#8221; do tratamento da Covid-19. O m\u00e9dico C\u00e9sar Eduardo Fernandes novo presidente da associa\u00e7\u00e3o, disse que a autonomia do m\u00e9dico n\u00e3o lhe d\u00e1 o&#8230;<a class=\"more-link\" href=\"http:\/\/blogdalucianaoliveira.com.br\/blog\/2021\/03\/25\/presidente-de-associacao-diz-que-medicos-nao-tem-direito-de-prescrever-remedios-ineficazes\/\">Continue a leitura <span class=\"meta-nav\">&raquo;<\/span><\/a><\/p>\n","protected":false},"author":1,"featured_media":0,"comment_status":"closed","ping_status":"open","sticky":false,"template":"","format":"standard","meta":{"_exactmetrics_skip_tracking":false,"_exactmetrics_sitenote_active":false,"_exactmetrics_sitenote_note":"","_exactmetrics_sitenote_category":0,"jetpack_post_was_ever_published":false,"_jetpack_newsletter_access":"","_jetpack_dont_email_post_to_subs":false,"_jetpack_newsletter_tier_id":0,"_jetpack_memberships_contains_paywalled_content":false,"_jetpack_memberships_contains_paid_content":false,"footnotes":"","jetpack_publicize_message":"","jetpack_publicize_feature_enabled":true,"jetpack_social_post_already_shared":true,"jetpack_social_options":{"image_generator_settings":{"template":"highway","enabled":false},"version":2}},"categories":[1],"tags":[],"class_list":["post-31304","post","type-post","status-publish","format-standard","hentry","category-notas"],"jetpack_publicize_connections":[],"jetpack_sharing_enabled":true,"jetpack_featured_media_url":"","jetpack_shortlink":"https:\/\/wp.me\/p7wKYW-88U","jetpack-related-posts":[],"_links":{"self":[{"href":"http:\/\/blogdalucianaoliveira.com.br\/blog\/wp-json\/wp\/v2\/posts\/31304","targetHints":{"allow":["GET"]}}],"collection":[{"href":"http:\/\/blogdalucianaoliveira.com.br\/blog\/wp-json\/wp\/v2\/posts"}],"about":[{"href":"http:\/\/blogdalucianaoliveira.com.br\/blog\/wp-json\/wp\/v2\/types\/post"}],"author":[{"embeddable":true,"href":"http:\/\/blogdalucianaoliveira.com.br\/blog\/wp-json\/wp\/v2\/users\/1"}],"replies":[{"embeddable":true,"href":"http:\/\/blogdalucianaoliveira.com.br\/blog\/wp-json\/wp\/v2\/comments?post=31304"}],"version-history":[{"count":1,"href":"http:\/\/blogdalucianaoliveira.com.br\/blog\/wp-json\/wp\/v2\/posts\/31304\/revisions"}],"predecessor-version":[{"id":31306,"href":"http:\/\/blogdalucianaoliveira.com.br\/blog\/wp-json\/wp\/v2\/posts\/31304\/revisions\/31306"}],"wp:attachment":[{"href":"http:\/\/blogdalucianaoliveira.com.br\/blog\/wp-json\/wp\/v2\/media?parent=31304"}],"wp:term":[{"taxonomy":"category","embeddable":true,"href":"http:\/\/blogdalucianaoliveira.com.br\/blog\/wp-json\/wp\/v2\/categories?post=31304"},{"taxonomy":"post_tag","embeddable":true,"href":"http:\/\/blogdalucianaoliveira.com.br\/blog\/wp-json\/wp\/v2\/tags?post=31304"}],"curies":[{"name":"wp","href":"https:\/\/api.w.org\/{rel}","templated":true}]}}