{"id":31308,"date":"2021-03-25T14:12:39","date_gmt":"2021-03-25T18:12:39","guid":{"rendered":"http:\/\/blogdalucianaoliveira.com.br\/blog\/?p=31308"},"modified":"2021-03-25T14:12:42","modified_gmt":"2021-03-25T18:12:42","slug":"empresarios-tomam-vacina-as-escondidas","status":"publish","type":"post","link":"http:\/\/blogdalucianaoliveira.com.br\/blog\/2021\/03\/25\/empresarios-tomam-vacina-as-escondidas\/","title":{"rendered":"EMPRES\u00c1RIOS TOMAM VACINA \u00c0S ESCONDIDAS"},"content":{"rendered":"\n<figure class=\"wp-block-image size-large\"><img loading=\"lazy\" decoding=\"async\" width=\"1200\" height=\"800\" data-attachment-id=\"31309\" data-permalink=\"http:\/\/blogdalucianaoliveira.com.br\/blog\/2021\/03\/25\/empresarios-tomam-vacina-as-escondidas\/fde5991c-a032-440f-9b44-0687f970aaad\/\" data-orig-file=\"https:\/\/i0.wp.com\/blogdalucianaoliveira.com.br\/blog\/wp-content\/uploads\/2021\/03\/FDE5991C-A032-440F-9B44-0687F970AAAD.jpeg?fit=1200%2C800\" data-orig-size=\"1200,800\" data-comments-opened=\"0\" data-image-meta=\"{&quot;aperture&quot;:&quot;0&quot;,&quot;credit&quot;:&quot;&quot;,&quot;camera&quot;:&quot;&quot;,&quot;caption&quot;:&quot;&quot;,&quot;created_timestamp&quot;:&quot;0&quot;,&quot;copyright&quot;:&quot;&quot;,&quot;focal_length&quot;:&quot;0&quot;,&quot;iso&quot;:&quot;0&quot;,&quot;shutter_speed&quot;:&quot;0&quot;,&quot;title&quot;:&quot;&quot;,&quot;orientation&quot;:&quot;0&quot;}\" data-image-title=\"FDE5991C-A032-440F-9B44-0687F970AAAD\" data-image-description=\"\" data-image-caption=\"\" data-medium-file=\"https:\/\/i0.wp.com\/blogdalucianaoliveira.com.br\/blog\/wp-content\/uploads\/2021\/03\/FDE5991C-A032-440F-9B44-0687F970AAAD.jpeg?fit=300%2C200\" data-large-file=\"https:\/\/i0.wp.com\/blogdalucianaoliveira.com.br\/blog\/wp-content\/uploads\/2021\/03\/FDE5991C-A032-440F-9B44-0687F970AAAD.jpeg?fit=600%2C400\" src=\"https:\/\/i0.wp.com\/blogdalucianaoliveira.com.br\/blog\/wp-content\/uploads\/2021\/03\/FDE5991C-A032-440F-9B44-0687F970AAAD.jpeg?fit=600%2C400\" alt=\"\" class=\"wp-image-31309\" srcset=\"https:\/\/i0.wp.com\/blogdalucianaoliveira.com.br\/blog\/wp-content\/uploads\/2021\/03\/FDE5991C-A032-440F-9B44-0687F970AAAD.jpeg?w=1200 1200w, https:\/\/i0.wp.com\/blogdalucianaoliveira.com.br\/blog\/wp-content\/uploads\/2021\/03\/FDE5991C-A032-440F-9B44-0687F970AAAD.jpeg?resize=300%2C200 300w, https:\/\/i0.wp.com\/blogdalucianaoliveira.com.br\/blog\/wp-content\/uploads\/2021\/03\/FDE5991C-A032-440F-9B44-0687F970AAAD.jpeg?resize=1024%2C683 1024w, https:\/\/i0.wp.com\/blogdalucianaoliveira.com.br\/blog\/wp-content\/uploads\/2021\/03\/FDE5991C-A032-440F-9B44-0687F970AAAD.jpeg?resize=768%2C512 768w, https:\/\/i0.wp.com\/blogdalucianaoliveira.com.br\/blog\/wp-content\/uploads\/2021\/03\/FDE5991C-A032-440F-9B44-0687F970AAAD.jpeg?resize=450%2C300 450w\" sizes=\"auto, (max-width: 600px) 100vw, 600px\" \/><\/figure>\n\n\n\n<h4 class=\"wp-block-heading\">Grupo do setor de transporte importou o imunizante da Pfizer e, violando a lei, n\u00e3o fez a doa\u00e7\u00e3o para o SUS e vacinou familiares a 600 reais pelas duas doses&nbsp;<\/h4>\n\n\n\n<!--more-->\n\n\n\n<p><strong>THAIS BILENKY<\/strong>, na Revista Piau\u00ed <\/p>\n\n\n\n<p><br>Um grupo de pol\u00edticos e empres\u00e1rios, a maioria ligada ao setor de transporte de Minas Gerais, e seus familiares, tomou na ter\u00e7a-feira, dia 23, a primeira das duas doses da vacina da Pfizer contra a Covid-19, em Belo Horizonte. Eles compraram o imunizante por iniciativa pr\u00f3pria e n\u00e3o repassaram ao SUS (Sistema \u00danico de Sa\u00fade), como prev\u00ea a lei. A segunda dose est\u00e1 prevista para ser aplicada nas cerca de cinquenta pessoas daqui a trinta dias. As duas doses custaram a cada pessoa 600 reais.<\/p>\n\n\n\n<p>O ex-senador Cl\u00e9sio Andrade, ex-presidente da Confedera\u00e7\u00e3o Nacional do Transporte (CNT), foi um dos agraciados. \u201cEstou com 69 anos, minha vacina\u00e7\u00e3o [pelo SUS] seria na semana que vem, eu nem precisava, mas tomei. Fui convidado, foi gratuito para mim\u201d, disse ele \u00e0&nbsp;<strong>piau\u00ed<\/strong>. Uma fonte familiarizada com o caso disse \u00e0 revista que a vacina era da Pfizer, mas o laborat\u00f3rio nega que tenha vendido seu imunizante no Brasil \u201cfora do \u00e2mbito do programa nacional de imuniza\u00e7\u00e3o\u201d.<\/p>\n\n\n\n<p>Segundo pessoas que se vacinaram na ocasi\u00e3o, os organizadores foram os irm\u00e3os R\u00f4mulo e Robson Lessa, donos da via\u00e7\u00e3o Saritur. Uma garagem de uma empresa do grupo foi improvisada como posto de vacina\u00e7\u00e3o. A&nbsp;<strong>piau\u00ed<\/strong>&nbsp;telefonou e mandou mensagem para R\u00f4mulo Lessa, que n\u00e3o respondeu.<\/p>\n\n\n\n<p>O Congresso aprovou h\u00e1 cerca de vinte dias um projeto de autoria do presidente do Senado, Rodrigo Pacheco (DEM-MG), que autoriza a compra de vacinas pela iniciativa privada, mas determina que todas as doses devem ser doadas ao SUS at\u00e9 que os grupos de risco \u2013 77,2 milh\u00f5es de pessoas, de acordo com o Minist\u00e9rio da Sa\u00fade \u2013 tenham sido plenamente imunizados em todo o pa\u00eds. O Brasil vacinou menos de 15 milh\u00f5es de pessoas at\u00e9 agora.<\/p>\n\n\n\n<p>Mesmo depois da imuniza\u00e7\u00e3o dos grupos priorit\u00e1rios, as vacinas compradas pela iniciativa privada devem ser divididas meio a meio com o SUS, numa opera\u00e7\u00e3o fiscalizada pela pasta. O Minist\u00e9rio da Sa\u00fade enviou uma nota na qual diz que \u201cas doses contratadas pela pasta da Pfizer\/BionTech ainda n\u00e3o chegaram ao Brasil. A previs\u00e3o do laborat\u00f3rio \u00e9 entregar a primeira remessa a partir de abril ao Programa Nacional de Imuniza\u00e7\u00f5es (PNI) \u2013 que \u00e9 a base da vacina\u00e7\u00e3o de todos os brasileiros contra a Covid-19\u201d.<\/p>\n\n\n\n<p>O deputado estadual de Minas Alencar da Silveira (PDT) tamb\u00e9m foi vacinado, segundo relatos de pessoas presentes. Silveira contou \u00e0s pessoas que estavam no local da vacina\u00e7\u00e3o que j\u00e1 tinha tido Covid, mas que seu m\u00e9dico autorizara que se imunizasse. \u00c0&nbsp;<strong>piau\u00ed<\/strong>, Silveira confirmou que j\u00e1 tinha sido infectado pelo novo coronav\u00edrus, mas negou que tivesse participado da imuniza\u00e7\u00e3o paralela. \u201cN\u00e3o estou sabendo, n\u00e3o. At\u00e9 gostaria, mas estou com coronav\u00edrus, nem posso\u201d, afirmou.<\/p>\n\n\n\n<p>De acordo com relatos, o grupo foi vacinado por uma enfermeira que se atrasou porque estava imunizando outro grupo na Belgo Mineira, mineradora hoje pertencente \u00e0 ArcellorMittal A\u00e7os. Em nota, a ArcelorMittal afirmou que nunca comprou nenhuma vacina para o combate da Covid-19 da Pfizer ou de qualquer outra empresa farmac\u00eautica. \u201cA empresa nunca fez nenhum contato com a Pfizer ou qualquer outra empresa do setor farmac\u00eautico para compra direta de vacinas contra o coronav\u00edrus. A Abertta Sa\u00fade, empresa de gest\u00e3o de sa\u00fade da ArcelorMittal, atua como posto avan\u00e7ado de vacina\u00e7\u00e3o do SUS junto \u00e0s Secretarias Municipais de Sa\u00fade de Belo Horizonte e de Contagem. No entanto, a ArcelorMittal desconhece qualquer atua\u00e7\u00e3o de seus profissionais em atos correlacionados \u00e0 vacina\u00e7\u00e3o fora dos protocolos do Minist\u00e9rio da Sa\u00fade e do Programa Nacional de Imuniza\u00e7\u00e3o \u2013 PNI.\u201d<\/p>\n\n\n\n<p>Em nota, a Pfizer disse que \u201cnega qualquer venda ou distribui\u00e7\u00e3o de sua vacina contra a COVID-19 no Brasil fora do \u00e2mbito do Programa Nacional de Imuniza\u00e7\u00e3o. O imunizante COMIRNATY ainda n\u00e3o est\u00e1 dispon\u00edvel em territ\u00f3rio brasileiro. A Pfizer e a BioNTech fecharam um acordo com o Minist\u00e9rio da Sa\u00fade contemplando o fornecimento de 100 milh\u00f5es de doses da vacina contra a COVID-19 ao longo de 2021\u201d.<\/p>\n\n\n\n<p>Ap\u00f3s a publica\u00e7\u00e3o da reportagem, o deputado estadual Jo\u00e3o V\u00edtor Xavier (Cidadania), presidente da CPI dos Fura-Filas da Vacina na Assembleia de Minas, afirmou que, na quinta-feira, vai \u201couvir Minist\u00e9rio P\u00fablico, corregedoria e ouvidoria do governo\u201d. O objetivo \u00e9 averiguar se a CPI tem compet\u00eancia para investigar o caso.<\/p>\n","protected":false},"excerpt":{"rendered":"<p>Grupo do setor de transporte importou o imunizante da Pfizer e, violando a lei, n\u00e3o fez a doa\u00e7\u00e3o para o SUS e vacinou familiares a 600 reais pelas duas doses&nbsp;<\/p>\n","protected":false},"author":1,"featured_media":0,"comment_status":"closed","ping_status":"open","sticky":false,"template":"","format":"standard","meta":{"_exactmetrics_skip_tracking":false,"_exactmetrics_sitenote_active":false,"_exactmetrics_sitenote_note":"","_exactmetrics_sitenote_category":0,"jetpack_post_was_ever_published":false,"_jetpack_newsletter_access":"","_jetpack_dont_email_post_to_subs":false,"_jetpack_newsletter_tier_id":0,"_jetpack_memberships_contains_paywalled_content":false,"_jetpack_memberships_contains_paid_content":false,"footnotes":"","jetpack_publicize_message":"","jetpack_publicize_feature_enabled":true,"jetpack_social_post_already_shared":true,"jetpack_social_options":{"image_generator_settings":{"template":"highway","enabled":false},"version":2}},"categories":[1],"tags":[],"class_list":["post-31308","post","type-post","status-publish","format-standard","hentry","category-notas"],"jetpack_publicize_connections":[],"jetpack_sharing_enabled":true,"jetpack_featured_media_url":"","jetpack_shortlink":"https:\/\/wp.me\/p7wKYW-88Y","jetpack-related-posts":[],"_links":{"self":[{"href":"http:\/\/blogdalucianaoliveira.com.br\/blog\/wp-json\/wp\/v2\/posts\/31308","targetHints":{"allow":["GET"]}}],"collection":[{"href":"http:\/\/blogdalucianaoliveira.com.br\/blog\/wp-json\/wp\/v2\/posts"}],"about":[{"href":"http:\/\/blogdalucianaoliveira.com.br\/blog\/wp-json\/wp\/v2\/types\/post"}],"author":[{"embeddable":true,"href":"http:\/\/blogdalucianaoliveira.com.br\/blog\/wp-json\/wp\/v2\/users\/1"}],"replies":[{"embeddable":true,"href":"http:\/\/blogdalucianaoliveira.com.br\/blog\/wp-json\/wp\/v2\/comments?post=31308"}],"version-history":[{"count":1,"href":"http:\/\/blogdalucianaoliveira.com.br\/blog\/wp-json\/wp\/v2\/posts\/31308\/revisions"}],"predecessor-version":[{"id":31310,"href":"http:\/\/blogdalucianaoliveira.com.br\/blog\/wp-json\/wp\/v2\/posts\/31308\/revisions\/31310"}],"wp:attachment":[{"href":"http:\/\/blogdalucianaoliveira.com.br\/blog\/wp-json\/wp\/v2\/media?parent=31308"}],"wp:term":[{"taxonomy":"category","embeddable":true,"href":"http:\/\/blogdalucianaoliveira.com.br\/blog\/wp-json\/wp\/v2\/categories?post=31308"},{"taxonomy":"post_tag","embeddable":true,"href":"http:\/\/blogdalucianaoliveira.com.br\/blog\/wp-json\/wp\/v2\/tags?post=31308"}],"curies":[{"name":"wp","href":"https:\/\/api.w.org\/{rel}","templated":true}]}}