{"id":31311,"date":"2021-03-26T12:16:05","date_gmt":"2021-03-26T16:16:05","guid":{"rendered":"http:\/\/blogdalucianaoliveira.com.br\/blog\/?p=31311"},"modified":"2021-03-26T12:16:09","modified_gmt":"2021-03-26T16:16:09","slug":"utilizada-contra-opositores-de-bolsonaro-lei-de-seguranca-nacional-pode-ser-revista","status":"publish","type":"post","link":"http:\/\/blogdalucianaoliveira.com.br\/blog\/2021\/03\/26\/utilizada-contra-opositores-de-bolsonaro-lei-de-seguranca-nacional-pode-ser-revista\/","title":{"rendered":"Utilizada contra opositores de Bolsonaro, Lei de Seguran\u00e7a Nacional pode ser revista"},"content":{"rendered":"\n<figure class=\"wp-block-image size-large\"><img data-recalc-dims=\"1\" loading=\"lazy\" decoding=\"async\" width=\"600\" height=\"338\" data-attachment-id=\"31312\" data-permalink=\"http:\/\/blogdalucianaoliveira.com.br\/blog\/2021\/03\/26\/utilizada-contra-opositores-de-bolsonaro-lei-de-seguranca-nacional-pode-ser-revista\/8cba0497-eb70-4492-b1ee-e20bf496b46a\/\" data-orig-file=\"https:\/\/i0.wp.com\/blogdalucianaoliveira.com.br\/blog\/wp-content\/uploads\/2021\/03\/8CBA0497-EB70-4492-B1EE-E20BF496B46A.jpeg?fit=800%2C450\" data-orig-size=\"800,450\" data-comments-opened=\"0\" data-image-meta=\"{&quot;aperture&quot;:&quot;0&quot;,&quot;credit&quot;:&quot;&quot;,&quot;camera&quot;:&quot;&quot;,&quot;caption&quot;:&quot;&quot;,&quot;created_timestamp&quot;:&quot;0&quot;,&quot;copyright&quot;:&quot;&quot;,&quot;focal_length&quot;:&quot;0&quot;,&quot;iso&quot;:&quot;0&quot;,&quot;shutter_speed&quot;:&quot;0&quot;,&quot;title&quot;:&quot;&quot;,&quot;orientation&quot;:&quot;1&quot;}\" data-image-title=\"8CBA0497-EB70-4492-B1EE-E20BF496B46A\" data-image-description=\"\" data-image-caption=\"\" data-medium-file=\"https:\/\/i0.wp.com\/blogdalucianaoliveira.com.br\/blog\/wp-content\/uploads\/2021\/03\/8CBA0497-EB70-4492-B1EE-E20BF496B46A.jpeg?fit=300%2C169\" data-large-file=\"https:\/\/i0.wp.com\/blogdalucianaoliveira.com.br\/blog\/wp-content\/uploads\/2021\/03\/8CBA0497-EB70-4492-B1EE-E20BF496B46A.jpeg?fit=600%2C338\" src=\"https:\/\/i0.wp.com\/blogdalucianaoliveira.com.br\/blog\/wp-content\/uploads\/2021\/03\/8CBA0497-EB70-4492-B1EE-E20BF496B46A.jpeg?resize=600%2C338\" alt=\"\" class=\"wp-image-31312\" srcset=\"https:\/\/i0.wp.com\/blogdalucianaoliveira.com.br\/blog\/wp-content\/uploads\/2021\/03\/8CBA0497-EB70-4492-B1EE-E20BF496B46A.jpeg?w=800 800w, https:\/\/i0.wp.com\/blogdalucianaoliveira.com.br\/blog\/wp-content\/uploads\/2021\/03\/8CBA0497-EB70-4492-B1EE-E20BF496B46A.jpeg?resize=300%2C169 300w, https:\/\/i0.wp.com\/blogdalucianaoliveira.com.br\/blog\/wp-content\/uploads\/2021\/03\/8CBA0497-EB70-4492-B1EE-E20BF496B46A.jpeg?resize=768%2C432 768w, https:\/\/i0.wp.com\/blogdalucianaoliveira.com.br\/blog\/wp-content\/uploads\/2021\/03\/8CBA0497-EB70-4492-B1EE-E20BF496B46A.jpeg?resize=533%2C300 533w\" sizes=\"auto, (max-width: 600px) 100vw, 600px\" \/><\/figure>\n\n\n\n<h4 class=\"wp-block-heading\">Norma da Ditadura \u00e9 usada pelo governo para perseguir cr\u00edticos, mas tem outra fun\u00e7\u00e3o, que pode ser mantida em reforma<\/h4>\n\n\n\n<!--more-->\n\n\n\n<p>Vitor Shimomura &#8211; Brasil de Fato | S\u00e3o Paulo (SP)\u00a0<\/p>\n\n\n\n<p>Ap\u00f3s 37 anos em vigor,&nbsp;<a href=\"https:\/\/www.brasildefato.com.br\/2020\/06\/26\/em-20-anos-brasil-instaurou-155-inqueritos-usando-a-lei-de-seguranca-nacional\" target=\"_blank\" rel=\"noreferrer noopener\">a aplica\u00e7\u00e3o da Lei de Seguran\u00e7a Nacional (LSN)<\/a>&nbsp;voltou a ser alvo de debate no Brasil. Aprovada durante a Ditadura Militar, em 1983, a legisla\u00e7\u00e3o carrega uma heran\u00e7a autorit\u00e1ria e tem sido utilizada pelo governo de Jair Bolsonaro (sem partido) como um instrumento para perseguir e criminalizar opositores.<\/p>\n\n\n\n<p>Em Tocantins,&nbsp;<a href=\"https:\/\/www.brasildefatope.com.br\/2021\/03\/19\/professores-sao-alvos-preferenciais-da-censura-do-governo-bolsonaro\" target=\"_blank\" rel=\"noreferrer noopener\">o soci\u00f3logo Tiago Rodrigues foi investigado pela Pol\u00edcia Federal<\/a>&nbsp;por contratar duas placas outdoor com conte\u00fado cr\u00edtico \u00e0 gest\u00e3o do presidente da Rep\u00fablica. Em uma das placas, instaladas em agosto numa avenida de Palmas (TO), a mensagem dizia que o presidente valia menos que um &#8220;pequi ro\u00eddo&#8221;, que significa algo sem valor ou import\u00e2ncia.<\/p>\n\n\n\n<p>Apesar de o caso ter sido arquivado originalmente por recomenda\u00e7\u00e3o da Corregedoria Regional da Pol\u00edcia Federal (PF) e do Minist\u00e9rio P\u00fablico Federal no Tocantins, o ministro da Justi\u00e7a, Andr\u00e9 Mendon\u00e7a, decidiu reabrir o inqu\u00e9rito em dezembro do ano passado. O ministro alega que o soci\u00f3logo praticou crime contra a honra do presidente da Rep\u00fablica, o que colocaria em risco a pr\u00f3pria Seguran\u00e7a Nacional.\u00a0<br><\/p>\n\n\n\n<figure class=\"wp-block-embed-youtube wp-block-embed is-type-video is-provider-youtube wp-embed-aspect-16-9 wp-has-aspect-ratio\"><div class=\"wp-block-embed__wrapper\">\n<div class=\"jetpack-video-wrapper\"><iframe loading=\"lazy\" title=\"Lei de Seguran\u00e7a Nacional: uma arma nas m\u00e3os de Jair Bolsonaro\" width=\"600\" height=\"338\" src=\"https:\/\/www.youtube.com\/embed\/Y8bRK7B3uSM?feature=oembed\" frameborder=\"0\" allow=\"accelerometer; autoplay; clipboard-write; encrypted-media; gyroscope; picture-in-picture; web-share\" referrerpolicy=\"strict-origin-when-cross-origin\" allowfullscreen><\/iframe><\/div>\n<\/div><\/figure>\n\n\n\n<p>Nesta semana, o soci\u00f3logo entrou com um pedido de Habeas Corpus&nbsp;na Justi\u00e7a, que foi negado pelo ministro do Superior Tribunal de Justi\u00e7a (STJ)&nbsp;Ribeiro Dantas. Na decis\u00e3o, o ministro apontou que, em an\u00e1lise preliminar, n\u00e3o foram reconhecidos&nbsp;os requisitos para a concess\u00e3o da tutela de urg\u00eancia. No entanto, o m\u00e9rito do Habeas Corpus&nbsp;ainda ser\u00e1 analisado pela Quinta Turma, ainda sem data definida.\u200b<\/p>\n\n\n\n<p>Tiago entende que a abertura do inqu\u00e9rito em Bras\u00edlia \u00e9 um problema grave de cerceamento da liberdade de express\u00e3o, e que a lei apresenta um mecanismo de intimida\u00e7\u00e3o n\u00e3o compat\u00edvel com o Estado Democr\u00e1tico e de Direito.<\/p>\n\n\n\n<p>\u201cEu n\u00e3o vejo isso sen\u00e3o como um fato pol\u00edtico. Eu acredito que, pelas pr\u00f3prias concep\u00e7\u00f5es ideol\u00f3gicas e pelo pensamento estreito do presidente da Rep\u00fablica, ele utiliza dessa lei hoje para fazer a\u00e7\u00f5es de coer\u00e7\u00e3o, tentando, de uma certa maneira, silenciar, seja por medo, seja por essa press\u00e3o estatal, essa press\u00e3o do Estado, seus opositores\u201d.<\/p>\n\n\n\n<p>Nuredin Ahmad Allan, advogado e integrante da Associa\u00e7\u00e3o Brasileira de Juristas pela Democracia (ABJD), vincula a utiliza\u00e7\u00e3o da lei com a escalada do autoritarismo no governo Jair Bolsonaro.<\/p>\n\n\n\n<p>\u201cA ruptura democr\u00e1tica de 2016 e a elei\u00e7\u00e3o de Jair Bolsonaro utilizando de um discurso bastante ofensivo \u00e0s liberdades democr\u00e1ticas e em rela\u00e7\u00e3o a opini\u00f5es diferentes&nbsp;autoriza a ado\u00e7\u00e3o da LSN como um instrumento de persegui\u00e7\u00e3o e de repress\u00e3o pol\u00edtica e ideol\u00f3gica. Hoje, n\u00e3o \u00e9 outro o prop\u00f3sito desta legisla\u00e7\u00e3o\u201d, afirma o especialista.<\/p>\n\n\n\n<p>H\u00e1 pouco mais de&nbsp;um m\u00eas, o deputado federal Daniel Silveira (PSL-RJ) tamb\u00e9m foi enquadrado na Lei de Seguran\u00e7a Nacional. Nesse caso, o&nbsp;advogado explica que existe&nbsp;diferen\u00e7as entre criticar&nbsp;representantes do poder e amea\u00e7as e apologia \u00e0 viol\u00eancia contra institui\u00e7\u00f5es da Rep\u00fablica.<\/p>\n\n\n\n<p>Ahmad Allan explica: &#8220;A gente precisa muito fazer a separa\u00e7\u00e3o da situa\u00e7\u00e3o do Daniel Silveira, que fez amea\u00e7as \u00e0 vida e \u00e0 integridade f\u00edsica de ministros do STF, com os casos de um outdoor que faz uma cr\u00edtica em rela\u00e7\u00e3o ao combate \u00e0 pandemia.&#8221;<\/p>\n\n\n\n<p>O que n\u00e3o se pode permitir, continua ele, &#8220;\u00e9 que o discurso de \u00f3dio, que visa eliminar o outro, agredir o outro, seja tomado como liberdade de express\u00e3o. S\u00e3o quest\u00e3o absolutamente distintas. A LSN&nbsp;se instrumentaliza e tem sido utilizada pelo presidente para&nbsp;que o terror e o temor&nbsp;impere dentro da sociedade&#8221;.<\/p>\n\n\n\n<p><strong>Frente contra o autoritarismo<\/strong><\/p>\n\n\n\n<p>Na semana passada, Felipe Neto tamb\u00e9m foi acusado de crime contra a seguran\u00e7a nacional ap\u00f3s chamar Bolsonaro de &#8216;genocida&#8217; no Twitter. Um dia ap\u00f3s a suspens\u00e3o do inqu\u00e9rito, o youtuber lan\u00e7ou o movimento&nbsp;<a href=\"https:\/\/twitter.com\/felipeneto\/status\/1372710691833020416\" target=\"_blank\" rel=\"noreferrer noopener\">Cala Boca J\u00e1 Morreu<\/a>, com o objetivo de assessorar quem tamb\u00e9m sofreu silenciamento e persegui\u00e7\u00e3o pol\u00edtica. Segundo Felipe Neto &#8220;ningu\u00e9m ficar\u00e1 sem defesa caso seja v\u00edtima de abuso de autoridade contra a liberdade de express\u00e3o&#8221;.<\/p>\n\n\n\n<p>Em uma semana, o grupo j\u00e1 contabilizou mais de 150 pessoas que foram intimadas ou processadas por cr\u00edticas ao governo. Para o advogado e co-fundador do movimento&nbsp;Andr\u00e9 Perecmanis, a quantidade de casos coletados demonstra a necessidade da lei ser revista no STF, a fim de aferir sua constitucionalidade, seja em sua totalidade e em alguns de seus artigos. Atualmente,&nbsp;<a href=\"https:\/\/politica.estadao.com.br\/noticias\/geral,inqueritos-da-pf-com-base-na-lei-de-seguranca-nacional-crescem-285-no-governo-bolsonaro,70003652910\" target=\"_blank\" rel=\"noreferrer noopener\">h\u00e1 23 propostas de altera\u00e7\u00e3o protocoladas no Congresso Nacional<\/a>.<\/p>\n\n\n\n<p>\u201cExistem dispositivos&nbsp;relativos \u00e0 conduta que n\u00e3o deveriam, em hip\u00f3tese alguma, em uma democracia, ser criminalizados. Outras tantas condutas devem ser criminalizadas, mas j\u00e1 s\u00e3o tratadas pelo C\u00f3digo Penal. Ent\u00e3o, a LSN \u00e9, efetivamente, um resqu\u00edcio da ditadura. E a gente espera que o STF, na an\u00e1lise que h\u00e1 de ser feita com maior brevidade poss\u00edvel, de fato, retire a LSN do nosso quadro normativo\u201d.<\/p>\n\n\n\n<p><strong>A\u00e7\u00f5es no STF<\/strong><\/p>\n\n\n\n<p>Recentemente,&nbsp;<a href=\"https:\/\/www.conjur.com.br\/dl\/psb-ptb-questionam-lei-seguranca.pdf\" target=\"_blank\" rel=\"noreferrer noopener\">duas a\u00e7\u00f5es movidas<\/a>&nbsp;pelo Partido Socialista Brasileiro (PSB) e pelo&nbsp;Partido Trabalhista Brasileiro (PTB) foram endere\u00e7adas ao STF.&nbsp; No caso do PSB, foi pedida a supress\u00e3o de trechos que ofenderiam preceitos constitucionais, como liberdade de express\u00e3o, que s\u00e3o exatamente os que foram utilizados pelo governo para tentar criminalizar seus cr\u00edticos.<\/p>\n\n\n\n<p>No entanto, para o partido, \u00e9 fundamental manter certos trechos em vigor, para n\u00e3o prejudicar a defesa da ordem democr\u00e1tica pelo Poder Judici\u00e1rio, que s\u00e3o os artigos que foram utilizados para criminalizar a conduta do deputado Daniel Silveira. J\u00e1 no pedido do PTB, se entende que o texto todo \u00e9 incompat\u00edvel com a Constitui\u00e7\u00e3o. Ambas a\u00e7\u00f5es aguardam decis\u00e3o do relator, ministro Gilmar Mendes, e defini\u00e7\u00e3o em julgamento em plen\u00e1rio.<\/p>\n\n\n\n<p>Edi\u00e7\u00e3o: Vin\u00edcius Segalla<\/p>\n","protected":false},"excerpt":{"rendered":"<p>Norma da Ditadura \u00e9 usada pelo governo para perseguir cr\u00edticos, mas tem outra fun\u00e7\u00e3o, que pode ser mantida em reforma<\/p>\n","protected":false},"author":1,"featured_media":0,"comment_status":"closed","ping_status":"open","sticky":false,"template":"","format":"standard","meta":{"_exactmetrics_skip_tracking":false,"_exactmetrics_sitenote_active":false,"_exactmetrics_sitenote_note":"","_exactmetrics_sitenote_category":0,"jetpack_post_was_ever_published":false,"_jetpack_newsletter_access":"","_jetpack_dont_email_post_to_subs":false,"_jetpack_newsletter_tier_id":0,"_jetpack_memberships_contains_paywalled_content":false,"_jetpack_memberships_contains_paid_content":false,"footnotes":"","jetpack_publicize_message":"","jetpack_publicize_feature_enabled":true,"jetpack_social_post_already_shared":true,"jetpack_social_options":{"image_generator_settings":{"template":"highway","enabled":false},"version":2}},"categories":[1],"tags":[],"class_list":["post-31311","post","type-post","status-publish","format-standard","hentry","category-notas"],"jetpack_publicize_connections":[],"jetpack_sharing_enabled":true,"jetpack_featured_media_url":"","jetpack_shortlink":"https:\/\/wp.me\/p7wKYW-891","jetpack-related-posts":[],"_links":{"self":[{"href":"http:\/\/blogdalucianaoliveira.com.br\/blog\/wp-json\/wp\/v2\/posts\/31311","targetHints":{"allow":["GET"]}}],"collection":[{"href":"http:\/\/blogdalucianaoliveira.com.br\/blog\/wp-json\/wp\/v2\/posts"}],"about":[{"href":"http:\/\/blogdalucianaoliveira.com.br\/blog\/wp-json\/wp\/v2\/types\/post"}],"author":[{"embeddable":true,"href":"http:\/\/blogdalucianaoliveira.com.br\/blog\/wp-json\/wp\/v2\/users\/1"}],"replies":[{"embeddable":true,"href":"http:\/\/blogdalucianaoliveira.com.br\/blog\/wp-json\/wp\/v2\/comments?post=31311"}],"version-history":[{"count":1,"href":"http:\/\/blogdalucianaoliveira.com.br\/blog\/wp-json\/wp\/v2\/posts\/31311\/revisions"}],"predecessor-version":[{"id":31313,"href":"http:\/\/blogdalucianaoliveira.com.br\/blog\/wp-json\/wp\/v2\/posts\/31311\/revisions\/31313"}],"wp:attachment":[{"href":"http:\/\/blogdalucianaoliveira.com.br\/blog\/wp-json\/wp\/v2\/media?parent=31311"}],"wp:term":[{"taxonomy":"category","embeddable":true,"href":"http:\/\/blogdalucianaoliveira.com.br\/blog\/wp-json\/wp\/v2\/categories?post=31311"},{"taxonomy":"post_tag","embeddable":true,"href":"http:\/\/blogdalucianaoliveira.com.br\/blog\/wp-json\/wp\/v2\/tags?post=31311"}],"curies":[{"name":"wp","href":"https:\/\/api.w.org\/{rel}","templated":true}]}}