{"id":31324,"date":"2021-03-26T18:36:24","date_gmt":"2021-03-26T22:36:24","guid":{"rendered":"http:\/\/blogdalucianaoliveira.com.br\/blog\/?p=31324"},"modified":"2021-03-26T18:36:27","modified_gmt":"2021-03-26T22:36:27","slug":"cuba-testa-eficacia-de-suas-vacinas-pressionada-pelo-aumento-de-casos-de-covid-19","status":"publish","type":"post","link":"http:\/\/blogdalucianaoliveira.com.br\/blog\/2021\/03\/26\/cuba-testa-eficacia-de-suas-vacinas-pressionada-pelo-aumento-de-casos-de-covid-19\/","title":{"rendered":"Cuba testa efic\u00e1cia de suas vacinas pressionada pelo aumento de casos de covid-19"},"content":{"rendered":"\n<figure class=\"wp-block-image\"><img data-recalc-dims=\"1\" decoding=\"async\" src=\"https:\/\/i0.wp.com\/imagens.brasil.elpais.com\/resizer\/A4qzKUaAEuLvz5a_OrHWrBZ3iH4%3D\/414x0\/cloudfront-eu-central-1.images.arcpublishing.com\/prisa\/C3MUGMYNT654BBO4FB7XD5JMOQ.jpg?w=600&#038;ssl=1\" alt=\"Enfermeira atende homem ap\u00f3s lhe aplicar uma dose da vacina cubana Soberana 02, em 24 de mar\u00e7o.\"\/><\/figure>\n\n\n\n<p>Governo anuncia a fase 3 dos ensaios cl\u00ednicos dos imunizantes Soberana 02 e Abdala, enquanto registra at\u00e9 1.000 cont\u00e1gios di\u00e1rios.<\/p>\n\n\n\n<!--more-->\n\n\n\n<p>El Pa\u00eds, por <a href=\"https:\/\/brasil.elpais.com\/autor\/mauricio-vicent\/\">MAURICIO VICENT<\/a><br><\/p>\n\n\n\n<p>Com a esperan\u00e7a depositada no sucesso dos ensaios finais da Soberana 02 e da Abdala, as duas\u00a0<a rel=\"noreferrer noopener\" href=\"https:\/\/brasil.elpais.com\/noticias\/cuba\/\" target=\"_blank\">vacinas cubanas<\/a>\u00a0em etapa mais avan\u00e7ada de desenvolvimento, a ilha vive o pior momento da\u00a0<a rel=\"noreferrer noopener\" href=\"https:\/\/brasil.elpais.com\/noticias\/coronavirus\/a\/\" target=\"_blank\">epidemia do coronav\u00edrus<\/a>, com cerca de 57.000 casos confirmados desde janeiro\u2015cinco vezes mais que durante todo o ano passado (12.056). <\/p>\n\n\n\n<p>Embora as cifras de cont\u00e1gios e mortos continuem&nbsp;<a href=\"https:\/\/brasil.elpais.com\/brasil\/2021-01-05\/contagios-de-covid-19-disparam-no-inicio-do-ano-na-america-latina.html\" target=\"_blank\" rel=\"noreferrer noopener\">sendo baixas em compara\u00e7\u00e3o com as de outros pa\u00edses<\/a>&nbsp;da regi\u00e3o (259 \u00f3bitos at\u00e9 agora este ano, e um total de 405 desde o in\u00edcio da pandemia), o Governo considera que a situa\u00e7\u00e3o \u00e9 preocupante e que ainda h\u00e1 semanas muito dif\u00edceis pela frente, sobretudo em&nbsp;<a href=\"https:\/\/brasil.elpais.com\/noticias\/la-habana\/\" target=\"_blank\" rel=\"noreferrer noopener\">Havana<\/a>, onde a taxa de incid\u00eancia da doen\u00e7a nos \u00faltimos 15 dias foi de 290 casos para cada 100.000 habitantes, quase o triplo da m\u00e9dia nacional.<\/p>\n\n\n\n<p>A capital e a segunda cidade do pa\u00eds, Santiago de Cuba, s\u00e3o neste momento os principais focos da epidemia e onde a situa\u00e7\u00e3o \u00e9 mais complexa. Apesar do toque de recolher em Havana (a partir das 21h), do fechamento de todos os restaurantes, bares e lugares de lazer e da suspens\u00e3o das aulas, a situa\u00e7\u00e3o continua descontrolada, e as autoridades realizam reuni\u00f5es di\u00e1rias para avaliar as emerg\u00eancias e decretar fechamentos perimetrais quando identificam surtos em determinados bairros.<\/p>\n\n\n\n<p>H\u00e1 seis meses, os casos di\u00e1rios estavam na casa das dezenas. Hoje a m\u00e9dia varia entre 700 e 900 (houve jornadas com mais de 1.000 casos), metade deles na capital cubana. A situa\u00e7\u00e3o cr\u00edtica do abastecimento e a escassez galopante, que provoca grandes filas e aglomera\u00e7\u00f5es na porta dos com\u00e9rcios, complica muito o controle da epidemia. E as autoridades t\u00eam pouca margem de manobra, pois n\u00e3o h\u00e1 capacidade para garantir o fornecimento est\u00e1vel de alimentos e artigos de primeira necessidade, justamente quando o pa\u00eds atravessa uma reforma monet\u00e1ria que gerou alta nos pre\u00e7os.<\/p>\n\n\n\n<p>Neste delicad\u00edssimo momento, com a ilha mergulhada numa grave crise econ\u00f4mica (a queda do PIB em 2020 devido \u00e0 pandemia foi de 11%), o turismo semiparalisado e uma nova Administra\u00e7\u00e3o nos Estados Unidos que j\u00e1 est\u00e1 h\u00e1 meses no poder e n\u00e3o aliviou nenhuma das san\u00e7\u00f5es de Donald Trump, a aposta no desenvolvimento de uma vacina pr\u00f3pria para imunizar sua popula\u00e7\u00e3o se transformou para o Governo de Havana numa quest\u00e3o pol\u00edtica de primeira ordem, quase de seguran\u00e7a nacional.<\/p>\n\n\n\n<p>Nesta ter\u00e7a-feira, as principais autoridades sanit\u00e1rias e cient\u00edficas do pa\u00eds esbo\u00e7aram seus planos e prioridades num programa da TV. As medidas consistem em combinar a fase 3 dos ensaios da Soberana 02 e da Abdala (da qual participam dezenas de milhares de volunt\u00e1rios nas prov\u00edncias de Havana, Santiago de Cuba, Granma e Guant\u00e1namo) com \u201cestudos de interven\u00e7\u00e3o\u201d maci\u00e7os, ampliados a centenas de milhares de pessoas de segmentos populacionais de risco e que, no caso da capital, significar\u00e1 vacinar em maio e junho quase todos os habitantes (2,1 milh\u00f5es de pessoas) com os imunizantes cuja efic\u00e1cia \u00e9 agora testada.<\/p>\n\n\n\n<p>Assim explicou a diretora nacional de Ci\u00eancia e Inova\u00e7\u00e3o Tecnol\u00f3gica do Minist\u00e9rio de Sa\u00fade P\u00fablica, Ileana Morales, lembrando que se trata de \u201cuma estrat\u00e9gia integral que avan\u00e7a por camadas: primeiro, um ensaio cl\u00ednico; depois, estudos de interven\u00e7\u00e3o em popula\u00e7\u00f5es de alto interesse epidemiol\u00f3gico, que mais tarde ser\u00e3o ampliadas; em seguida, um poss\u00edvel registro ou aprova\u00e7\u00e3o de uso emergencial; e, finalmente, uma vacina\u00e7\u00e3o em larga escala, come\u00e7ando pelos grupos de risco em todo o pa\u00eds, at\u00e9 chegar \u201ca uma porcentagem que garanta a prote\u00e7\u00e3o em escala populacional\u201d.<\/p>\n\n\n\n<p>Se tudo der certo, disse Morales, Cuba come\u00e7aria a vacinar as pessoas maiores de 60 anos em junho. \u201cEntre o final de julho e os primeiros dias de agosto, estar\u00edamos completando esses grupos, que somam cerca de quatro milh\u00f5es, para come\u00e7ar agosto com uma m\u00e9dia de seis milh\u00f5es [de pessoas vacinadas]\u201d, afirmou.<\/p>\n\n\n\n<p>A fase 3 do ensaio cl\u00ednico da Soberana tem ainda a participa\u00e7\u00e3o do Ir\u00e3 (que recebeu 100.000 doses) e da Venezuela (60.000). O M\u00e9xico tamb\u00e9m mostrou interesse em integrar a \u00faltima etapa do desenvolvimento desta que poderia se tornar a primeira vacina latino-americana contra a covid-19. Segundo as autoridades cubanas, antes do fim do ano a ilha ter\u00e1 toda sua popula\u00e7\u00e3o vacinada \u2013 e dezenas de milh\u00f5es de doses para exportar.<br><\/p>\n","protected":false},"excerpt":{"rendered":"<p>Governo anuncia a fase 3 dos ensaios cl\u00ednicos dos imunizantes Soberana 02 e Abdala, enquanto registra at\u00e9 1.000 cont\u00e1gios di\u00e1rios.<\/p>\n","protected":false},"author":1,"featured_media":0,"comment_status":"closed","ping_status":"open","sticky":false,"template":"","format":"standard","meta":{"_exactmetrics_skip_tracking":false,"_exactmetrics_sitenote_active":false,"_exactmetrics_sitenote_note":"","_exactmetrics_sitenote_category":0,"jetpack_post_was_ever_published":false,"_jetpack_newsletter_access":"","_jetpack_dont_email_post_to_subs":false,"_jetpack_newsletter_tier_id":0,"_jetpack_memberships_contains_paywalled_content":false,"_jetpack_memberships_contains_paid_content":false,"footnotes":"","jetpack_publicize_message":"","jetpack_publicize_feature_enabled":true,"jetpack_social_post_already_shared":true,"jetpack_social_options":{"image_generator_settings":{"template":"highway","enabled":false},"version":2}},"categories":[1],"tags":[443,441,442,400],"class_list":["post-31324","post","type-post","status-publish","format-standard","hentry","category-notas","tag-abdala","tag-cuba","tag-soberana","tag-vacinas"],"jetpack_publicize_connections":[],"jetpack_sharing_enabled":true,"jetpack_featured_media_url":"","jetpack_shortlink":"https:\/\/wp.me\/p7wKYW-89e","jetpack-related-posts":[],"_links":{"self":[{"href":"http:\/\/blogdalucianaoliveira.com.br\/blog\/wp-json\/wp\/v2\/posts\/31324","targetHints":{"allow":["GET"]}}],"collection":[{"href":"http:\/\/blogdalucianaoliveira.com.br\/blog\/wp-json\/wp\/v2\/posts"}],"about":[{"href":"http:\/\/blogdalucianaoliveira.com.br\/blog\/wp-json\/wp\/v2\/types\/post"}],"author":[{"embeddable":true,"href":"http:\/\/blogdalucianaoliveira.com.br\/blog\/wp-json\/wp\/v2\/users\/1"}],"replies":[{"embeddable":true,"href":"http:\/\/blogdalucianaoliveira.com.br\/blog\/wp-json\/wp\/v2\/comments?post=31324"}],"version-history":[{"count":1,"href":"http:\/\/blogdalucianaoliveira.com.br\/blog\/wp-json\/wp\/v2\/posts\/31324\/revisions"}],"predecessor-version":[{"id":31325,"href":"http:\/\/blogdalucianaoliveira.com.br\/blog\/wp-json\/wp\/v2\/posts\/31324\/revisions\/31325"}],"wp:attachment":[{"href":"http:\/\/blogdalucianaoliveira.com.br\/blog\/wp-json\/wp\/v2\/media?parent=31324"}],"wp:term":[{"taxonomy":"category","embeddable":true,"href":"http:\/\/blogdalucianaoliveira.com.br\/blog\/wp-json\/wp\/v2\/categories?post=31324"},{"taxonomy":"post_tag","embeddable":true,"href":"http:\/\/blogdalucianaoliveira.com.br\/blog\/wp-json\/wp\/v2\/tags?post=31324"}],"curies":[{"name":"wp","href":"https:\/\/api.w.org\/{rel}","templated":true}]}}