{"id":31326,"date":"2021-03-27T10:28:22","date_gmt":"2021-03-27T14:28:22","guid":{"rendered":"http:\/\/blogdalucianaoliveira.com.br\/blog\/?p=31326"},"modified":"2021-03-27T10:28:28","modified_gmt":"2021-03-27T14:28:28","slug":"brasil-atinge-novo-recorde-de-mortos-enquanto-governo-insiste-em-tratamento-precoce","status":"publish","type":"post","link":"http:\/\/blogdalucianaoliveira.com.br\/blog\/2021\/03\/27\/brasil-atinge-novo-recorde-de-mortos-enquanto-governo-insiste-em-tratamento-precoce\/","title":{"rendered":"Brasil atinge novo recorde de mortos enquanto governo insiste em &#8220;tratamento precoce&#8221;"},"content":{"rendered":"\n<figure class=\"wp-block-image size-large\"><img data-recalc-dims=\"1\" loading=\"lazy\" decoding=\"async\" width=\"600\" height=\"408\" data-attachment-id=\"31327\" data-permalink=\"http:\/\/blogdalucianaoliveira.com.br\/blog\/2021\/03\/27\/brasil-atinge-novo-recorde-de-mortos-enquanto-governo-insiste-em-tratamento-precoce\/brazil-health-virus\/\" data-orig-file=\"https:\/\/i0.wp.com\/blogdalucianaoliveira.com.br\/blog\/wp-content\/uploads\/2021\/03\/F3233142-DE1D-42FB-8B55-79CB2EA9C0BD.jpeg?fit=800%2C544\" data-orig-size=\"800,544\" data-comments-opened=\"0\" data-image-meta=\"{&quot;aperture&quot;:&quot;0&quot;,&quot;credit&quot;:&quot;AFP&quot;,&quot;camera&quot;:&quot;&quot;,&quot;caption&quot;:&quot;Relatives react as municipal workers from SOS Funeral remove the body of 75-year-old Adamor Mendonca Maciel from his home in Manaus, in the Brazilian state of Amazonas, on January 16, 2021 after he died of COVID-19. (Photo by MICHAEL DANTAS \\\/ AFP)&quot;,&quot;created_timestamp&quot;:&quot;1610835220&quot;,&quot;copyright&quot;:&quot;AFP or licensors&quot;,&quot;focal_length&quot;:&quot;0&quot;,&quot;iso&quot;:&quot;0&quot;,&quot;shutter_speed&quot;:&quot;0&quot;,&quot;title&quot;:&quot;BRAZIL-HEALTH-VIRUS&quot;,&quot;orientation&quot;:&quot;0&quot;}\" data-image-title=\"BRAZIL-HEALTH-VIRUS\" data-image-description=\"\" data-image-caption=\"&lt;p&gt;Relatives react as municipal workers from SOS Funeral remove the body of 75-year-old Adamor Mendonca Maciel from his home in Manaus, in the Brazilian state of Amazonas, on January 16, 2021 after he died of COVID-19. (Photo by MICHAEL DANTAS \/ AFP)&lt;\/p&gt;\n\" data-medium-file=\"https:\/\/i0.wp.com\/blogdalucianaoliveira.com.br\/blog\/wp-content\/uploads\/2021\/03\/F3233142-DE1D-42FB-8B55-79CB2EA9C0BD.jpeg?fit=300%2C204\" data-large-file=\"https:\/\/i0.wp.com\/blogdalucianaoliveira.com.br\/blog\/wp-content\/uploads\/2021\/03\/F3233142-DE1D-42FB-8B55-79CB2EA9C0BD.jpeg?fit=600%2C408\" src=\"https:\/\/i0.wp.com\/blogdalucianaoliveira.com.br\/blog\/wp-content\/uploads\/2021\/03\/F3233142-DE1D-42FB-8B55-79CB2EA9C0BD.jpeg?resize=600%2C408\" alt=\"\" class=\"wp-image-31327\" srcset=\"https:\/\/i0.wp.com\/blogdalucianaoliveira.com.br\/blog\/wp-content\/uploads\/2021\/03\/F3233142-DE1D-42FB-8B55-79CB2EA9C0BD.jpeg?w=800 800w, https:\/\/i0.wp.com\/blogdalucianaoliveira.com.br\/blog\/wp-content\/uploads\/2021\/03\/F3233142-DE1D-42FB-8B55-79CB2EA9C0BD.jpeg?resize=300%2C204 300w, https:\/\/i0.wp.com\/blogdalucianaoliveira.com.br\/blog\/wp-content\/uploads\/2021\/03\/F3233142-DE1D-42FB-8B55-79CB2EA9C0BD.jpeg?resize=768%2C522 768w, https:\/\/i0.wp.com\/blogdalucianaoliveira.com.br\/blog\/wp-content\/uploads\/2021\/03\/F3233142-DE1D-42FB-8B55-79CB2EA9C0BD.jpeg?resize=441%2C300 441w\" sizes=\"auto, (max-width: 600px) 100vw, 600px\" \/><\/figure>\n\n\n\n<h4 class=\"wp-block-heading\">Pa\u00eds registrou mais de 300 mil mortes esta semana; m\u00e9dico refor\u00e7a import\u00e2ncia de a\u00e7\u00f5es de preven\u00e7\u00e3o e isolamento social<\/h4>\n\n\n\n<!--more-->\n\n\n\n<p>Cristiane Sampaio, Brasil de Fato<\/p>\n\n\n\n<blockquote class=\"wp-block-quote is-layout-flow wp-block-quote-is-layout-flow\"><p>H\u00e1 um conjunto de medidas que est\u00e3o dadas e que s\u00e3o \u00f3bvias, mas o governo n\u00e3o tem interesse em agir<\/p><\/blockquote>\n\n\n\n<p>O Brasil encerra mais uma semana com novos recordes relacionados \u00e0&nbsp;<a href=\"https:\/\/www.brasildefato.com.br\/minuto-a-minuto\/coronavirus-no-brasil\" target=\"_blank\" rel=\"noreferrer noopener\">pandemia do novo coronav\u00edrus.<\/a>&nbsp;Na \u00faltima sexta-feira (25), o&nbsp;<a href=\"http:\/\/Brasil bate novo recorde com 3.650 mortes registradas em 24 horas\" target=\"_blank\" rel=\"noreferrer noopener\">pa\u00eds registrou 3.650 mortes em um intervalo de 24 horas<\/a>. Foi&nbsp;a segunda vez que a marca de 3 mil mortes foi ultrapassada. O total de \u00f3bitos chegou a&nbsp;307.112, segundo dados do&nbsp;Conselho Nacional dos Secret\u00e1rios de Sa\u00fade (<a href=\"https:\/\/www.conass.org.br\/painelconasscovid19\/\" rel=\"noreferrer noopener\" target=\"_blank\">Conass<\/a>).<\/p>\n\n\n\n<p>Outra marca havia chamado a aten\u00e7\u00e3o na \u00faltima segunda-feira (22): as autoridades sanit\u00e1rias reportaram 1 milh\u00f5es de novos casos em 15 dias, totalizando 12 milh\u00f5es de infectados.&nbsp;O intervalo anterior, entre os 10 e 11 milh\u00f5es de doentes, havia se dado em 18 dias.<\/p>\n\n\n\n<p>Segundo boletim da Funda\u00e7\u00e3o Oswaldo Cruz (Fiocruz) divulgado na sexta (26), a doen\u00e7a segue avan\u00e7ando entre o segmento jovem e os dados atuais levantam preocupa\u00e7\u00e3o no que se refere \u00e0 popula\u00e7\u00e3o com idade entre 30 e 59 anos.<\/p>\n\n\n\n<p>Houve aumento exponencial nas notifica\u00e7\u00f5es&nbsp;<a href=\"https:\/\/www.brasildefato.com.br\/2020\/12\/26\/do-hospital-para-fora-praticamente-tudo-poderia-ter-sido-diferente-relata-medico\" target=\"_blank\" rel=\"noreferrer noopener\">de casos de covid&nbsp;<\/a>nessa faixa quando se consideram os n\u00fameros registrados do&nbsp;in\u00edcio do ano at\u00e9 13 de mar\u00e7o deste ano. Os dados analisados mostram um salto de 565,08% (30 a 39 anos), 626% (40 a 49 anos) e 525,93% (50 a 59 anos).<\/p>\n\n\n\n<p>Tamb\u00e9m se destaca o aumento de 35% na quantidade de mortes de jovens e adultos&nbsp;em 2021. O dado se refere a um comparativo com os n\u00fameros do ano passado. Enquanto isso, o pa\u00eds segue amargando outros estragos da crise sanit\u00e1ria, com filas de espera para acesso a Unidades de Terapia Intensiva (UTIs) e risco de falta de medicamentos e oxig\u00eanio para pacientes internados. &nbsp;<\/p>\n\n\n\n<p>Os dados que estampam o&nbsp;<a href=\"https:\/\/www.brasildefato.com.br\/2021\/01\/10\/brasil-tem-semana-com-mais-casos-de-covid-19-desde-inicio-da-pandemia\" target=\"_blank\" rel=\"noreferrer noopener\">descontrole da crise&nbsp;<\/a>potencializaram as cr\u00edticas multilaterais ao presidente Jair Bolsonaro (sem partido), conhecido pelos ataques \u00e0s pol\u00edticas de isolamento e pela defesa de supostos medicamentos milagrosos para o que chama de \u201ctratamento precoce\u201d da covid-19 \u2013 m\u00e9todo j\u00e1 condenado por diferentes especialistas e entidades m\u00e9dicas por conta de riscos \u00e0 sa\u00fade.<\/p>\n\n\n\n<p><strong><a href=\"https:\/\/www.brasildefato.com.br\/2021\/03\/23\/associacao-medica-brasileira-defende-banimento-de-kit-covid-e-pede-isolamento\" target=\"_blank\" rel=\"noreferrer noopener\">:: Leia tamb\u00e9m:&nbsp;Associa\u00e7\u00e3o M\u00e9dica Brasileira defende banimento de &#8220;kit covid&#8221; e pede isolamento ::<\/a><\/strong><\/p>\n\n\n\n<p>Para o m\u00e9dico de fam\u00edlia Arist\u00f3teles Cardona Jr., da Rede Nacional de M\u00e9dicas e M\u00e9dicos Populares, o atual cen\u00e1rio ajuda a desfazer o discurso do governo sobre a efic\u00e1cia do \u201ctratamento precoce\u201d&nbsp;e demonstra a import\u00e2ncia das a\u00e7\u00f5es de preven\u00e7\u00e3o por meio do isolamento social.<\/p>\n\n\n\n<p>Ele destaca que, diferentemente do que havia no come\u00e7o da pandemia, quando o v\u00edrus ainda parecia&nbsp;<a href=\"https:\/\/www.brasildefato.com.br\/2020\/09\/02\/receitar-cloroquina-fere-a-etica-medica-em-pelo-menos-tres-pontos-saiba-quais\" target=\"_blank\" rel=\"noreferrer noopener\">um fantasma desconhecido<\/a>, hoje h\u00e1 vasta literatura sobre o tema que sustenta a efic\u00e1cia desse tipo de medida.<\/p>\n\n\n\n<p>\u201c\u00c9 [preciso] restringir a circula\u00e7\u00e3o de pessoas por um tempo para reduzir a circula\u00e7\u00e3o do v\u00edrus e fornecer condi\u00e7\u00f5es econ\u00f4micas para que as pessoas fiquem em casa. Ou seja, h\u00e1 um conjunto de medidas que est\u00e3o dadas e que s\u00e3o at\u00e9 \u00f3bvias neste momento, mas o governo n\u00e3o tem interesse nem em tocar um processo nacional, que seria essencial neste momento\u201d.<\/p>\n\n\n\n<p><strong><a href=\"https:\/\/www.brasildefato.com.br\/2021\/03\/26\/panorama-mundial-entenda-por-que-vacinacao-se-concentra-nos-10-paises-mais-ricos\" target=\"_blank\" rel=\"noreferrer noopener\">:: Leia tamb\u00e9m:&nbsp;Entenda por que apenas 10 pa\u00edses dominam a vacina\u00e7\u00e3o contra a covid-19 ::<\/a><\/strong><\/p>\n\n\n\n<p>O m\u00e9dico lembra que os maiores riscos de infec\u00e7\u00e3o por covid est\u00e3o relacionados \u00e0&nbsp;<a href=\"https:\/\/www.brasildefato.com.br\/2021\/02\/26\/um-ano-de-covid-19-no-brasil-da-gripezinha-a-tragedia-anunciada\" target=\"_blank\" rel=\"noreferrer noopener\">contamina\u00e7\u00e3o do ambiente<\/a>, por isso a import\u00e2ncia do&nbsp;<em>lockdown<\/em>. &nbsp;<\/p>\n\n\n\n<p>\u201cO grande perigo de transmiss\u00e3o do v\u00edrus \u00e9 pelo ar. Ent\u00e3o, \u00e9 evitar o m\u00e1ximo, quando for poss\u00edvel, sair de casa e, quando sair, optar sempre por lugares abertos. Locais fechados t\u00eam que ser o m\u00ednimo poss\u00edvel e, quando for inevit\u00e1vel [ir], que n\u00e3o haja aglomera\u00e7\u00e3o de pessoas. Quanto menos pessoas, menor \u00e9 a chance de o v\u00edrus estar circulando\u201d.<\/p>\n\n\n\n<p>As taxas de isolamento seguem abaixo da meta em diferentes lugares do pa\u00eds. Em S\u00e3o Paulo, por exemplo, o governo registrou \u00edndice de 44% entre os dias 15 e 19, segundo divulgado no domingo (21), quando o estado encerrou a primeira semana da fase emergencial da quarentena.<\/p>\n\n\n\n<p>Edi\u00e7\u00e3o: Poliana Dallabrida<\/p>\n","protected":false},"excerpt":{"rendered":"<p>Pa\u00eds registrou mais de 300 mil mortes esta semana; m\u00e9dico refor\u00e7a import\u00e2ncia de a\u00e7\u00f5es de preven\u00e7\u00e3o e isolamento social<\/p>\n","protected":false},"author":1,"featured_media":0,"comment_status":"closed","ping_status":"open","sticky":false,"template":"","format":"standard","meta":{"_exactmetrics_skip_tracking":false,"_exactmetrics_sitenote_active":false,"_exactmetrics_sitenote_note":"","_exactmetrics_sitenote_category":0,"jetpack_post_was_ever_published":false,"_jetpack_newsletter_access":"","_jetpack_dont_email_post_to_subs":false,"_jetpack_newsletter_tier_id":0,"_jetpack_memberships_contains_paywalled_content":false,"_jetpack_memberships_contains_paid_content":false,"footnotes":"","jetpack_publicize_message":"","jetpack_publicize_feature_enabled":true,"jetpack_social_post_already_shared":true,"jetpack_social_options":{"image_generator_settings":{"template":"highway","enabled":false},"version":2}},"categories":[1],"tags":[],"class_list":["post-31326","post","type-post","status-publish","format-standard","hentry","category-notas"],"jetpack_publicize_connections":[],"jetpack_sharing_enabled":true,"jetpack_featured_media_url":"","jetpack_shortlink":"https:\/\/wp.me\/p7wKYW-89g","jetpack-related-posts":[],"_links":{"self":[{"href":"http:\/\/blogdalucianaoliveira.com.br\/blog\/wp-json\/wp\/v2\/posts\/31326","targetHints":{"allow":["GET"]}}],"collection":[{"href":"http:\/\/blogdalucianaoliveira.com.br\/blog\/wp-json\/wp\/v2\/posts"}],"about":[{"href":"http:\/\/blogdalucianaoliveira.com.br\/blog\/wp-json\/wp\/v2\/types\/post"}],"author":[{"embeddable":true,"href":"http:\/\/blogdalucianaoliveira.com.br\/blog\/wp-json\/wp\/v2\/users\/1"}],"replies":[{"embeddable":true,"href":"http:\/\/blogdalucianaoliveira.com.br\/blog\/wp-json\/wp\/v2\/comments?post=31326"}],"version-history":[{"count":1,"href":"http:\/\/blogdalucianaoliveira.com.br\/blog\/wp-json\/wp\/v2\/posts\/31326\/revisions"}],"predecessor-version":[{"id":31328,"href":"http:\/\/blogdalucianaoliveira.com.br\/blog\/wp-json\/wp\/v2\/posts\/31326\/revisions\/31328"}],"wp:attachment":[{"href":"http:\/\/blogdalucianaoliveira.com.br\/blog\/wp-json\/wp\/v2\/media?parent=31326"}],"wp:term":[{"taxonomy":"category","embeddable":true,"href":"http:\/\/blogdalucianaoliveira.com.br\/blog\/wp-json\/wp\/v2\/categories?post=31326"},{"taxonomy":"post_tag","embeddable":true,"href":"http:\/\/blogdalucianaoliveira.com.br\/blog\/wp-json\/wp\/v2\/tags?post=31326"}],"curies":[{"name":"wp","href":"https:\/\/api.w.org\/{rel}","templated":true}]}}