{"id":31335,"date":"2021-03-29T09:11:34","date_gmt":"2021-03-29T13:11:34","guid":{"rendered":"http:\/\/blogdalucianaoliveira.com.br\/blog\/?p=31335"},"modified":"2021-03-29T09:14:04","modified_gmt":"2021-03-29T13:14:04","slug":"porto-velho-amanhece-com-cartazes-de-protesto-a-bolsonaro","status":"publish","type":"post","link":"http:\/\/blogdalucianaoliveira.com.br\/blog\/2021\/03\/29\/porto-velho-amanhece-com-cartazes-de-protesto-a-bolsonaro\/","title":{"rendered":"Porto Velho amanhece com cartazes de protesto a Bolsonaro"},"content":{"rendered":"\n<figure class=\"wp-block-image size-large\"><img loading=\"lazy\" decoding=\"async\" width=\"1280\" height=\"958\" data-attachment-id=\"31336\" data-permalink=\"http:\/\/blogdalucianaoliveira.com.br\/blog\/2021\/03\/29\/porto-velho-amanhece-com-cartazes-de-protesto-a-bolsonaro\/345ff582-e13f-408e-bc87-30274e77f4f0\/\" data-orig-file=\"https:\/\/i0.wp.com\/blogdalucianaoliveira.com.br\/blog\/wp-content\/uploads\/2021\/03\/345FF582-E13F-408E-BC87-30274E77F4F0.jpeg?fit=1280%2C958\" data-orig-size=\"1280,958\" data-comments-opened=\"0\" data-image-meta=\"{&quot;aperture&quot;:&quot;0&quot;,&quot;credit&quot;:&quot;&quot;,&quot;camera&quot;:&quot;&quot;,&quot;caption&quot;:&quot;&quot;,&quot;created_timestamp&quot;:&quot;0&quot;,&quot;copyright&quot;:&quot;&quot;,&quot;focal_length&quot;:&quot;0&quot;,&quot;iso&quot;:&quot;0&quot;,&quot;shutter_speed&quot;:&quot;0&quot;,&quot;title&quot;:&quot;&quot;,&quot;orientation&quot;:&quot;0&quot;}\" data-image-title=\"345FF582-E13F-408E-BC87-30274E77F4F0\" data-image-description=\"\" data-image-caption=\"\" data-medium-file=\"https:\/\/i0.wp.com\/blogdalucianaoliveira.com.br\/blog\/wp-content\/uploads\/2021\/03\/345FF582-E13F-408E-BC87-30274E77F4F0.jpeg?fit=300%2C225\" data-large-file=\"https:\/\/i0.wp.com\/blogdalucianaoliveira.com.br\/blog\/wp-content\/uploads\/2021\/03\/345FF582-E13F-408E-BC87-30274E77F4F0.jpeg?fit=600%2C449\" src=\"https:\/\/i1.wp.com\/blogdalucianaoliveira.com.br\/blog\/wp-content\/uploads\/2021\/03\/345FF582-E13F-408E-BC87-30274E77F4F0.jpeg?fit=600%2C449\" alt=\"\" class=\"wp-image-31336\" srcset=\"https:\/\/i0.wp.com\/blogdalucianaoliveira.com.br\/blog\/wp-content\/uploads\/2021\/03\/345FF582-E13F-408E-BC87-30274E77F4F0.jpeg?w=1280 1280w, https:\/\/i0.wp.com\/blogdalucianaoliveira.com.br\/blog\/wp-content\/uploads\/2021\/03\/345FF582-E13F-408E-BC87-30274E77F4F0.jpeg?resize=300%2C225 300w, https:\/\/i0.wp.com\/blogdalucianaoliveira.com.br\/blog\/wp-content\/uploads\/2021\/03\/345FF582-E13F-408E-BC87-30274E77F4F0.jpeg?resize=1024%2C766 1024w, https:\/\/i0.wp.com\/blogdalucianaoliveira.com.br\/blog\/wp-content\/uploads\/2021\/03\/345FF582-E13F-408E-BC87-30274E77F4F0.jpeg?resize=768%2C575 768w, https:\/\/i0.wp.com\/blogdalucianaoliveira.com.br\/blog\/wp-content\/uploads\/2021\/03\/345FF582-E13F-408E-BC87-30274E77F4F0.jpeg?resize=401%2C300 401w, https:\/\/i0.wp.com\/blogdalucianaoliveira.com.br\/blog\/wp-content\/uploads\/2021\/03\/345FF582-E13F-408E-BC87-30274E77F4F0.jpeg?w=1200 1200w\" sizes=\"auto, (max-width: 600px) 100vw, 600px\" \/><\/figure>\n\n\n\n<p><strong><br>Os cartazes foram colados em paradas de \u00f4nibus, tapumes de obras e sinaleiros.<\/strong><\/p>\n\n\n\n<p><strong>A inten\u00e7\u00e3o \u00e9 cobrar vacina\u00e7\u00e3o em massa e denunciar a culpa, por a\u00e7\u00e3o e omiss\u00e3o do governo Bolsonaro, com as mais de 310 mil mortes na pandemia.&nbsp;<\/strong><\/p>\n\n\n\n<p>Um dos cartazes classifica o presidente como genocida.&nbsp;<br><\/p>\n\n\n\n<figure class=\"wp-block-image size-large\"><img loading=\"lazy\" decoding=\"async\" width=\"1094\" height=\"719\" data-attachment-id=\"31337\" data-permalink=\"http:\/\/blogdalucianaoliveira.com.br\/blog\/2021\/03\/29\/porto-velho-amanhece-com-cartazes-de-protesto-a-bolsonaro\/6999207f-6f38-4b5f-a56c-247a101a7b6a\/\" data-orig-file=\"https:\/\/i0.wp.com\/blogdalucianaoliveira.com.br\/blog\/wp-content\/uploads\/2021\/03\/6999207F-6F38-4B5F-A56C-247A101A7B6A.jpeg?fit=1094%2C719\" data-orig-size=\"1094,719\" data-comments-opened=\"0\" data-image-meta=\"{&quot;aperture&quot;:&quot;0&quot;,&quot;credit&quot;:&quot;&quot;,&quot;camera&quot;:&quot;&quot;,&quot;caption&quot;:&quot;&quot;,&quot;created_timestamp&quot;:&quot;0&quot;,&quot;copyright&quot;:&quot;&quot;,&quot;focal_length&quot;:&quot;0&quot;,&quot;iso&quot;:&quot;0&quot;,&quot;shutter_speed&quot;:&quot;0&quot;,&quot;title&quot;:&quot;&quot;,&quot;orientation&quot;:&quot;0&quot;}\" data-image-title=\"6999207F-6F38-4B5F-A56C-247A101A7B6A\" data-image-description=\"\" data-image-caption=\"\" data-medium-file=\"https:\/\/i0.wp.com\/blogdalucianaoliveira.com.br\/blog\/wp-content\/uploads\/2021\/03\/6999207F-6F38-4B5F-A56C-247A101A7B6A.jpeg?fit=300%2C197\" data-large-file=\"https:\/\/i0.wp.com\/blogdalucianaoliveira.com.br\/blog\/wp-content\/uploads\/2021\/03\/6999207F-6F38-4B5F-A56C-247A101A7B6A.jpeg?fit=600%2C394\" src=\"https:\/\/i2.wp.com\/blogdalucianaoliveira.com.br\/blog\/wp-content\/uploads\/2021\/03\/6999207F-6F38-4B5F-A56C-247A101A7B6A.jpeg?fit=600%2C394\" alt=\"\" class=\"wp-image-31337\" srcset=\"https:\/\/i0.wp.com\/blogdalucianaoliveira.com.br\/blog\/wp-content\/uploads\/2021\/03\/6999207F-6F38-4B5F-A56C-247A101A7B6A.jpeg?w=1094 1094w, https:\/\/i0.wp.com\/blogdalucianaoliveira.com.br\/blog\/wp-content\/uploads\/2021\/03\/6999207F-6F38-4B5F-A56C-247A101A7B6A.jpeg?resize=300%2C197 300w, https:\/\/i0.wp.com\/blogdalucianaoliveira.com.br\/blog\/wp-content\/uploads\/2021\/03\/6999207F-6F38-4B5F-A56C-247A101A7B6A.jpeg?resize=1024%2C673 1024w, https:\/\/i0.wp.com\/blogdalucianaoliveira.com.br\/blog\/wp-content\/uploads\/2021\/03\/6999207F-6F38-4B5F-A56C-247A101A7B6A.jpeg?resize=768%2C505 768w, https:\/\/i0.wp.com\/blogdalucianaoliveira.com.br\/blog\/wp-content\/uploads\/2021\/03\/6999207F-6F38-4B5F-A56C-247A101A7B6A.jpeg?resize=456%2C300 456w\" sizes=\"auto, (max-width: 600px) 100vw, 600px\" \/><\/figure>\n\n\n\n<p>Outro, traz o apelo do ex-presidente Lula para que a popula\u00e7\u00e3o n\u00e3o d\u00ea ouvidos a Bolsonaro.&nbsp;<br><\/p>\n\n\n\n<figure class=\"wp-block-image size-large\"><img loading=\"lazy\" decoding=\"async\" width=\"1069\" height=\"957\" data-attachment-id=\"31338\" data-permalink=\"http:\/\/blogdalucianaoliveira.com.br\/blog\/2021\/03\/29\/porto-velho-amanhece-com-cartazes-de-protesto-a-bolsonaro\/c1f02f58-0cca-4734-bdc5-a40b0fb32256\/\" data-orig-file=\"https:\/\/i0.wp.com\/blogdalucianaoliveira.com.br\/blog\/wp-content\/uploads\/2021\/03\/C1F02F58-0CCA-4734-BDC5-A40B0FB32256.jpeg?fit=1069%2C957\" data-orig-size=\"1069,957\" data-comments-opened=\"0\" data-image-meta=\"{&quot;aperture&quot;:&quot;0&quot;,&quot;credit&quot;:&quot;&quot;,&quot;camera&quot;:&quot;&quot;,&quot;caption&quot;:&quot;&quot;,&quot;created_timestamp&quot;:&quot;0&quot;,&quot;copyright&quot;:&quot;&quot;,&quot;focal_length&quot;:&quot;0&quot;,&quot;iso&quot;:&quot;0&quot;,&quot;shutter_speed&quot;:&quot;0&quot;,&quot;title&quot;:&quot;&quot;,&quot;orientation&quot;:&quot;0&quot;}\" data-image-title=\"C1F02F58-0CCA-4734-BDC5-A40B0FB32256\" data-image-description=\"\" data-image-caption=\"\" data-medium-file=\"https:\/\/i0.wp.com\/blogdalucianaoliveira.com.br\/blog\/wp-content\/uploads\/2021\/03\/C1F02F58-0CCA-4734-BDC5-A40B0FB32256.jpeg?fit=300%2C269\" data-large-file=\"https:\/\/i0.wp.com\/blogdalucianaoliveira.com.br\/blog\/wp-content\/uploads\/2021\/03\/C1F02F58-0CCA-4734-BDC5-A40B0FB32256.jpeg?fit=600%2C537\" src=\"https:\/\/i1.wp.com\/blogdalucianaoliveira.com.br\/blog\/wp-content\/uploads\/2021\/03\/C1F02F58-0CCA-4734-BDC5-A40B0FB32256.jpeg?fit=600%2C537\" alt=\"\" class=\"wp-image-31338\" srcset=\"https:\/\/i0.wp.com\/blogdalucianaoliveira.com.br\/blog\/wp-content\/uploads\/2021\/03\/C1F02F58-0CCA-4734-BDC5-A40B0FB32256.jpeg?w=1069 1069w, https:\/\/i0.wp.com\/blogdalucianaoliveira.com.br\/blog\/wp-content\/uploads\/2021\/03\/C1F02F58-0CCA-4734-BDC5-A40B0FB32256.jpeg?resize=300%2C269 300w, https:\/\/i0.wp.com\/blogdalucianaoliveira.com.br\/blog\/wp-content\/uploads\/2021\/03\/C1F02F58-0CCA-4734-BDC5-A40B0FB32256.jpeg?resize=1024%2C917 1024w, https:\/\/i0.wp.com\/blogdalucianaoliveira.com.br\/blog\/wp-content\/uploads\/2021\/03\/C1F02F58-0CCA-4734-BDC5-A40B0FB32256.jpeg?resize=768%2C688 768w, https:\/\/i0.wp.com\/blogdalucianaoliveira.com.br\/blog\/wp-content\/uploads\/2021\/03\/C1F02F58-0CCA-4734-BDC5-A40B0FB32256.jpeg?resize=335%2C300 335w\" sizes=\"auto, (max-width: 600px) 100vw, 600px\" \/><\/figure>\n\n\n\n<p>Marcos Rocha, governador bolsonarista, segue apoiando o uso de medicamentos sem nenhuma efic\u00e1cia contra a Covid, com o chamado \u2018kit de tratamento precoce\u2019.&nbsp;<\/p>\n\n\n\n<p>Ele participou com m\u00e9dicos de um f\u00f3rum virtual do governo na semana passada sobre \u2018tratamento preventivo\u2019, o que n\u00e3o encontra respaldo cient\u00edfico em nenhum pa\u00eds.&nbsp;<br><\/p>\n\n\n\n<figure class=\"wp-block-image size-large\"><img loading=\"lazy\" decoding=\"async\" width=\"1024\" height=\"1280\" data-attachment-id=\"31339\" data-permalink=\"http:\/\/blogdalucianaoliveira.com.br\/blog\/2021\/03\/29\/porto-velho-amanhece-com-cartazes-de-protesto-a-bolsonaro\/48c5ec9d-1cb6-4ce8-837e-35de20cf5ae4\/\" data-orig-file=\"https:\/\/i0.wp.com\/blogdalucianaoliveira.com.br\/blog\/wp-content\/uploads\/2021\/03\/48C5EC9D-1CB6-4CE8-837E-35DE20CF5AE4.jpeg?fit=1024%2C1280\" data-orig-size=\"1024,1280\" data-comments-opened=\"0\" data-image-meta=\"{&quot;aperture&quot;:&quot;0&quot;,&quot;credit&quot;:&quot;&quot;,&quot;camera&quot;:&quot;&quot;,&quot;caption&quot;:&quot;&quot;,&quot;created_timestamp&quot;:&quot;0&quot;,&quot;copyright&quot;:&quot;&quot;,&quot;focal_length&quot;:&quot;0&quot;,&quot;iso&quot;:&quot;0&quot;,&quot;shutter_speed&quot;:&quot;0&quot;,&quot;title&quot;:&quot;&quot;,&quot;orientation&quot;:&quot;0&quot;}\" data-image-title=\"48C5EC9D-1CB6-4CE8-837E-35DE20CF5AE4\" data-image-description=\"\" data-image-caption=\"\" data-medium-file=\"https:\/\/i0.wp.com\/blogdalucianaoliveira.com.br\/blog\/wp-content\/uploads\/2021\/03\/48C5EC9D-1CB6-4CE8-837E-35DE20CF5AE4.jpeg?fit=240%2C300\" data-large-file=\"https:\/\/i0.wp.com\/blogdalucianaoliveira.com.br\/blog\/wp-content\/uploads\/2021\/03\/48C5EC9D-1CB6-4CE8-837E-35DE20CF5AE4.jpeg?fit=600%2C750\" src=\"https:\/\/i0.wp.com\/blogdalucianaoliveira.com.br\/blog\/wp-content\/uploads\/2021\/03\/48C5EC9D-1CB6-4CE8-837E-35DE20CF5AE4.jpeg?fit=600%2C750\" alt=\"\" class=\"wp-image-31339\" srcset=\"https:\/\/i0.wp.com\/blogdalucianaoliveira.com.br\/blog\/wp-content\/uploads\/2021\/03\/48C5EC9D-1CB6-4CE8-837E-35DE20CF5AE4.jpeg?w=1024 1024w, https:\/\/i0.wp.com\/blogdalucianaoliveira.com.br\/blog\/wp-content\/uploads\/2021\/03\/48C5EC9D-1CB6-4CE8-837E-35DE20CF5AE4.jpeg?resize=240%2C300 240w, https:\/\/i0.wp.com\/blogdalucianaoliveira.com.br\/blog\/wp-content\/uploads\/2021\/03\/48C5EC9D-1CB6-4CE8-837E-35DE20CF5AE4.jpeg?resize=819%2C1024 819w, https:\/\/i0.wp.com\/blogdalucianaoliveira.com.br\/blog\/wp-content\/uploads\/2021\/03\/48C5EC9D-1CB6-4CE8-837E-35DE20CF5AE4.jpeg?resize=768%2C960 768w\" sizes=\"auto, (max-width: 600px) 100vw, 600px\" \/><\/figure>\n\n\n\n<p>Os cientistas temem que isso cause false sensa\u00e7\u00e3o de seguran\u00e7a e fa\u00e7a a popula\u00e7\u00e3o relativizar as regras de isolamento e de uso de m\u00e1scaras e gel como prote\u00e7\u00e3o.&nbsp;<\/p>\n\n\n\n<p><strong>De acordo com o \u00faltimo boletim da Secretaria de Sa\u00fade do Estado, a capital tem 65.415 casos e 1772 \u00f3bitos.\u00a0<\/strong> Em todo o estado s\u00e3o mais de 182 mil infectados e quase 4 mil vidas perdidas. <\/p>\n\n\n\n<p>O levantamento do cons\u00f3rcio de ve\u00edculos de imprensa mostra Rond\u00f4nia com alta de 17% no n\u00famero de mortes.\u00a0<br><br><\/p>\n","protected":false},"excerpt":{"rendered":"<p>Os cartazes foram colados em paradas de \u00f4nibus, tapumes de obras e sinaleiros. A inten\u00e7\u00e3o \u00e9 cobrar vacina\u00e7\u00e3o em massa e denunciar a culpa, por a\u00e7\u00e3o e omiss\u00e3o do governo Bolsonaro, com as mais de 310 mil mortes na pandemia.&nbsp; Um dos cartazes classifica o presidente como genocida.&nbsp; Outro, traz o apelo do ex-presidente Lula&#8230;<a class=\"more-link\" href=\"http:\/\/blogdalucianaoliveira.com.br\/blog\/2021\/03\/29\/porto-velho-amanhece-com-cartazes-de-protesto-a-bolsonaro\/\">Continue a leitura <span class=\"meta-nav\">&raquo;<\/span><\/a><\/p>\n","protected":false},"author":1,"featured_media":0,"comment_status":"closed","ping_status":"open","sticky":false,"template":"","format":"standard","meta":{"_exactmetrics_skip_tracking":false,"_exactmetrics_sitenote_active":false,"_exactmetrics_sitenote_note":"","_exactmetrics_sitenote_category":0,"jetpack_post_was_ever_published":false,"_jetpack_newsletter_access":"","_jetpack_dont_email_post_to_subs":false,"_jetpack_newsletter_tier_id":0,"_jetpack_memberships_contains_paywalled_content":false,"_jetpack_memberships_contains_paid_content":false,"footnotes":"","jetpack_publicize_message":"","jetpack_publicize_feature_enabled":true,"jetpack_social_post_already_shared":true,"jetpack_social_options":{"image_generator_settings":{"template":"highway","enabled":false},"version":2}},"categories":[1],"tags":[445,53,372,444],"class_list":["post-31335","post","type-post","status-publish","format-standard","hentry","category-notas","tag-bolsonaro","tag-marcos-rocha","tag-prptrsto"],"jetpack_publicize_connections":[],"jetpack_sharing_enabled":true,"jetpack_featured_media_url":"","jetpack_shortlink":"https:\/\/wp.me\/p7wKYW-89p","jetpack-related-posts":[],"_links":{"self":[{"href":"http:\/\/blogdalucianaoliveira.com.br\/blog\/wp-json\/wp\/v2\/posts\/31335","targetHints":{"allow":["GET"]}}],"collection":[{"href":"http:\/\/blogdalucianaoliveira.com.br\/blog\/wp-json\/wp\/v2\/posts"}],"about":[{"href":"http:\/\/blogdalucianaoliveira.com.br\/blog\/wp-json\/wp\/v2\/types\/post"}],"author":[{"embeddable":true,"href":"http:\/\/blogdalucianaoliveira.com.br\/blog\/wp-json\/wp\/v2\/users\/1"}],"replies":[{"embeddable":true,"href":"http:\/\/blogdalucianaoliveira.com.br\/blog\/wp-json\/wp\/v2\/comments?post=31335"}],"version-history":[{"count":2,"href":"http:\/\/blogdalucianaoliveira.com.br\/blog\/wp-json\/wp\/v2\/posts\/31335\/revisions"}],"predecessor-version":[{"id":31342,"href":"http:\/\/blogdalucianaoliveira.com.br\/blog\/wp-json\/wp\/v2\/posts\/31335\/revisions\/31342"}],"wp:attachment":[{"href":"http:\/\/blogdalucianaoliveira.com.br\/blog\/wp-json\/wp\/v2\/media?parent=31335"}],"wp:term":[{"taxonomy":"category","embeddable":true,"href":"http:\/\/blogdalucianaoliveira.com.br\/blog\/wp-json\/wp\/v2\/categories?post=31335"},{"taxonomy":"post_tag","embeddable":true,"href":"http:\/\/blogdalucianaoliveira.com.br\/blog\/wp-json\/wp\/v2\/tags?post=31335"}],"curies":[{"name":"wp","href":"https:\/\/api.w.org\/{rel}","templated":true}]}}