{"id":31347,"date":"2021-03-29T12:23:01","date_gmt":"2021-03-29T16:23:01","guid":{"rendered":"http:\/\/blogdalucianaoliveira.com.br\/blog\/?p=31347"},"modified":"2021-03-29T12:23:08","modified_gmt":"2021-03-29T16:23:08","slug":"ernesto-araujo-pede-demissao-do-cargo-e-vai-para-o-lixo-da-historia","status":"publish","type":"post","link":"http:\/\/blogdalucianaoliveira.com.br\/blog\/2021\/03\/29\/ernesto-araujo-pede-demissao-do-cargo-e-vai-para-o-lixo-da-historia\/","title":{"rendered":"Ernesto Ara\u00fajo pede demiss\u00e3o do cargo e vai para o lixo da Hist\u00f3ria"},"content":{"rendered":"\n<figure class=\"wp-block-image size-large\"><img loading=\"lazy\" decoding=\"async\" width=\"1250\" height=\"600\" data-attachment-id=\"31348\" data-permalink=\"http:\/\/blogdalucianaoliveira.com.br\/blog\/2021\/03\/29\/ernesto-araujo-pede-demissao-do-cargo-e-vai-para-o-lixo-da-historia\/a2c2438d-4567-4c86-9395-34713768ed12\/\" data-orig-file=\"https:\/\/i0.wp.com\/blogdalucianaoliveira.com.br\/blog\/wp-content\/uploads\/2021\/03\/A2C2438D-4567-4C86-9395-34713768ED12.jpeg?fit=1250%2C600\" data-orig-size=\"1250,600\" data-comments-opened=\"0\" data-image-meta=\"{&quot;aperture&quot;:&quot;0&quot;,&quot;credit&quot;:&quot;&quot;,&quot;camera&quot;:&quot;&quot;,&quot;caption&quot;:&quot;&quot;,&quot;created_timestamp&quot;:&quot;0&quot;,&quot;copyright&quot;:&quot;&quot;,&quot;focal_length&quot;:&quot;0&quot;,&quot;iso&quot;:&quot;0&quot;,&quot;shutter_speed&quot;:&quot;0&quot;,&quot;title&quot;:&quot;&quot;,&quot;orientation&quot;:&quot;0&quot;}\" data-image-title=\"A2C2438D-4567-4C86-9395-34713768ED12\" data-image-description=\"\" data-image-caption=\"\" data-medium-file=\"https:\/\/i0.wp.com\/blogdalucianaoliveira.com.br\/blog\/wp-content\/uploads\/2021\/03\/A2C2438D-4567-4C86-9395-34713768ED12.jpeg?fit=300%2C144\" data-large-file=\"https:\/\/i0.wp.com\/blogdalucianaoliveira.com.br\/blog\/wp-content\/uploads\/2021\/03\/A2C2438D-4567-4C86-9395-34713768ED12.jpeg?fit=600%2C288\" src=\"https:\/\/i1.wp.com\/blogdalucianaoliveira.com.br\/blog\/wp-content\/uploads\/2021\/03\/A2C2438D-4567-4C86-9395-34713768ED12.jpeg?fit=600%2C288\" alt=\"\" class=\"wp-image-31348\" srcset=\"https:\/\/i0.wp.com\/blogdalucianaoliveira.com.br\/blog\/wp-content\/uploads\/2021\/03\/A2C2438D-4567-4C86-9395-34713768ED12.jpeg?w=1250 1250w, https:\/\/i0.wp.com\/blogdalucianaoliveira.com.br\/blog\/wp-content\/uploads\/2021\/03\/A2C2438D-4567-4C86-9395-34713768ED12.jpeg?resize=300%2C144 300w, https:\/\/i0.wp.com\/blogdalucianaoliveira.com.br\/blog\/wp-content\/uploads\/2021\/03\/A2C2438D-4567-4C86-9395-34713768ED12.jpeg?resize=1024%2C492 1024w, https:\/\/i0.wp.com\/blogdalucianaoliveira.com.br\/blog\/wp-content\/uploads\/2021\/03\/A2C2438D-4567-4C86-9395-34713768ED12.jpeg?resize=768%2C369 768w, https:\/\/i0.wp.com\/blogdalucianaoliveira.com.br\/blog\/wp-content\/uploads\/2021\/03\/A2C2438D-4567-4C86-9395-34713768ED12.jpeg?resize=625%2C300 625w, https:\/\/i0.wp.com\/blogdalucianaoliveira.com.br\/blog\/wp-content\/uploads\/2021\/03\/A2C2438D-4567-4C86-9395-34713768ED12.jpeg?w=1200 1200w\" sizes=\"auto, (max-width: 600px) 100vw, 600px\" \/><\/figure>\n\n\n\n<p><strong>247 \u2013\u00a0<\/strong>Ernesto Ara\u00fajo, o pior diplomata da hist\u00f3ria do Brasil, que sabotou a compra de vacinas e colocou o Itamaraty a servi\u00e7o da extrema-direita internacional acaba de pedir demiss\u00e3o do cargo. Com isso, o governo de Jair Bolsonaro perde mais um de seus nomes da &#8220;ala ideol\u00f3gica&#8221;. A queda de Ernesto pode permitir que o Brasil volte a ter uma pol\u00edtica externa minimamente aut\u00f4noma e soberana, mesmo num governo entreguista como o de Bolsonaro.<\/p>\n","protected":false},"excerpt":{"rendered":"<p>247 \u2013\u00a0Ernesto Ara\u00fajo, o pior diplomata da hist\u00f3ria do Brasil, que sabotou a compra de vacinas e colocou o Itamaraty a servi\u00e7o da extrema-direita internacional acaba de pedir demiss\u00e3o do cargo. Com isso, o governo de Jair Bolsonaro perde mais um de seus nomes da &#8220;ala ideol\u00f3gica&#8221;. A queda de Ernesto pode permitir que o&#8230;<a class=\"more-link\" href=\"http:\/\/blogdalucianaoliveira.com.br\/blog\/2021\/03\/29\/ernesto-araujo-pede-demissao-do-cargo-e-vai-para-o-lixo-da-historia\/\">Continue a leitura <span class=\"meta-nav\">&raquo;<\/span><\/a><\/p>\n","protected":false},"author":1,"featured_media":0,"comment_status":"closed","ping_status":"open","sticky":false,"template":"","format":"standard","meta":{"_exactmetrics_skip_tracking":false,"_exactmetrics_sitenote_active":false,"_exactmetrics_sitenote_note":"","_exactmetrics_sitenote_category":0,"jetpack_post_was_ever_published":false,"_jetpack_newsletter_access":"","_jetpack_dont_email_post_to_subs":false,"_jetpack_newsletter_tier_id":0,"_jetpack_memberships_contains_paywalled_content":false,"_jetpack_memberships_contains_paid_content":false,"footnotes":"","jetpack_publicize_message":"","jetpack_publicize_feature_enabled":true,"jetpack_social_post_already_shared":true,"jetpack_social_options":{"image_generator_settings":{"template":"highway","enabled":false},"version":2}},"categories":[1],"tags":[],"class_list":["post-31347","post","type-post","status-publish","format-standard","hentry","category-notas"],"jetpack_publicize_connections":[],"jetpack_sharing_enabled":true,"jetpack_featured_media_url":"","jetpack_shortlink":"https:\/\/wp.me\/p7wKYW-89B","jetpack-related-posts":[],"_links":{"self":[{"href":"http:\/\/blogdalucianaoliveira.com.br\/blog\/wp-json\/wp\/v2\/posts\/31347","targetHints":{"allow":["GET"]}}],"collection":[{"href":"http:\/\/blogdalucianaoliveira.com.br\/blog\/wp-json\/wp\/v2\/posts"}],"about":[{"href":"http:\/\/blogdalucianaoliveira.com.br\/blog\/wp-json\/wp\/v2\/types\/post"}],"author":[{"embeddable":true,"href":"http:\/\/blogdalucianaoliveira.com.br\/blog\/wp-json\/wp\/v2\/users\/1"}],"replies":[{"embeddable":true,"href":"http:\/\/blogdalucianaoliveira.com.br\/blog\/wp-json\/wp\/v2\/comments?post=31347"}],"version-history":[{"count":1,"href":"http:\/\/blogdalucianaoliveira.com.br\/blog\/wp-json\/wp\/v2\/posts\/31347\/revisions"}],"predecessor-version":[{"id":31349,"href":"http:\/\/blogdalucianaoliveira.com.br\/blog\/wp-json\/wp\/v2\/posts\/31347\/revisions\/31349"}],"wp:attachment":[{"href":"http:\/\/blogdalucianaoliveira.com.br\/blog\/wp-json\/wp\/v2\/media?parent=31347"}],"wp:term":[{"taxonomy":"category","embeddable":true,"href":"http:\/\/blogdalucianaoliveira.com.br\/blog\/wp-json\/wp\/v2\/categories?post=31347"},{"taxonomy":"post_tag","embeddable":true,"href":"http:\/\/blogdalucianaoliveira.com.br\/blog\/wp-json\/wp\/v2\/tags?post=31347"}],"curies":[{"name":"wp","href":"https:\/\/api.w.org\/{rel}","templated":true}]}}