{"id":31350,"date":"2021-03-29T12:25:39","date_gmt":"2021-03-29T16:25:39","guid":{"rendered":"http:\/\/blogdalucianaoliveira.com.br\/blog\/?p=31350"},"modified":"2021-03-29T12:25:44","modified_gmt":"2021-03-29T16:25:44","slug":"em-defesa-da-amazonia-bancos-internacionais-e-grupos-catolicos-entregam-carta-a-bolsonaro-ameacando-retirada-de-investimentos","status":"publish","type":"post","link":"http:\/\/blogdalucianaoliveira.com.br\/blog\/2021\/03\/29\/em-defesa-da-amazonia-bancos-internacionais-e-grupos-catolicos-entregam-carta-a-bolsonaro-ameacando-retirada-de-investimentos\/","title":{"rendered":"Em defesa da Amaz\u00f4nia, bancos internacionais e grupos cat\u00f3licos entregam carta a Bolsonaro amea\u00e7ando retirada de investimentos"},"content":{"rendered":"\n<figure class=\"wp-block-image size-large\"><img loading=\"lazy\" decoding=\"async\" width=\"1250\" height=\"600\" data-attachment-id=\"31351\" data-permalink=\"http:\/\/blogdalucianaoliveira.com.br\/blog\/2021\/03\/29\/em-defesa-da-amazonia-bancos-internacionais-e-grupos-catolicos-entregam-carta-a-bolsonaro-ameacando-retirada-de-investimentos\/a14a9b60-5111-476c-8ebc-22a0b4204723\/\" data-orig-file=\"https:\/\/i0.wp.com\/blogdalucianaoliveira.com.br\/blog\/wp-content\/uploads\/2021\/03\/A14A9B60-5111-476C-8EBC-22A0B4204723.jpeg?fit=1250%2C600\" data-orig-size=\"1250,600\" data-comments-opened=\"0\" data-image-meta=\"{&quot;aperture&quot;:&quot;0&quot;,&quot;credit&quot;:&quot;&quot;,&quot;camera&quot;:&quot;&quot;,&quot;caption&quot;:&quot;&quot;,&quot;created_timestamp&quot;:&quot;0&quot;,&quot;copyright&quot;:&quot;&quot;,&quot;focal_length&quot;:&quot;0&quot;,&quot;iso&quot;:&quot;0&quot;,&quot;shutter_speed&quot;:&quot;0&quot;,&quot;title&quot;:&quot;&quot;,&quot;orientation&quot;:&quot;0&quot;}\" data-image-title=\"A14A9B60-5111-476C-8EBC-22A0B4204723\" data-image-description=\"\" data-image-caption=\"\" data-medium-file=\"https:\/\/i0.wp.com\/blogdalucianaoliveira.com.br\/blog\/wp-content\/uploads\/2021\/03\/A14A9B60-5111-476C-8EBC-22A0B4204723.jpeg?fit=300%2C144\" data-large-file=\"https:\/\/i0.wp.com\/blogdalucianaoliveira.com.br\/blog\/wp-content\/uploads\/2021\/03\/A14A9B60-5111-476C-8EBC-22A0B4204723.jpeg?fit=600%2C288\" src=\"https:\/\/i2.wp.com\/blogdalucianaoliveira.com.br\/blog\/wp-content\/uploads\/2021\/03\/A14A9B60-5111-476C-8EBC-22A0B4204723.jpeg?fit=600%2C288\" alt=\"\" class=\"wp-image-31351\" srcset=\"https:\/\/i0.wp.com\/blogdalucianaoliveira.com.br\/blog\/wp-content\/uploads\/2021\/03\/A14A9B60-5111-476C-8EBC-22A0B4204723.jpeg?w=1250 1250w, https:\/\/i0.wp.com\/blogdalucianaoliveira.com.br\/blog\/wp-content\/uploads\/2021\/03\/A14A9B60-5111-476C-8EBC-22A0B4204723.jpeg?resize=300%2C144 300w, https:\/\/i0.wp.com\/blogdalucianaoliveira.com.br\/blog\/wp-content\/uploads\/2021\/03\/A14A9B60-5111-476C-8EBC-22A0B4204723.jpeg?resize=1024%2C492 1024w, https:\/\/i0.wp.com\/blogdalucianaoliveira.com.br\/blog\/wp-content\/uploads\/2021\/03\/A14A9B60-5111-476C-8EBC-22A0B4204723.jpeg?resize=768%2C369 768w, https:\/\/i0.wp.com\/blogdalucianaoliveira.com.br\/blog\/wp-content\/uploads\/2021\/03\/A14A9B60-5111-476C-8EBC-22A0B4204723.jpeg?resize=625%2C300 625w, https:\/\/i0.wp.com\/blogdalucianaoliveira.com.br\/blog\/wp-content\/uploads\/2021\/03\/A14A9B60-5111-476C-8EBC-22A0B4204723.jpeg?w=1200 1200w\" sizes=\"auto, (max-width: 600px) 100vw, 600px\" \/><\/figure>\n\n\n\n<p><strong>Deutsche Welle &#8211;&nbsp;<\/strong>Diante do avan\u00e7o da destrui\u00e7\u00e3o da Floresta Amaz\u00f4nica, mais de 90 institui\u00e7\u00f5es internacionais cat\u00f3licas, entre as quais quatro bancos alem\u00e3es, se uniram para manifestar publicamente oposi\u00e7\u00e3o \u00e0s pol\u00edticas ambientais de Jair Bolsonaro.<\/p>\n\n\n\n<!--more-->\n\n\n\n<p>Nesta segunda-feira (29\/03), o grupo entrega uma carta ao presidente brasileiro e a seu vice, Hamilton Mour\u00e3o, pedindo a\u00e7\u00f5es concretas para proteger a maior floresta tropical do mundo e os povos ind\u00edgenas.<\/p>\n\n\n\n<p>&#8220;Como investidores, n\u00f3s estamos usando os meios poss\u00edveis para exercer press\u00e3o contra a destrui\u00e7\u00e3o da Amaz\u00f4nia e de seus povos tradicionais&#8221;, justifica Tommy Piemonte, da institui\u00e7\u00e3o financeira cat\u00f3lica alem\u00e3 Bank f\u00fcr Kirche und Caritas (BKC), em entrevista \u00e0 DW.<\/p>\n\n\n\n<p>&#8220;Se n\u00e3o houver mudan\u00e7as, vamos retirar nossos investimentos e cancelar potenciais investimentos futuros&#8221;, afirma Piemonte. &#8220;Somos quatro bancos que t\u00eam muitos clientes, inclusive outras institui\u00e7\u00f5es cat\u00f3licas&#8221;, complementa, mencionando o Bank im Bistum Essen, Pax-Bank K\u00f6ln e Steyler Ethik Bank, que tamb\u00e9m assinam a carta.<\/p>\n","protected":false},"excerpt":{"rendered":"<p>Deutsche Welle &#8211;&nbsp;Diante do avan\u00e7o da destrui\u00e7\u00e3o da Floresta Amaz\u00f4nica, mais de 90 institui\u00e7\u00f5es internacionais cat\u00f3licas, entre as quais quatro bancos alem\u00e3es, se uniram para manifestar publicamente oposi\u00e7\u00e3o \u00e0s pol\u00edticas ambientais de Jair Bolsonaro.<\/p>\n","protected":false},"author":1,"featured_media":0,"comment_status":"closed","ping_status":"open","sticky":false,"template":"","format":"standard","meta":{"_exactmetrics_skip_tracking":false,"_exactmetrics_sitenote_active":false,"_exactmetrics_sitenote_note":"","_exactmetrics_sitenote_category":0,"jetpack_post_was_ever_published":false,"_jetpack_newsletter_access":"","_jetpack_dont_email_post_to_subs":false,"_jetpack_newsletter_tier_id":0,"_jetpack_memberships_contains_paywalled_content":false,"_jetpack_memberships_contains_paid_content":false,"footnotes":"","jetpack_publicize_message":"","jetpack_publicize_feature_enabled":true,"jetpack_social_post_already_shared":true,"jetpack_social_options":{"image_generator_settings":{"template":"highway","enabled":false},"version":2}},"categories":[1],"tags":[],"class_list":["post-31350","post","type-post","status-publish","format-standard","hentry","category-notas"],"jetpack_publicize_connections":[],"jetpack_sharing_enabled":true,"jetpack_featured_media_url":"","jetpack_shortlink":"https:\/\/wp.me\/p7wKYW-89E","jetpack-related-posts":[],"_links":{"self":[{"href":"http:\/\/blogdalucianaoliveira.com.br\/blog\/wp-json\/wp\/v2\/posts\/31350","targetHints":{"allow":["GET"]}}],"collection":[{"href":"http:\/\/blogdalucianaoliveira.com.br\/blog\/wp-json\/wp\/v2\/posts"}],"about":[{"href":"http:\/\/blogdalucianaoliveira.com.br\/blog\/wp-json\/wp\/v2\/types\/post"}],"author":[{"embeddable":true,"href":"http:\/\/blogdalucianaoliveira.com.br\/blog\/wp-json\/wp\/v2\/users\/1"}],"replies":[{"embeddable":true,"href":"http:\/\/blogdalucianaoliveira.com.br\/blog\/wp-json\/wp\/v2\/comments?post=31350"}],"version-history":[{"count":1,"href":"http:\/\/blogdalucianaoliveira.com.br\/blog\/wp-json\/wp\/v2\/posts\/31350\/revisions"}],"predecessor-version":[{"id":31352,"href":"http:\/\/blogdalucianaoliveira.com.br\/blog\/wp-json\/wp\/v2\/posts\/31350\/revisions\/31352"}],"wp:attachment":[{"href":"http:\/\/blogdalucianaoliveira.com.br\/blog\/wp-json\/wp\/v2\/media?parent=31350"}],"wp:term":[{"taxonomy":"category","embeddable":true,"href":"http:\/\/blogdalucianaoliveira.com.br\/blog\/wp-json\/wp\/v2\/categories?post=31350"},{"taxonomy":"post_tag","embeddable":true,"href":"http:\/\/blogdalucianaoliveira.com.br\/blog\/wp-json\/wp\/v2\/tags?post=31350"}],"curies":[{"name":"wp","href":"https:\/\/api.w.org\/{rel}","templated":true}]}}