{"id":31355,"date":"2021-03-30T09:10:40","date_gmt":"2021-03-30T13:10:40","guid":{"rendered":"http:\/\/blogdalucianaoliveira.com.br\/blog\/?p=31355"},"modified":"2021-03-30T09:10:44","modified_gmt":"2021-03-30T13:10:44","slug":"acuado-bolsonaro-entra-em-panico-e-nao-tem-forca-para-golpe","status":"publish","type":"post","link":"http:\/\/blogdalucianaoliveira.com.br\/blog\/2021\/03\/30\/acuado-bolsonaro-entra-em-panico-e-nao-tem-forca-para-golpe\/","title":{"rendered":"Acuado, Bolsonaro entra em p\u00e2nico e n\u00e3o tem for\u00e7a para golpe"},"content":{"rendered":"\n<figure class=\"wp-block-image\"><img data-recalc-dims=\"1\" decoding=\"async\" src=\"https:\/\/i0.wp.com\/publisher-publish.s3.eu-central-1.amazonaws.com\/pb-brasil247\/swp\/jtjeq9\/media\/20210330090320_1f94df517279da87118ac12f63f9f685342fe8b54008f60e6497c4696e1e39bf.jpg?w=600&#038;ssl=1\" alt=\"\"\/><\/figure>\n\n\n\n<p>247, por Renato Rovai &#8211; Em janeiro de 2019, Bolsonaro j\u00e1 tinha oposi\u00e7\u00e3o aguerrida, mas ao mesmo tempo sufocada. \u00c0 merc\u00ea do que pudessem vir a ser os erros e acertos, do governo que chegava. Mais disso do que da sua capacidade de operar uma resist\u00eancia organizada e forte a uma agenda que prometia interven\u00e7\u00f5es pesadas na economia e nos direitos humanos.<br>Bolsonaro chegava como um imperador num cavalo branco. Algo meio um Napole\u00e3o com uma agenda ultraneoliberal e fascista.<\/p>\n\n\n\n<!--more-->\n\n\n\n<p>Neste final de mar\u00e7o de 2021, por um lado Bolsonaro acaba de mostrar ao pa\u00eds que \u00e9 ref\u00e9m do centr\u00e3o, cedendo na demiss\u00e3o de seu fiel escudeiro, Ernesto Ara\u00fajo, por exig\u00eancia do Senado e entregando a Secretaria do Governo para uma inexpressiva deputada, Fl\u00e1via Arruda, que \u00e9 unha e carne com o presidente da C\u00e2mara, Arthur Lira, e filiada ao PL que j\u00e1 mandava piscadelas para a candidatura de Lula. Sim, Bolsonaro tamb\u00e9m deu sinal de que tem medo de Lula.<br><\/p>\n\n\n\n<p>Por outro lado, Bolsonaro revelou ao pa\u00eds que n\u00e3o tem nas For\u00e7as Armadas o apoio que boa parte da popula\u00e7\u00e3o e da esquerda imaginavam que tinha. Ao demitir o ministro da Defesa Fernando Azevedo e Silva e ter recebido sinais de demiss\u00e3o dos comandantes das tr\u00eas armas (Marinha, Aeron\u00e1utica e Ex\u00e9rcito) ficou claro que o comando das For\u00e7as Armadas est\u00e1 com o presidente at\u00e9 a p\u00e1gina 3. E que ele ter\u00e1 que quebrar muitos ovos se quiser enveredar pelo omelete autorit\u00e1rio.<\/p>\n\n\n\n<p>N\u00e3o h\u00e1 um sinal sequer de for\u00e7a que permita Bolsonaro endurecer o regime neste momento. Os sinais s\u00e3o de um piloto que comanda um avi\u00e3o descontrolado por erros que cometeu e que n\u00e3o sabe mais o que fazer. Por isso decidiu arriscar uma reforma ministerial destrambelhada mexendo num minist\u00e9rio t\u00e3o sens\u00edvel como o da Defesa sem ter uma dire\u00e7\u00e3o clara do que pretende.<\/p>\n\n\n\n<p>Numa hora dessas n\u00e3o \u00e9 recomendado aos que s\u00e3o oposi\u00e7\u00e3o entrarem em p\u00e2nico junto com o governante em crise. \u00c9 preciso ter muita calma e n\u00e3o ficar gritando, por exemplo, golpe \u00e0 vista ou qualquer bobagem com este significado.<\/p>\n\n\n\n<p>Um golpe n\u00e3o se consolida apenas pelo desejo de um presidente maluco. Ele precisa de condi\u00e7\u00f5es e apoios objetivos do estabilishment, da m\u00eddia e das For\u00e7as Armadas que Bolsonaro j\u00e1 n\u00e3o tem mais neste momento.<\/p>\n\n\n\n<p>Bolsonaro est\u00e1 lutando pela sua sobreviv\u00eancia. Contra um impeachment que parecia imensamente distante h\u00e1 3 meses e que subiu no telhado. E pela blindagem dos seus filhos, em especial o 01.<\/p>\n\n\n\n<p>Pode parecer um bicho assustado, disposto a tudo, mas j\u00e1 \u00e9 um bicho sem dentes. Uma presa f\u00e1cil para ser descartada pelo sistema, se este entender que \u00e9 a hora. At\u00e9 porque a popularidade de Bolsonaro est\u00e1 em queda.<br><\/p>\n\n\n\n<p>N\u00e3o \u00e9 momento de tem\u00ea-lo e nem de fortalec\u00ea-lo com teses conspirat\u00f3rias. \u00c9 hora de trat\u00e1-lo politicamente como ele \u00e9, um verme. Um verme genocida.<br><br><\/p>\n","protected":false},"excerpt":{"rendered":"<p>247, por Renato Rovai &#8211; Em janeiro de 2019, Bolsonaro j\u00e1 tinha oposi\u00e7\u00e3o aguerrida, mas ao mesmo tempo sufocada. \u00c0 merc\u00ea do que pudessem vir a ser os erros e acertos, do governo que chegava. Mais disso do que da sua capacidade de operar uma resist\u00eancia organizada e forte a uma agenda que prometia interven\u00e7\u00f5es&#8230;<a class=\"more-link\" href=\"http:\/\/blogdalucianaoliveira.com.br\/blog\/2021\/03\/30\/acuado-bolsonaro-entra-em-panico-e-nao-tem-forca-para-golpe\/\">Continue a leitura <span class=\"meta-nav\">&raquo;<\/span><\/a><\/p>\n","protected":false},"author":1,"featured_media":0,"comment_status":"closed","ping_status":"open","sticky":false,"template":"","format":"standard","meta":{"_exactmetrics_skip_tracking":false,"_exactmetrics_sitenote_active":false,"_exactmetrics_sitenote_note":"","_exactmetrics_sitenote_category":0,"jetpack_post_was_ever_published":false,"_jetpack_newsletter_access":"","_jetpack_dont_email_post_to_subs":false,"_jetpack_newsletter_tier_id":0,"_jetpack_memberships_contains_paywalled_content":false,"_jetpack_memberships_contains_paid_content":false,"footnotes":"","jetpack_publicize_message":"","jetpack_publicize_feature_enabled":true,"jetpack_social_post_already_shared":true,"jetpack_social_options":{"image_generator_settings":{"template":"highway","enabled":false},"version":2}},"categories":[1],"tags":[53,39],"class_list":["post-31355","post","type-post","status-publish","format-standard","hentry","category-notas","tag-bolsonaro","tag-golpe"],"jetpack_publicize_connections":[],"jetpack_sharing_enabled":true,"jetpack_featured_media_url":"","jetpack_shortlink":"https:\/\/wp.me\/p7wKYW-89J","jetpack-related-posts":[],"_links":{"self":[{"href":"http:\/\/blogdalucianaoliveira.com.br\/blog\/wp-json\/wp\/v2\/posts\/31355","targetHints":{"allow":["GET"]}}],"collection":[{"href":"http:\/\/blogdalucianaoliveira.com.br\/blog\/wp-json\/wp\/v2\/posts"}],"about":[{"href":"http:\/\/blogdalucianaoliveira.com.br\/blog\/wp-json\/wp\/v2\/types\/post"}],"author":[{"embeddable":true,"href":"http:\/\/blogdalucianaoliveira.com.br\/blog\/wp-json\/wp\/v2\/users\/1"}],"replies":[{"embeddable":true,"href":"http:\/\/blogdalucianaoliveira.com.br\/blog\/wp-json\/wp\/v2\/comments?post=31355"}],"version-history":[{"count":1,"href":"http:\/\/blogdalucianaoliveira.com.br\/blog\/wp-json\/wp\/v2\/posts\/31355\/revisions"}],"predecessor-version":[{"id":31356,"href":"http:\/\/blogdalucianaoliveira.com.br\/blog\/wp-json\/wp\/v2\/posts\/31355\/revisions\/31356"}],"wp:attachment":[{"href":"http:\/\/blogdalucianaoliveira.com.br\/blog\/wp-json\/wp\/v2\/media?parent=31355"}],"wp:term":[{"taxonomy":"category","embeddable":true,"href":"http:\/\/blogdalucianaoliveira.com.br\/blog\/wp-json\/wp\/v2\/categories?post=31355"},{"taxonomy":"post_tag","embeddable":true,"href":"http:\/\/blogdalucianaoliveira.com.br\/blog\/wp-json\/wp\/v2\/tags?post=31355"}],"curies":[{"name":"wp","href":"https:\/\/api.w.org\/{rel}","templated":true}]}}