{"id":31357,"date":"2021-03-30T09:18:49","date_gmt":"2021-03-30T13:18:49","guid":{"rendered":"http:\/\/blogdalucianaoliveira.com.br\/blog\/?p=31357"},"modified":"2021-03-30T09:18:55","modified_gmt":"2021-03-30T13:18:55","slug":"forcas-armadas-nao-entrarao-em-aventura-diz-santos-cruz","status":"publish","type":"post","link":"http:\/\/blogdalucianaoliveira.com.br\/blog\/2021\/03\/30\/forcas-armadas-nao-entrarao-em-aventura-diz-santos-cruz\/","title":{"rendered":"FOR\u00c7AS ARMADAS N\u00c3O ENTRAR\u00c3O EM AVENTURA, DIZ SANTOS CRUZ"},"content":{"rendered":"\n<figure class=\"wp-block-image\"><img data-recalc-dims=\"1\" decoding=\"async\" src=\"https:\/\/i0.wp.com\/piaui.folha.uol.com.br\/wp-content\/uploads\/2019\/06\/stcruz_interna.jpg?w=600&#038;ssl=1\" alt=\"Santos Cruz: \u201cFalta lideran\u00e7a ao pa\u00eds e vivemos neste ambiente de not\u00edcias falsas\u201d \u2013 \"\/><\/figure>\n\n\n\n<h3 class=\"wp-block-heading\">Para ex-ministro de Bolsonaro, falta lideran\u00e7a ao pa\u00eds<\/h3>\n\n\n\n<!--more-->\n\n\n\n<p><strong>CONSUELO DIEGUEZ<\/strong>, na Revista Piau\u00ed<br><\/p>\n\n\n\n<p>Ex-ministro-chefe da Secretaria de Governo do presidente Jair Bolsonaro, o general Carlos Alberto dos Santos Cruz diz que o governo tem de dar explica\u00e7\u00f5es \u00e0 popula\u00e7\u00e3o sobre a mudan\u00e7a no Minist\u00e9rio da Defesa \u2013 na tarde desta segunda, o general Fernando Azevedo e Silva deixou o posto. \u201cA partir do momento que n\u00e3o se tem tranquilidade, n\u00e3o se tem paz social, n\u00e3o se tem lideran\u00e7a e se vive em um ambiente de not\u00edcias falsas fica muito dif\u00edcil tra\u00e7ar um diagn\u00f3stico do que representa a sa\u00edda do ministro Fernando Azevedo e Silva\u201d, afirmou Santos Cruz. <\/p>\n\n\n\n<p>Ele disse ter sido pego de surpresa com a sa\u00edda do general. Por isso, para frear a especula\u00e7\u00e3o em torno do fato, considera fundamental o governo se manifestar imediatamente sobre o ocorrido. \u201cO p\u00fablico tem o direito de saber o que est\u00e1 acontecendo. Os militares est\u00e3o acostumados com mudan\u00e7as. Mas esta \u00e9 uma mudan\u00e7a pol\u00edtica. Toda esta especula\u00e7\u00e3o em torno da sa\u00edda do Fernando est\u00e1 se dando porque falta lideran\u00e7a ao pa\u00eds e vivemos neste ambiente de not\u00edcias falsas\u201d, ele tornou a repetir. \u201cH\u00e1 dois anos o pa\u00eds est\u00e1 vivendo num ambiente muito confuso.\u201d<br><\/p>\n\n\n\n<p>Foi uma segunda-feira de mudan\u00e7as no governo. O chanceler Ernesto Ara\u00fajo, sob press\u00e3o do Congresso, tamb\u00e9m deixou o posto. O ministro Azevedo e Silva vinha, havia v\u00e1rios meses, se desentendendo com Bolsonaro. O presidente reclamava que as For\u00e7as Armadas deveriam dar demonstra\u00e7\u00f5es p\u00fablicas de que apoiavam o seu governo, coisa que o ministro se recusou a fazer. Outro mal-estar entre os dois tinha a ver tamb\u00e9m com a press\u00e3o de Bolsonaro sobre ele para que demitisse o comandante do Ex\u00e9rcito, general Edson Pujol, o que Azevedo e Silva tamb\u00e9m n\u00e3o acatou. Por isso, chamou a aten\u00e7\u00e3o o teor da carta de demiss\u00e3o de Azevedo e Silva, ao afirmar: \u201cNesse per\u00edodo, preservei as For\u00e7as Armadas como institui\u00e7\u00f5es de Estado.\u201d A afirma\u00e7\u00e3o do ministro gerou especula\u00e7\u00f5es de que Bolsonaro quisesse influir para que os militares agissem de maneira dura contra as rea\u00e7\u00f5es da sociedade contr\u00e1rias ao seu governo.<\/p>\n\n\n\n<p>Santos Cruz me disse, no entanto, que ainda que houvesse por parte de Bolsonaro alguma inten\u00e7\u00e3o de ir contra o estado democr\u00e1tico de direito, o que ele n\u00e3o acredita existir,&nbsp; as For\u00e7as Armadas n\u00e3o lhe dariam apoio. Perguntei se ele via alguma possibilidade de golpe de Estado, comandado pelo presidente e apoiado pelos militares. Santos Cruz foi assertivo. \u201cN\u00e3o h\u00e1 clima para um golpe de Estado. As For\u00e7as Armadas t\u00eam uma postura institucional muito forte. N\u00e3o embarcam nessa onda. As For\u00e7as Armadas t\u00eam estruturas fortes de comando, de lideran\u00e7a, de hierarquia, de respeito \u00e0 legalidade\u201d, afirmou, e continuou sua defesa. \u201cAs For\u00e7as Armadas e seus comandantes t\u00eam consist\u00eancia grande. N\u00e3o se imagine que se possa lan\u00e7ar as For\u00e7as Armadas em uma aventura. Os militares n\u00e3o ficam embarcando em qualquer canoa. N\u00e3o \u00e9 f\u00e1cil mexer com as For\u00e7as Armadas politicamente. Os comandantes s\u00e3o todos muito discretos. N\u00e3o se envolvem com pol\u00edtica. \u00c9 uma gente s\u00e9ria.\u201d<\/p>\n\n\n\n<p>Santos Cruz ficou apenas cinco meses no governo. Ele foi demitido pelo presidente em junho de 2019,&nbsp; ap\u00f3s se desentender com a ala ideol\u00f3gica, comandada pelos filhos do presidente e pelo astr\u00f3logo Olavo de Carvalho. Assim como o ministro Azevedo e Silva, ele tamb\u00e9m se recusou a se sujeitar ao extremo radicalismo de Bolsonaro e seus seguidores mais fi\u00e9is. Embora insatisfeito com o que vem ocorrendo no pa\u00eds, Santos Cruz disse n\u00e3o estar preocupado com a possibilidade de rompimento institucional. \u201cEu n\u00e3o estou preocupado porque quando as coisas s\u00e3o confusas elas v\u00e3o acabar sendo resolvidas, porque n\u00e3o se pode viver na confus\u00e3o permanente\u201d, disse. Qual seria esta solu\u00e7\u00e3o? \u201cTemos elei\u00e7\u00e3o ano que vem. Al\u00e9m disso, temos outros mecanismos normais. O Congresso pode reagir a essa mudan\u00e7a do ministro.\u201d Eu quis saber se a sa\u00edda do Congresso poderia ser o impeachment do presidente.&nbsp; O general se limitou a dizer que o impeachment est\u00e1 previsto em lei, evitando afirmar que esta seria uma sa\u00edda. Antes de desligar, me disse: \u201cTempos dif\u00edceis.\u201d<\/p>\n","protected":false},"excerpt":{"rendered":"<p>Para ex-ministro de Bolsonaro, falta lideran\u00e7a ao pa\u00eds<\/p>\n","protected":false},"author":1,"featured_media":0,"comment_status":"closed","ping_status":"open","sticky":false,"template":"","format":"standard","meta":{"_exactmetrics_skip_tracking":false,"_exactmetrics_sitenote_active":false,"_exactmetrics_sitenote_note":"","_exactmetrics_sitenote_category":0,"jetpack_post_was_ever_published":false,"_jetpack_newsletter_access":"","_jetpack_dont_email_post_to_subs":false,"_jetpack_newsletter_tier_id":0,"_jetpack_memberships_contains_paywalled_content":false,"_jetpack_memberships_contains_paid_content":false,"footnotes":"","jetpack_publicize_message":"","jetpack_publicize_feature_enabled":true,"jetpack_social_post_already_shared":true,"jetpack_social_options":{"image_generator_settings":{"template":"highway","enabled":false},"version":2}},"categories":[1],"tags":[53,39,448],"class_list":["post-31357","post","type-post","status-publish","format-standard","hentry","category-notas","tag-bolsonaro","tag-golpe","tag-santos-cruz"],"jetpack_publicize_connections":[],"jetpack_sharing_enabled":true,"jetpack_featured_media_url":"","jetpack_shortlink":"https:\/\/wp.me\/p7wKYW-89L","jetpack-related-posts":[],"_links":{"self":[{"href":"http:\/\/blogdalucianaoliveira.com.br\/blog\/wp-json\/wp\/v2\/posts\/31357","targetHints":{"allow":["GET"]}}],"collection":[{"href":"http:\/\/blogdalucianaoliveira.com.br\/blog\/wp-json\/wp\/v2\/posts"}],"about":[{"href":"http:\/\/blogdalucianaoliveira.com.br\/blog\/wp-json\/wp\/v2\/types\/post"}],"author":[{"embeddable":true,"href":"http:\/\/blogdalucianaoliveira.com.br\/blog\/wp-json\/wp\/v2\/users\/1"}],"replies":[{"embeddable":true,"href":"http:\/\/blogdalucianaoliveira.com.br\/blog\/wp-json\/wp\/v2\/comments?post=31357"}],"version-history":[{"count":1,"href":"http:\/\/blogdalucianaoliveira.com.br\/blog\/wp-json\/wp\/v2\/posts\/31357\/revisions"}],"predecessor-version":[{"id":31358,"href":"http:\/\/blogdalucianaoliveira.com.br\/blog\/wp-json\/wp\/v2\/posts\/31357\/revisions\/31358"}],"wp:attachment":[{"href":"http:\/\/blogdalucianaoliveira.com.br\/blog\/wp-json\/wp\/v2\/media?parent=31357"}],"wp:term":[{"taxonomy":"category","embeddable":true,"href":"http:\/\/blogdalucianaoliveira.com.br\/blog\/wp-json\/wp\/v2\/categories?post=31357"},{"taxonomy":"post_tag","embeddable":true,"href":"http:\/\/blogdalucianaoliveira.com.br\/blog\/wp-json\/wp\/v2\/tags?post=31357"}],"curies":[{"name":"wp","href":"https:\/\/api.w.org\/{rel}","templated":true}]}}