{"id":31368,"date":"2021-03-31T10:36:39","date_gmt":"2021-03-31T14:36:39","guid":{"rendered":"http:\/\/blogdalucianaoliveira.com.br\/blog\/?p=31368"},"modified":"2021-03-31T10:36:45","modified_gmt":"2021-03-31T14:36:45","slug":"a-gangue-boliviana-que-pode-inspirar-bolsonaro","status":"publish","type":"post","link":"http:\/\/blogdalucianaoliveira.com.br\/blog\/2021\/03\/31\/a-gangue-boliviana-que-pode-inspirar-bolsonaro\/","title":{"rendered":"A gangue boliviana que pode inspirar Bolsonaro"},"content":{"rendered":"\n<figure class=\"wp-block-image\"><img data-recalc-dims=\"1\" height=\"351\" width=\"600\" decoding=\"async\" src=\"https:\/\/i0.wp.com\/www.diariodocentrodomundo.com.br\/wp-content\/uploads\/2021\/03\/gangue-bolivia-600x351.png?resize=600%2C351&#038;ssl=1\" alt=\"\"\/><\/figure>\n\n\n\n<p><\/p>\n\n\n\n<p><strong>Jornalistas Pela democracia, por Mois\u00e9s Mendes &#8211; <\/strong>Bolsonaro deve sonhar com a forma\u00e7\u00e3o de grupos como o liderado pelo boliviano Yassir Molina, que est\u00e1 ao centro na foto. Molina \u00e9 procurado desde a tarde de ter\u00e7a-feira. H\u00e1 uma ordem de pris\u00e3o da Justi\u00e7a contra ele.<\/p>\n\n\n\n<!--more-->\n\n\n\n<p>O sujeito \u00e9 o l\u00edder de uma fac\u00e7\u00e3o de extrema direita chamada Resist\u00eancia Juvenil Cochala (RJC), de Cochabamba. Cochala \u00e9 como se designa o cidad\u00e3o de Cochabamba. A RJC n\u00e3o tem registro oficial e v\u00ednculos formais com partidos.<\/p>\n\n\n\n<p>Molina deve ser preso por a\u00e7\u00f5es violentas, uso de armas e atentados contra pr\u00e9dios p\u00fablicos, entre os quais um edif\u00edcio do Minist\u00e9rio P\u00fablico. H\u00e1 muito tempo a RJC persegue um promotor.<\/p>\n\n\n\n<p>Suspeitam que a organiza\u00e7\u00e3o seja financiada pelo fascista Luis Fernando Macho Camacho, eleito este m\u00eas governador de Santa Cruz de La Sierra, o reduto da direita boliviana.<\/p>\n\n\n\n<p>Camacho \u00e9 o chefe do Comit\u00ea C\u00edvico de Santa Cruz, a trincheira pol\u00edtica de fazendeiros e empres\u00e1rios. Foi o l\u00edder civil do golpe de novembro de 2019 contra Evo Morales e concorreu nas elei\u00e7\u00f5es de outubro. Luis Arce, ex-ministro da Economia de Morales, foi eleito, e Camacho teve 14% dos votos. Ficou em terceiro lugar. \u00c9 um fascista regional, com pretens\u00f5es nacionais.<\/p>\n\n\n\n<p>A RJC tem o nome de entidade juvenil, mas re\u00fane gente de todas as idades, e muitos fingem ser jovens. Atuaram nas ruas no golpe, desfilam de moto vestindo as cores da Bol\u00edvia (qualquer semelhan\u00e7a com os bolsonaristas de verde-amarelo n\u00e3o \u00e9 coincid\u00eancia) e est\u00e3o sempre a postos para tentar dispersar as manifesta\u00e7\u00f5es do Movimento ao Socialismo (MAS), de Morales e Arce.<\/p>\n\n\n\n<p>S\u00e3o violentos, usam armas artesanais e se dedicam a espalhar o terror, amea\u00e7ando gente nas ruas, estacionando diante de casas de militantes do MAS e depredando o que estiver pela frente. Geralmente saem encapuzados. Latem muito, mas tamb\u00e9m mordem.<\/p>\n\n\n\n<div class=\"wp-block-image\"><figure class=\"aligncenter\"><img data-recalc-dims=\"1\" decoding=\"async\" src=\"https:\/\/i0.wp.com\/www.diariodocentrodomundo.com.br\/wp-content\/uploads\/2021\/03\/image-1-550x394-1.png?w=600&#038;ssl=1\" alt=\"\" class=\"wp-image-660221\"\/><\/figure><\/div>\n\n\n\n<p>J\u00e1 amea\u00e7aram jornalistas e costumam infiltrar agentes em grupos dos movimentos populares. T\u00eam estatuto e n\u00e3o podem aceitar cargos p\u00fablicos ou disputar elei\u00e7\u00e3o.<\/p>\n\n\n\n<p>Foram eles que atacaram, espancaram e pintaram com tinta vermelha a prefeita da cidade de Vinto e l\u00edder socialista Patricia Arce, jogada no meio da rua quase sem roupas. Esta foi a vingan\u00e7a de Patr\u00edcia: elegeu-se senadora em outubro.<\/p>\n\n\n\n<p>\u00c9 a mil\u00edcia perfeita, com gente das periferias misturada a extremistas da classe m\u00e9dia. S\u00e3o definidos como tropa de choque dos fascistas bolivianos.<\/p>\n\n\n\n<p>Na sua p\u00e1gina no Facebook, o l\u00edder se define assim: \u201cJovem boliviano que ama seu pa\u00eds, a democracia e a igualdade. Odeia o abuso de pessoas em todos os sentidos\u201d. N\u00e3o se sabe qual \u00e9 sua atividade.<\/p>\n\n\n\n<p>Os 300 de Sara Winter tentaram, mas n\u00e3o conseguiram chegar perto do que s\u00e3o os milhares de integrantes da gangue de Cochabamba. O jornal argentino P\u00e1gina 12 calculou no final do ano passado que teriam mais de 5 mil membros.<\/p>\n\n\n\n<p>Bolsonaro sabe, e com a crise com os militares sabe mais ainda, que n\u00e3o pode contar com o apoio incondicional das For\u00e7as Armadas.<\/p>\n\n\n\n<p>Por isso seu projeto \u00e9 ter as pol\u00edcias militares como suporte b\u00e9lico, ao lado de grupos civis, para enfrentamentos de rua, como a turma de Yassir Molina faz na Bol\u00edvia. O incentivo ao porte e \u00e0 posse de armas \u00e9 parte essencial dessa estrat\u00e9gia. Com o mesmo argumento da defesa da democracia.<\/p>\n\n\n\n<p>Na Bol\u00edvia, aconteceu o que Bolsonaro idealiza na sua mente golpista. Foram os policiais que se amotinaram e viabilizaram, na for\u00e7a, o golpe liderado por Camacho. Molina deu suporte \u00e0 agita\u00e7\u00e3o.<\/p>\n\n\n\n<p>Foram os policiais que puxaram os generais para o golpe. Acovardados, sem for\u00e7a para defender o governo, juntaram-se aos amotinados e exigiram a ren\u00fancia de Morales.<\/p>\n\n\n\n<p>O golpe n\u00e3o deu certo, mas os policiais continuam amea\u00e7ando o governo de Arce e a Justi\u00e7a, com notas da associa\u00e7\u00e3o da categoria, e a fac\u00e7\u00e3o dos motoqueiros est\u00e1 nas ruas. Yasser Molina \u00e9 considerado foragido.<\/p>\n\n\n\n<p>Ele, Camacho e toda a extrema direita contam com o suporte de parte do Judici\u00e1rio. Tanto que Molina j\u00e1 havia sido preso este m\u00eas (pela segunda vez), pelas mesmas acusa\u00e7\u00f5es de destrui\u00e7\u00e3o de bens p\u00fablicos, amea\u00e7as e forma\u00e7\u00e3o de quadrilha, mas foi libertado por ordem da ju\u00edza Ximena Mendiz\u00e1bal.<\/p>\n\n\n\n<p>Ximena enfrenta processos disciplinares na corregedoria de Justi\u00e7a e foi afastada das fun\u00e7\u00f5es. Ela pode ter permitido que o chefe da RJC preparasse a fuga, e a primeira possibilidade de ref\u00fagio \u00e9 sempre o Brasil.<\/p>\n\n\n\n<p>Uma coisa Bolsonaro deve estudar direito, para n\u00e3o achar que com policiais amotinados e gangues de civis \u00e9 poss\u00edvel fazer e manter um golpe. Na Bol\u00edvia, o golpe foi derrotado em um ano. Perdeu para a democracia e para a esquerda do MAS, em voto direto.<\/p>\n\n\n\n<p>Os generais que n\u00e3o fugiram est\u00e3o presos, junto com Jeanine A\u00f1ez, a ex-senadora que assumiu o governo depois do golpe que matou mais de 20 pessoas em a\u00e7\u00f5es do Ex\u00e9rcito nas ruas.<\/p>\n\n\n\n<p>Policiais amotinados, generais covardes e gangues podem at\u00e9 promover um levante, mas nem sempre sustentam um golpe.<br><\/p>\n","protected":false},"excerpt":{"rendered":"<p>Jornalistas Pela democracia, por Mois\u00e9s Mendes &#8211; Bolsonaro deve sonhar com a forma\u00e7\u00e3o de grupos como o liderado pelo boliviano Yassir Molina, que est\u00e1 ao centro na foto. Molina \u00e9 procurado desde a tarde de ter\u00e7a-feira. H\u00e1 uma ordem de pris\u00e3o da Justi\u00e7a contra ele.<\/p>\n","protected":false},"author":1,"featured_media":0,"comment_status":"closed","ping_status":"open","sticky":false,"template":"","format":"standard","meta":{"_exactmetrics_skip_tracking":false,"_exactmetrics_sitenote_active":false,"_exactmetrics_sitenote_note":"","_exactmetrics_sitenote_category":0,"jetpack_post_was_ever_published":false,"_jetpack_newsletter_access":"","_jetpack_dont_email_post_to_subs":false,"_jetpack_newsletter_tier_id":0,"_jetpack_memberships_contains_paywalled_content":false,"_jetpack_memberships_contains_paid_content":false,"footnotes":"","jetpack_publicize_message":"","jetpack_publicize_feature_enabled":true,"jetpack_social_post_already_shared":true,"jetpack_social_options":{"image_generator_settings":{"template":"highway","enabled":false},"version":2}},"categories":[1],"tags":[452,53,451],"class_list":["post-31368","post","type-post","status-publish","format-standard","hentry","category-notas","tag-bolivia","tag-bolsonaro","tag-gang"],"jetpack_publicize_connections":[],"jetpack_sharing_enabled":true,"jetpack_featured_media_url":"","jetpack_shortlink":"https:\/\/wp.me\/p7wKYW-89W","jetpack-related-posts":[],"_links":{"self":[{"href":"http:\/\/blogdalucianaoliveira.com.br\/blog\/wp-json\/wp\/v2\/posts\/31368","targetHints":{"allow":["GET"]}}],"collection":[{"href":"http:\/\/blogdalucianaoliveira.com.br\/blog\/wp-json\/wp\/v2\/posts"}],"about":[{"href":"http:\/\/blogdalucianaoliveira.com.br\/blog\/wp-json\/wp\/v2\/types\/post"}],"author":[{"embeddable":true,"href":"http:\/\/blogdalucianaoliveira.com.br\/blog\/wp-json\/wp\/v2\/users\/1"}],"replies":[{"embeddable":true,"href":"http:\/\/blogdalucianaoliveira.com.br\/blog\/wp-json\/wp\/v2\/comments?post=31368"}],"version-history":[{"count":1,"href":"http:\/\/blogdalucianaoliveira.com.br\/blog\/wp-json\/wp\/v2\/posts\/31368\/revisions"}],"predecessor-version":[{"id":31369,"href":"http:\/\/blogdalucianaoliveira.com.br\/blog\/wp-json\/wp\/v2\/posts\/31368\/revisions\/31369"}],"wp:attachment":[{"href":"http:\/\/blogdalucianaoliveira.com.br\/blog\/wp-json\/wp\/v2\/media?parent=31368"}],"wp:term":[{"taxonomy":"category","embeddable":true,"href":"http:\/\/blogdalucianaoliveira.com.br\/blog\/wp-json\/wp\/v2\/categories?post=31368"},{"taxonomy":"post_tag","embeddable":true,"href":"http:\/\/blogdalucianaoliveira.com.br\/blog\/wp-json\/wp\/v2\/tags?post=31368"}],"curies":[{"name":"wp","href":"https:\/\/api.w.org\/{rel}","templated":true}]}}