{"id":31370,"date":"2021-03-31T19:31:09","date_gmt":"2021-03-31T23:31:09","guid":{"rendered":"http:\/\/blogdalucianaoliveira.com.br\/blog\/?p=31370"},"modified":"2021-03-31T19:31:12","modified_gmt":"2021-03-31T23:31:12","slug":"rejeicao-a-bolsonaro-cresce-cinco-pontos-para-59-outros-53-reprovam-trabalho-do-governo","status":"publish","type":"post","link":"http:\/\/blogdalucianaoliveira.com.br\/blog\/2021\/03\/31\/rejeicao-a-bolsonaro-cresce-cinco-pontos-para-59-outros-53-reprovam-trabalho-do-governo\/","title":{"rendered":"Rejei\u00e7\u00e3o a Bolsonaro cresce cinco pontos, para 59%; outros 53% reprovam trabalho do governo"},"content":{"rendered":"\n<figure class=\"wp-block-image size-large\"><img loading=\"lazy\" decoding=\"async\" width=\"1250\" height=\"600\" data-attachment-id=\"31371\" data-permalink=\"http:\/\/blogdalucianaoliveira.com.br\/blog\/2021\/03\/31\/rejeicao-a-bolsonaro-cresce-cinco-pontos-para-59-outros-53-reprovam-trabalho-do-governo\/ab4ee224-2a7f-4881-997c-7721d51196f7\/\" data-orig-file=\"https:\/\/i0.wp.com\/blogdalucianaoliveira.com.br\/blog\/wp-content\/uploads\/2021\/03\/AB4EE224-2A7F-4881-997C-7721D51196F7.jpeg?fit=1250%2C600\" data-orig-size=\"1250,600\" data-comments-opened=\"0\" data-image-meta=\"{&quot;aperture&quot;:&quot;0&quot;,&quot;credit&quot;:&quot;&quot;,&quot;camera&quot;:&quot;&quot;,&quot;caption&quot;:&quot;&quot;,&quot;created_timestamp&quot;:&quot;0&quot;,&quot;copyright&quot;:&quot;&quot;,&quot;focal_length&quot;:&quot;0&quot;,&quot;iso&quot;:&quot;0&quot;,&quot;shutter_speed&quot;:&quot;0&quot;,&quot;title&quot;:&quot;&quot;,&quot;orientation&quot;:&quot;0&quot;}\" data-image-title=\"AB4EE224-2A7F-4881-997C-7721D51196F7\" data-image-description=\"\" data-image-caption=\"\" data-medium-file=\"https:\/\/i0.wp.com\/blogdalucianaoliveira.com.br\/blog\/wp-content\/uploads\/2021\/03\/AB4EE224-2A7F-4881-997C-7721D51196F7.jpeg?fit=300%2C144\" data-large-file=\"https:\/\/i0.wp.com\/blogdalucianaoliveira.com.br\/blog\/wp-content\/uploads\/2021\/03\/AB4EE224-2A7F-4881-997C-7721D51196F7.jpeg?fit=600%2C288\" src=\"https:\/\/i0.wp.com\/blogdalucianaoliveira.com.br\/blog\/wp-content\/uploads\/2021\/03\/AB4EE224-2A7F-4881-997C-7721D51196F7.jpeg?fit=600%2C288\" alt=\"\" class=\"wp-image-31371\" srcset=\"https:\/\/i0.wp.com\/blogdalucianaoliveira.com.br\/blog\/wp-content\/uploads\/2021\/03\/AB4EE224-2A7F-4881-997C-7721D51196F7.jpeg?w=1250 1250w, https:\/\/i0.wp.com\/blogdalucianaoliveira.com.br\/blog\/wp-content\/uploads\/2021\/03\/AB4EE224-2A7F-4881-997C-7721D51196F7.jpeg?resize=300%2C144 300w, https:\/\/i0.wp.com\/blogdalucianaoliveira.com.br\/blog\/wp-content\/uploads\/2021\/03\/AB4EE224-2A7F-4881-997C-7721D51196F7.jpeg?resize=1024%2C492 1024w, https:\/\/i0.wp.com\/blogdalucianaoliveira.com.br\/blog\/wp-content\/uploads\/2021\/03\/AB4EE224-2A7F-4881-997C-7721D51196F7.jpeg?resize=768%2C369 768w, https:\/\/i0.wp.com\/blogdalucianaoliveira.com.br\/blog\/wp-content\/uploads\/2021\/03\/AB4EE224-2A7F-4881-997C-7721D51196F7.jpeg?resize=625%2C300 625w, https:\/\/i0.wp.com\/blogdalucianaoliveira.com.br\/blog\/wp-content\/uploads\/2021\/03\/AB4EE224-2A7F-4881-997C-7721D51196F7.jpeg?w=1200 1200w\" sizes=\"auto, (max-width: 600px) 100vw, 600px\" \/><\/figure>\n\n\n\n<p><strong>247&nbsp;<\/strong>&#8211;&nbsp;<a href=\"https:\/\/www.poder360.com.br\/poderdata\/rejeicao-a-bolsonaro-segue-em-alta-mas-1-3-dos-eleitores-apoiam-o-presidente\/\">Nova pesquisa PoderData<\/a>&nbsp;divulgada na noite desta quarta-feira (31) e realizada entre segunda e quarta-feira com 3.500 pessoas revela crescimento na rejei\u00e7\u00e3o a Jair Bolsonaro e na reprova\u00e7\u00e3o ao trabalho do governo federal.&nbsp;<\/p>\n\n\n\n<!--more-->\n\n\n\n<p>O governo Bolsonaro \u00e9 hoje rejeitado por um recorde de 59% dos eleitores &#8211; um crescimento de cinco pontos, em compara\u00e7\u00e3o aos 54% da&nbsp;<a href=\"https:\/\/www.brasil247.com\/poder\/poderdata-confirma-pesquisa-forum-e-aponta-vitoria-de-lula-contra-bolsonaro\">pesquisa de duas semanas atr\u00e1s<\/a>. Essa \u00e9 a taxa mais alta registrada desde o in\u00edcio da pandemia por esse levantamento.<\/p>\n\n\n\n<p>A avalia\u00e7\u00e3o negativa do trabalho de Bolsonaro manteve-se est\u00e1vel, num n\u00edvel alto. A propor\u00e7\u00e3o dos que consideram a atual gest\u00e3o \u201cruim ou p\u00e9ssima\u201d passou de 52% para 53% (oscila\u00e7\u00e3o dentro da margem de erro) no per\u00edodo de 15 dias. Os que consideram o trabalho \u201cbom ou \u00f3timo\u201d somam 26% (ante 24% no levantamento anterior).<\/p>\n\n\n\n<p>Por outro lado, o percentual dos que seguem fi\u00e9is ao pol\u00edtico segue est\u00e1vel, na faixa de 1\/3 do eleitorado. Os que aprovam o governo Bolsonaro eram 32% h\u00e1 duas semanas e agora s\u00e3o 33%, o que indica estabilidade.<\/p>\n\n\n\n<p>O que explica o aumento na rejei\u00e7\u00e3o \u00e9 a redu\u00e7\u00e3o expressiva dos que dizem n\u00e3o saber responder, hoje em 8% &#8211; contra 14% h\u00e1 15 dias.<\/p>\n\n\n\n<p>A pesquisa foi feita em meio ao clima pol\u00edtico tenso no Pa\u00eds, quando\u00a0<a href=\"https:\/\/www.brasil247.com\/poder\/bolsonaro-confirma-mudancas-em-seis-ministerios\">foram demitidos seis ministros do governo<\/a>, entre eles o da\u00a0<a href=\"https:\/\/www.brasil247.com\/poder\/depois-de-ernesto-araujo-ministro-da-defesa-pede-demissao\">Defesa, Fernando Azevedo<\/a>, que culminou na\u00a0<a href=\"https:\/\/www.brasil247.com\/brasil\/braga-netto-demite-os-chefes-do-exercito-da-marinha-e-da-aeronautica\">demiss\u00e3o coletiva dos tr\u00eas chefes das For\u00e7as Armadas<\/a>\u00a0pela primeira vez na hist\u00f3ria do Brasil.<\/p>\n","protected":false},"excerpt":{"rendered":"<p>247&nbsp;&#8211;&nbsp;Nova pesquisa PoderData&nbsp;divulgada na noite desta quarta-feira (31) e realizada entre segunda e quarta-feira com 3.500 pessoas revela crescimento na rejei\u00e7\u00e3o a Jair Bolsonaro e na reprova\u00e7\u00e3o ao trabalho do governo federal.&nbsp;<\/p>\n","protected":false},"author":1,"featured_media":0,"comment_status":"closed","ping_status":"open","sticky":false,"template":"","format":"standard","meta":{"_exactmetrics_skip_tracking":false,"_exactmetrics_sitenote_active":false,"_exactmetrics_sitenote_note":"","_exactmetrics_sitenote_category":0,"jetpack_post_was_ever_published":false,"_jetpack_newsletter_access":"","_jetpack_dont_email_post_to_subs":false,"_jetpack_newsletter_tier_id":0,"_jetpack_memberships_contains_paywalled_content":false,"_jetpack_memberships_contains_paid_content":false,"footnotes":"","jetpack_publicize_message":"","jetpack_publicize_feature_enabled":true,"jetpack_social_post_already_shared":true,"jetpack_social_options":{"image_generator_settings":{"template":"highway","enabled":false},"version":2}},"categories":[1],"tags":[],"class_list":["post-31370","post","type-post","status-publish","format-standard","hentry","category-notas"],"jetpack_publicize_connections":[],"jetpack_sharing_enabled":true,"jetpack_featured_media_url":"","jetpack_shortlink":"https:\/\/wp.me\/p7wKYW-89Y","jetpack-related-posts":[],"_links":{"self":[{"href":"http:\/\/blogdalucianaoliveira.com.br\/blog\/wp-json\/wp\/v2\/posts\/31370","targetHints":{"allow":["GET"]}}],"collection":[{"href":"http:\/\/blogdalucianaoliveira.com.br\/blog\/wp-json\/wp\/v2\/posts"}],"about":[{"href":"http:\/\/blogdalucianaoliveira.com.br\/blog\/wp-json\/wp\/v2\/types\/post"}],"author":[{"embeddable":true,"href":"http:\/\/blogdalucianaoliveira.com.br\/blog\/wp-json\/wp\/v2\/users\/1"}],"replies":[{"embeddable":true,"href":"http:\/\/blogdalucianaoliveira.com.br\/blog\/wp-json\/wp\/v2\/comments?post=31370"}],"version-history":[{"count":1,"href":"http:\/\/blogdalucianaoliveira.com.br\/blog\/wp-json\/wp\/v2\/posts\/31370\/revisions"}],"predecessor-version":[{"id":31372,"href":"http:\/\/blogdalucianaoliveira.com.br\/blog\/wp-json\/wp\/v2\/posts\/31370\/revisions\/31372"}],"wp:attachment":[{"href":"http:\/\/blogdalucianaoliveira.com.br\/blog\/wp-json\/wp\/v2\/media?parent=31370"}],"wp:term":[{"taxonomy":"category","embeddable":true,"href":"http:\/\/blogdalucianaoliveira.com.br\/blog\/wp-json\/wp\/v2\/categories?post=31370"},{"taxonomy":"post_tag","embeddable":true,"href":"http:\/\/blogdalucianaoliveira.com.br\/blog\/wp-json\/wp\/v2\/tags?post=31370"}],"curies":[{"name":"wp","href":"https:\/\/api.w.org\/{rel}","templated":true}]}}