{"id":31374,"date":"2021-03-31T22:05:18","date_gmt":"2021-04-01T02:05:18","guid":{"rendered":"http:\/\/blogdalucianaoliveira.com.br\/blog\/?p=31374"},"modified":"2021-03-31T22:05:20","modified_gmt":"2021-04-01T02:05:20","slug":"pm-de-rondonia-impoe-cerco-que-impede-atendimento-medico-a-assentados-de-corumbiara-e-chupinguaia","status":"publish","type":"post","link":"http:\/\/blogdalucianaoliveira.com.br\/blog\/2021\/03\/31\/pm-de-rondonia-impoe-cerco-que-impede-atendimento-medico-a-assentados-de-corumbiara-e-chupinguaia\/","title":{"rendered":"PM DE ROND\u00d4NIA IMP\u00d5E CERCO QUE IMPEDE ATENDIMENTO M\u00c9DICO A ASSENTADOS DE CORUMBIARA E CHUPINGUAIA"},"content":{"rendered":"\n<figure class=\"wp-block-image size-large\"><img data-recalc-dims=\"1\" loading=\"lazy\" decoding=\"async\" width=\"600\" height=\"719\" data-attachment-id=\"31375\" data-permalink=\"http:\/\/blogdalucianaoliveira.com.br\/blog\/2021\/03\/31\/pm-de-rondonia-impoe-cerco-que-impede-atendimento-medico-a-assentados-de-corumbiara-e-chupinguaia\/50d4d9fb-203f-40b7-992a-2b62c4868a21\/\" data-orig-file=\"https:\/\/i0.wp.com\/blogdalucianaoliveira.com.br\/blog\/wp-content\/uploads\/2021\/03\/50D4D9FB-203F-40B7-992A-2B62C4868A21.jpeg?fit=708%2C849\" data-orig-size=\"708,849\" data-comments-opened=\"0\" data-image-meta=\"{&quot;aperture&quot;:&quot;0&quot;,&quot;credit&quot;:&quot;&quot;,&quot;camera&quot;:&quot;&quot;,&quot;caption&quot;:&quot;&quot;,&quot;created_timestamp&quot;:&quot;0&quot;,&quot;copyright&quot;:&quot;&quot;,&quot;focal_length&quot;:&quot;0&quot;,&quot;iso&quot;:&quot;0&quot;,&quot;shutter_speed&quot;:&quot;0&quot;,&quot;title&quot;:&quot;&quot;,&quot;orientation&quot;:&quot;1&quot;}\" data-image-title=\"50D4D9FB-203F-40B7-992A-2B62C4868A21\" data-image-description=\"\" data-image-caption=\"\" data-medium-file=\"https:\/\/i0.wp.com\/blogdalucianaoliveira.com.br\/blog\/wp-content\/uploads\/2021\/03\/50D4D9FB-203F-40B7-992A-2B62C4868A21.jpeg?fit=250%2C300\" data-large-file=\"https:\/\/i0.wp.com\/blogdalucianaoliveira.com.br\/blog\/wp-content\/uploads\/2021\/03\/50D4D9FB-203F-40B7-992A-2B62C4868A21.jpeg?fit=600%2C719\" src=\"https:\/\/i0.wp.com\/blogdalucianaoliveira.com.br\/blog\/wp-content\/uploads\/2021\/03\/50D4D9FB-203F-40B7-992A-2B62C4868A21.jpeg?resize=600%2C719\" alt=\"\" class=\"wp-image-31375\" srcset=\"https:\/\/i0.wp.com\/blogdalucianaoliveira.com.br\/blog\/wp-content\/uploads\/2021\/03\/50D4D9FB-203F-40B7-992A-2B62C4868A21.jpeg?w=708 708w, https:\/\/i0.wp.com\/blogdalucianaoliveira.com.br\/blog\/wp-content\/uploads\/2021\/03\/50D4D9FB-203F-40B7-992A-2B62C4868A21.jpeg?resize=250%2C300 250w\" sizes=\"auto, (max-width: 600px) 100vw, 600px\" \/><\/figure>\n\n\n\n<p><strong>Coletivo Investigativo de Rond\u00f4nia<\/strong>&#8211; Em \u00e1udio enviado \u00e0s fam\u00edlias dos diversos assentamentos dos munic\u00edpios de Corumbiara e Chupinguaia, profissionais da sa\u00fade anunciaram a suspens\u00e3o de atendimento m\u00e9dico por imposi\u00e7\u00e3o do comando da PM de Rond\u00f4nia. Na regi\u00e3o, ap\u00f3s a pris\u00e3o de policiais militares que realizavam trabalho de pistolagem na fazenda N. S. Aparecida (<em>que \u00e9 parte do antigo complexo da Fazenda Santa Elina, palco do conflito agr\u00e1rio de 1995<\/em>)<\/p>\n\n\n\n<!--more-->\n\n\n\n<p>O comando da PM pressionou as secretarias de sa\u00fade locais para que impedissem que os atendimentos m\u00e9dicos previstos para esta semana fossem suspensos. Al\u00e9m do terror praticado contra as \u00e1reas camponesas vizinhas ao latif\u00fandio N. S. Aparecida, tem ocorrido pris\u00f5es arbitr\u00e1rias, intimida\u00e7\u00f5es e incurs\u00f5es em lotes sem qualquer mandado judicial, evidenciando que o trabalho velado de pistolagem foi substitu\u00eddo pela a\u00e7\u00e3o estatal oficial em favor de latifundi\u00e1rios grileiros de terras. Diversas fam\u00edlias da regi\u00e3o denunciam abordagens intimidat\u00f3rias, n\u00famero excessivo de viaturas e voos rasantes de helic\u00f3pteros e avi\u00f5es de pequeno porte.<\/p>\n\n\n\n<p>\u00c9 de conhecimento da popula\u00e7\u00e3o local que as \u00e1reas camponesas Z\u00e9 Bent\u00e3o, Alzira Monteiro, Renato Nathan, Alberico Carvalho, Maranat\u00e1, Maranat\u00e1 2 mudaram a din\u00e2mica econ\u00f4mica dos munic\u00edpios vizinhos com suas mais de 600 fam\u00edlias que vivem e produzem em seus lotes e que em sua maioria n\u00e3o tem qualquer assist\u00eancia t\u00e9cnica e viabiliza\u00e7\u00e3o da sua produ\u00e7\u00e3o. As fam\u00edlias s\u00f3 conseguiram acesso \u00e0 terra ap\u00f3s a ocupa\u00e7\u00e3o dirigida pela Liga dos Camponeses Pobres em 2008 e 2010 e exigiram que as terras fossem divididas por se tratar de d\u00edvida hist\u00f3rica com as fam\u00edlias que lutaram no conflito de 1995.<\/p>\n\n\n\n<p>A maioria dos latif\u00fandios de Rond\u00f4nia tem como \u00fanicos documentos os chamados Contratos de Aliena\u00e7\u00e3o de Terras P\u00fablicas \u2013 CATPs, n\u00e3o possuindo t\u00edtulo definitivo pois n\u00e3o cumpriram as cl\u00e1usulas resolutivas previstas. Portanto s\u00e3o terras p\u00fablicas que n\u00e3o cumpriram sua fun\u00e7\u00e3o social, sendo utilizadas para especula\u00e7\u00e3o de latifundi\u00e1rios que em sua maioria nem residem na regi\u00e3o.<\/p>\n\n\n\n<div class=\"wp-block-image\"><figure class=\"alignleft\"><a href=\"https:\/\/maisro.com.br\/pm-de-rondonia-impoe-cerco-que-impede-atendimento-medico-a-assentados-de-corumbiara-e-chupinguaia\/secretario-pacha-visita-fazendeiro\/\"><img data-recalc-dims=\"1\" decoding=\"async\" src=\"https:\/\/i0.wp.com\/maisro.com.br\/wp-content\/uploads\/2021\/03\/Secretario-Pacha-visita-fazendeiro.jpeg?w=600&#038;ssl=1\" alt=\"\" class=\"wp-image-113126\"\/><\/a><\/figure><\/div>\n\n\n\n<p>Diversas organiza\u00e7\u00f5es sociais t\u00eam apelado junto ao Minist\u00e9rio P\u00fablico Federal e a Organismos de Direitos Humanos nacionais e internacionais para uma visita&nbsp;<em>in loco<\/em>&nbsp;para averiguar eventuais atos de viol\u00eancia indiscriminada praticados por policiais militares, uma vez que Cysneiro Pach\u00e1 acusado de in\u00fameras atrocidades em 1995, \u00e9 o atual secret\u00e1rio de seguran\u00e7a p\u00fablica de Rond\u00f4nia e est\u00e1 pessoalmente empenhado numa mega opera\u00e7\u00e3o na \u00e1rea de conflito (Relembre o caso em:&nbsp;<a href=\"https:\/\/www1.folha.uol.com.br\/fsp\/brasil\/fc0409200002.htm\" target=\"_blank\" rel=\"noreferrer noopener\">https:\/\/www1.folha.uol.com.br\/fsp\/brasil\/fc0409200002.htm<\/a>). Segundo Pach\u00e1, em mat\u00e9ria divulgada pela assessoria da Secretaria de Seguran\u00e7a P\u00fablica, uma opera\u00e7\u00e3o \u201c<em>cumpriu pedidos de pris\u00e3o no local de conflito decorrente de investiga\u00e7\u00e3o do Minist\u00e9rio P\u00fablico sobre armamento clandestino. Foram apreendidas 11 armas de fogo e detidas 11 pessoas<\/em>\u201c, mas n\u00e3o divulgou que entre os presos, havia policiais que trabalhavam como \u201cseguran\u00e7as\u201d da fazenda. Uma equipe de jornalistas e correspondentes da imprensa nacional j\u00e1 se deslocou para a sede do munic\u00edpio de Chupinguaia e acompanha a movimenta\u00e7\u00e3o policial.<\/p>\n\n\n\n<p><\/p>\n","protected":false},"excerpt":{"rendered":"<p>Coletivo Investigativo de Rond\u00f4nia&#8211; Em \u00e1udio enviado \u00e0s fam\u00edlias dos diversos assentamentos dos munic\u00edpios de Corumbiara e Chupinguaia, profissionais da sa\u00fade anunciaram a suspens\u00e3o de atendimento m\u00e9dico por imposi\u00e7\u00e3o do comando da PM de Rond\u00f4nia. Na regi\u00e3o, ap\u00f3s a pris\u00e3o de policiais militares que realizavam trabalho de pistolagem na fazenda N. S. Aparecida (que \u00e9&#8230;<a class=\"more-link\" href=\"http:\/\/blogdalucianaoliveira.com.br\/blog\/2021\/03\/31\/pm-de-rondonia-impoe-cerco-que-impede-atendimento-medico-a-assentados-de-corumbiara-e-chupinguaia\/\">Continue a leitura <span class=\"meta-nav\">&raquo;<\/span><\/a><\/p>\n","protected":false},"author":1,"featured_media":0,"comment_status":"closed","ping_status":"open","sticky":false,"template":"","format":"standard","meta":{"_exactmetrics_skip_tracking":false,"_exactmetrics_sitenote_active":false,"_exactmetrics_sitenote_note":"","_exactmetrics_sitenote_category":0,"jetpack_post_was_ever_published":false,"_jetpack_newsletter_access":"","_jetpack_dont_email_post_to_subs":false,"_jetpack_newsletter_tier_id":0,"_jetpack_memberships_contains_paywalled_content":false,"_jetpack_memberships_contains_paid_content":false,"footnotes":"","jetpack_publicize_message":"","jetpack_publicize_feature_enabled":true,"jetpack_social_post_already_shared":true,"jetpack_social_options":{"image_generator_settings":{"template":"highway","enabled":false},"version":2}},"categories":[1],"tags":[455],"class_list":["post-31374","post","type-post","status-publish","format-standard","hentry","category-notas","tag-cerco"],"jetpack_publicize_connections":[],"jetpack_sharing_enabled":true,"jetpack_featured_media_url":"","jetpack_shortlink":"https:\/\/wp.me\/p7wKYW-8a2","jetpack-related-posts":[],"_links":{"self":[{"href":"http:\/\/blogdalucianaoliveira.com.br\/blog\/wp-json\/wp\/v2\/posts\/31374","targetHints":{"allow":["GET"]}}],"collection":[{"href":"http:\/\/blogdalucianaoliveira.com.br\/blog\/wp-json\/wp\/v2\/posts"}],"about":[{"href":"http:\/\/blogdalucianaoliveira.com.br\/blog\/wp-json\/wp\/v2\/types\/post"}],"author":[{"embeddable":true,"href":"http:\/\/blogdalucianaoliveira.com.br\/blog\/wp-json\/wp\/v2\/users\/1"}],"replies":[{"embeddable":true,"href":"http:\/\/blogdalucianaoliveira.com.br\/blog\/wp-json\/wp\/v2\/comments?post=31374"}],"version-history":[{"count":1,"href":"http:\/\/blogdalucianaoliveira.com.br\/blog\/wp-json\/wp\/v2\/posts\/31374\/revisions"}],"predecessor-version":[{"id":31376,"href":"http:\/\/blogdalucianaoliveira.com.br\/blog\/wp-json\/wp\/v2\/posts\/31374\/revisions\/31376"}],"wp:attachment":[{"href":"http:\/\/blogdalucianaoliveira.com.br\/blog\/wp-json\/wp\/v2\/media?parent=31374"}],"wp:term":[{"taxonomy":"category","embeddable":true,"href":"http:\/\/blogdalucianaoliveira.com.br\/blog\/wp-json\/wp\/v2\/categories?post=31374"},{"taxonomy":"post_tag","embeddable":true,"href":"http:\/\/blogdalucianaoliveira.com.br\/blog\/wp-json\/wp\/v2\/tags?post=31374"}],"curies":[{"name":"wp","href":"https:\/\/api.w.org\/{rel}","templated":true}]}}