{"id":31377,"date":"2021-04-01T09:12:11","date_gmt":"2021-04-01T13:12:11","guid":{"rendered":"http:\/\/blogdalucianaoliveira.com.br\/blog\/?p=31377"},"modified":"2021-04-01T09:12:13","modified_gmt":"2021-04-01T13:12:13","slug":"com-bolsonaro-1o-de-abril-e-todo-dia-presidente-diz-3-mentiras-por-dia-de-mandato","status":"publish","type":"post","link":"http:\/\/blogdalucianaoliveira.com.br\/blog\/2021\/04\/01\/com-bolsonaro-1o-de-abril-e-todo-dia-presidente-diz-3-mentiras-por-dia-de-mandato\/","title":{"rendered":"Com Bolsonaro, 1\u00ba de abril \u00e9 todo dia; presidente diz 3 mentiras por dia de mandato"},"content":{"rendered":"\n<figure class=\"wp-block-image size-large\"><img data-recalc-dims=\"1\" loading=\"lazy\" decoding=\"async\" width=\"600\" height=\"400\" data-attachment-id=\"31378\" data-permalink=\"http:\/\/blogdalucianaoliveira.com.br\/blog\/2021\/04\/01\/com-bolsonaro-1o-de-abril-e-todo-dia-presidente-diz-3-mentiras-por-dia-de-mandato\/brazil-politics-crisis-bolsonaro\/\" data-orig-file=\"https:\/\/i0.wp.com\/blogdalucianaoliveira.com.br\/blog\/wp-content\/uploads\/2021\/04\/E36905FA-7F0E-4CC5-9B4E-FC9040DCDA10.jpeg?fit=800%2C533\" data-orig-size=\"800,533\" data-comments-opened=\"0\" data-image-meta=\"{&quot;aperture&quot;:&quot;0&quot;,&quot;credit&quot;:&quot;AFP&quot;,&quot;camera&quot;:&quot;&quot;,&quot;caption&quot;:&quot;Brazilian President Jair Bolsonaro delivers a statement to members of the media on the resumption of emergency aid payments to the population most affected by the COVID-19 pandemic in the country, at Planalto palace in Brasilia, on March 31, 2021. - President Jair Bolsonaro will replace all three commanders of Brazil&#039;s armed forces, his government said Tuesday, the latest upheaval in Brasilia as the far-right leader braces against mounting criticism over an explosion of Covid-19 deaths. (Photo by EVARISTO SA \\\/ AFP)&quot;,&quot;created_timestamp&quot;:&quot;1617197824&quot;,&quot;copyright&quot;:&quot;AFP or licensors&quot;,&quot;focal_length&quot;:&quot;0&quot;,&quot;iso&quot;:&quot;0&quot;,&quot;shutter_speed&quot;:&quot;0&quot;,&quot;title&quot;:&quot;BRAZIL-POLITICS-CRISIS-BOLSONARO&quot;,&quot;orientation&quot;:&quot;0&quot;}\" data-image-title=\"BRAZIL-POLITICS-CRISIS-BOLSONARO\" data-image-description=\"\" data-image-caption=\"&lt;p&gt;Brazilian President Jair Bolsonaro delivers a statement to members of the media on the resumption of emergency aid payments to the population most affected by the COVID-19 pandemic in the country, at Planalto palace in Brasilia, on March 31, 2021. &amp;#8211; President Jair Bolsonaro will replace all three commanders of Brazil&amp;#8217;s armed forces, his government said Tuesday, the latest upheaval in Brasilia as the far-right leader braces against mounting criticism over an explosion of Covid-19 deaths. (Photo by EVARISTO SA \/ AFP)&lt;\/p&gt;\n\" data-medium-file=\"https:\/\/i0.wp.com\/blogdalucianaoliveira.com.br\/blog\/wp-content\/uploads\/2021\/04\/E36905FA-7F0E-4CC5-9B4E-FC9040DCDA10.jpeg?fit=300%2C200\" data-large-file=\"https:\/\/i0.wp.com\/blogdalucianaoliveira.com.br\/blog\/wp-content\/uploads\/2021\/04\/E36905FA-7F0E-4CC5-9B4E-FC9040DCDA10.jpeg?fit=600%2C400\" src=\"https:\/\/i0.wp.com\/blogdalucianaoliveira.com.br\/blog\/wp-content\/uploads\/2021\/04\/E36905FA-7F0E-4CC5-9B4E-FC9040DCDA10.jpeg?resize=600%2C400\" alt=\"\" class=\"wp-image-31378\" srcset=\"https:\/\/i0.wp.com\/blogdalucianaoliveira.com.br\/blog\/wp-content\/uploads\/2021\/04\/E36905FA-7F0E-4CC5-9B4E-FC9040DCDA10.jpeg?w=800 800w, https:\/\/i0.wp.com\/blogdalucianaoliveira.com.br\/blog\/wp-content\/uploads\/2021\/04\/E36905FA-7F0E-4CC5-9B4E-FC9040DCDA10.jpeg?resize=300%2C200 300w, https:\/\/i0.wp.com\/blogdalucianaoliveira.com.br\/blog\/wp-content\/uploads\/2021\/04\/E36905FA-7F0E-4CC5-9B4E-FC9040DCDA10.jpeg?resize=768%2C512 768w, https:\/\/i0.wp.com\/blogdalucianaoliveira.com.br\/blog\/wp-content\/uploads\/2021\/04\/E36905FA-7F0E-4CC5-9B4E-FC9040DCDA10.jpeg?resize=450%2C300 450w\" sizes=\"auto, (max-width: 600px) 100vw, 600px\" \/><\/figure>\n\n\n\n<h4 class=\"wp-block-heading\">Levantamento mostra que presidente n\u00e3o se constrange em mentir; em 820 dias de governo, foram 2.662 declara\u00e7\u00f5es falsas<\/h4>\n\n\n\n<!--more-->\n\n\n\n<p>Igor Carvalho &#8211; Brasil de Fato | S\u00e3o Paulo\u00a0<\/p>\n\n\n\n<p>Desde que assumiu, em 1 de janeiro de 2019, o presidente Jair Bolsonaro (sem partido) j\u00e1 mentiu 2.662 vezes, uma m\u00e9dia de 3,2 declara\u00e7\u00f5es falsas por dia de mandato.&nbsp;Os dados s\u00e3o de um&nbsp;<a href=\"https:\/\/www.aosfatos.org\/todas-as-declara%C3%A7%C3%B5es-de-bolsonaro\/\" target=\"_blank\" rel=\"noreferrer noopener\">levantamento realizado pelo site Aos Fatos<\/a>.<\/p>\n\n\n\n<p>De acordo com o compilado, janeiro de 2021 foi o m\u00eas em que o presidente mais mentiu durante seu governo: foram 218 declara\u00e7\u00f5es falsas, contra 205 proferidas em maio de 2020, que vem logo atr\u00e1s.<\/p>\n\n\n\n<p>A mentira preferida e mais repetida de Bolsonaro \u00e9 de que o Supremo Tribunal Federal (STF) eximiu a Presid\u00eancia da Rep\u00fablica de tomar medidas contra o coronav\u00edrus. Ao todo, o presidente repetiu essa afirma\u00e7\u00e3o falsa por 87 vezes, desde 9 de abril de 2020.<\/p>\n\n\n\n<p>O&nbsp;<strong>Brasil de Fato<\/strong>&nbsp;recuperou outras cinco mentiras contadas por Jair Bolsonaro durante o exerc\u00edcio da Presid\u00eancia da Rep\u00fablica.<\/p>\n\n\n\n<p><strong>22 de setembro de 2020<\/strong><\/p>\n\n\n\n<p>Em discurso na Organiza\u00e7\u00e3o das Na\u00e7\u00f5es Unidas (ONU), Bolsonaro elogiou o programa brasileiro de transfer\u00eancia de renda durante a pandemia. \u201cConcedemos o aux\u00edlio emergencial em parcelas que somam aproximadamente mil d\u00f3lares para 65 milh\u00f5es de pessoas, o maior programa de assist\u00eancia aos mais pobres no Brasil e talvez um dos maiores do mundo\u201d.<\/p>\n\n\n\n<p>Era mentira. Somadas, as quatro parcelas de R$ 600,00&nbsp;do aux\u00edlio emergencial chegam a R$ 4,2 mil. \u00c0 \u00e9poca, mil d\u00f3lares correspondia a R$ 5,4 mil.<\/p>\n\n\n\n<p><strong>13 de abril de 2020<\/strong><\/p>\n\n\n\n<p>O mundo completava um m\u00eas de pandemia do coronav\u00edrus e Jair Bolsonaro foi \u00e0s redes sociais para transmitir uma mensagem de P\u00e1scoa aos brasileiros. No v\u00eddeo, ousou dizer, contrariando todos os progn\u00f3sticos, mesmo os mais otimistas, que o v\u00edrus estaria \u201cdesaparecendo\u201d.<\/p>\n\n\n\n<p>Era mentira. Dez meses ap\u00f3s a afirma\u00e7\u00e3o de Bolsonaro, o Brasil segue sob os efeitos da pandemia. Ao todo,&nbsp;<a href=\"https:\/\/www.brasildefato.com.br\/2021\/03\/31\/covid-3-869-mortos-e-90-6-mil-novos-casos-no-dia-mais-letal-da-pandemia-no-brasil\" target=\"_blank\" rel=\"noreferrer noopener\">321,5&nbsp;mil brasileiros j\u00e1 morreram em decorr\u00eancia da doen\u00e7a<\/a>, sendo 66,8&nbsp;mil mortes apenas em mar\u00e7o de 2021, o m\u00eas mais letal do novo coronav\u00edrus no pa\u00eds, que soma 12,7 milh\u00f5es de contaminados.<\/p>\n\n\n\n<p><strong>23 de novembro de 2020<\/strong><\/p>\n\n\n\n<p>Um dos alvos preferidos de Bolsonaro, os ind\u00edgenas s\u00e3o constantemente afetados pelas mentiras do presidente. Em conversa com seus seguidores, em frente ao Pal\u00e1cio do Alvorada, o mandat\u00e1rio tentou defender o interesse do agroneg\u00f3cio em terras ind\u00edgenas, mais precisamente no territ\u00f3rio do povo Yanomami, em Roraima.<\/p>\n\n\n\n<p>\u201cTem mais ou menos, ningu\u00e9m pode comprovar, s\u00e3o 10 mil \u00edndios. Algu\u00e9m sabe o tamanho da reserva Yanomami comparando com outros Estados? \u00c9 duas vezes (sic) o tamanho do Estado do Rio de Janeiro. Justifica isso?\u201d.<\/p>\n\n\n\n<p>Era mentira. Dados da Secretaria Especial de Sa\u00fade Ind\u00edgena (Sesai), produzidos em 2017, mostram que existem 25.486 yanomamis no territ\u00f3rio. De acordo com o Censo 2010, eram 25.719. Um erro 180%.<\/p>\n\n\n\n<p><strong>5 de setembro de 2020<\/strong><\/p>\n\n\n\n<p>No Dia da Amaz\u00f4nia, o presidente brasileiro recorreu, novamente, \u00e0s redes sociais para transmitir sua mensagem ao povo. Durante o breve discurso, afirmou que a \u201ca Amaz\u00f4nia \u00e9 nossa e n\u00f3s vamos desenvolv\u00ea-la, afinal de contas l\u00e1 existem 20 milh\u00f5es de brasileiros que n\u00e3o podem ficar desamparados\u201d. Ladeado pelo ministro do Meio Ambiente, Ricardo Salles, e o deputado estadual Frederico D\u2019avilla (PSL-SP), Bolsonaro emendou:<\/p>\n\n\n\n<p>\u201cO Brasil \u00e9 o pa\u00eds que mais preserva o meio ambiente.\u201d<br><br>Era mentira. De acordo com o Banco Mundial, o Brasil \u00e9 o 30\u00ba pa\u00eds que mais preserva o meio ambiente. Segundo a Global Forest Watch, os brasileiros s\u00e3o respons\u00e1veis por um ter\u00e7o do desflorestamento mundial em 2020, ano da declara\u00e7\u00e3o falsa de Bolsonaro.<\/p>\n\n\n\n<p><strong>24 de mar\u00e7o de 2021<\/strong><\/p>\n\n\n\n<p>Sem qualquer constrangimento, Bolsonaro usou a cadeia nacional de r\u00e1dio e TV&nbsp;para falar \u00e0 popula\u00e7\u00e3o sobre o avan\u00e7o da pandemia no pa\u00eds, pressionado&nbsp;principalmente pelas&nbsp;<a href=\"https:\/\/www.brasildefato.com.br\/2021\/03\/10\/leia-a-integra-do-primeiro-discurso-de-lula-apos-anulacao-de-condenacoes-da-lava-jato\" target=\"_blank\" rel=\"noreferrer noopener\">declara\u00e7\u00f5es do ex-presidente Luiz In\u00e1cio Lula da Silva<\/a>, que pediu por vacina\u00e7\u00e3o e atacou o presidente e os negacionistas.<br><br>Durante o discurso, Bolsonaro garantiu: \u201cSomos o quinto pa\u00eds que mais vacinou no mundo. Temos mais de 14 milh\u00f5es de vacinados e mais de 32 milh\u00f5es de doses de vacina distribu\u00eddas para todos os estados da Federa\u00e7\u00e3o\u201d.<\/p>\n\n\n\n<p>Era mentira. No dia do discurso de Bolsonaro, o Brasil era o 5\u00ba pa\u00eds que mais havia vacinado em n\u00fameros absolutos, de acordo com a ferramenta Our World in Data, da Universidade de Oxford. Proporcionalmente, ou seja, calculando o n\u00famero de vacinas para cada grupo de 100 mil habitantes, os brasileiros estavam na 73\u00aa posi\u00e7\u00e3o.<\/p>\n\n\n\n<p>Edi\u00e7\u00e3o: Poliana Dallabrida<\/p>\n","protected":false},"excerpt":{"rendered":"<p>Levantamento mostra que presidente n\u00e3o se constrange em mentir; em 820 dias de governo, foram 2.662 declara\u00e7\u00f5es falsas<\/p>\n","protected":false},"author":1,"featured_media":0,"comment_status":"closed","ping_status":"open","sticky":false,"template":"","format":"standard","meta":{"_exactmetrics_skip_tracking":false,"_exactmetrics_sitenote_active":false,"_exactmetrics_sitenote_note":"","_exactmetrics_sitenote_category":0,"jetpack_post_was_ever_published":false,"_jetpack_newsletter_access":"","_jetpack_dont_email_post_to_subs":false,"_jetpack_newsletter_tier_id":0,"_jetpack_memberships_contains_paywalled_content":false,"_jetpack_memberships_contains_paid_content":false,"footnotes":"","jetpack_publicize_message":"","jetpack_publicize_feature_enabled":true,"jetpack_social_post_already_shared":true,"jetpack_social_options":{"image_generator_settings":{"template":"highway","enabled":false},"version":2}},"categories":[1],"tags":[457],"class_list":["post-31377","post","type-post","status-publish","format-standard","hentry","category-notas","tag-dia-da-mentira"],"jetpack_publicize_connections":[],"jetpack_sharing_enabled":true,"jetpack_featured_media_url":"","jetpack_shortlink":"https:\/\/wp.me\/p7wKYW-8a5","jetpack-related-posts":[],"_links":{"self":[{"href":"http:\/\/blogdalucianaoliveira.com.br\/blog\/wp-json\/wp\/v2\/posts\/31377","targetHints":{"allow":["GET"]}}],"collection":[{"href":"http:\/\/blogdalucianaoliveira.com.br\/blog\/wp-json\/wp\/v2\/posts"}],"about":[{"href":"http:\/\/blogdalucianaoliveira.com.br\/blog\/wp-json\/wp\/v2\/types\/post"}],"author":[{"embeddable":true,"href":"http:\/\/blogdalucianaoliveira.com.br\/blog\/wp-json\/wp\/v2\/users\/1"}],"replies":[{"embeddable":true,"href":"http:\/\/blogdalucianaoliveira.com.br\/blog\/wp-json\/wp\/v2\/comments?post=31377"}],"version-history":[{"count":1,"href":"http:\/\/blogdalucianaoliveira.com.br\/blog\/wp-json\/wp\/v2\/posts\/31377\/revisions"}],"predecessor-version":[{"id":31379,"href":"http:\/\/blogdalucianaoliveira.com.br\/blog\/wp-json\/wp\/v2\/posts\/31377\/revisions\/31379"}],"wp:attachment":[{"href":"http:\/\/blogdalucianaoliveira.com.br\/blog\/wp-json\/wp\/v2\/media?parent=31377"}],"wp:term":[{"taxonomy":"category","embeddable":true,"href":"http:\/\/blogdalucianaoliveira.com.br\/blog\/wp-json\/wp\/v2\/categories?post=31377"},{"taxonomy":"post_tag","embeddable":true,"href":"http:\/\/blogdalucianaoliveira.com.br\/blog\/wp-json\/wp\/v2\/tags?post=31377"}],"curies":[{"name":"wp","href":"https:\/\/api.w.org\/{rel}","templated":true}]}}